{"id":6532,"date":"2014-04-17T10:08:10","date_gmt":"2014-04-17T10:08:10","guid":{"rendered":"http:\/\/www.ingeta.com\/?p=6532"},"modified":"2014-04-17T10:08:10","modified_gmt":"2014-04-17T10:08:10","slug":"conference-lenseignement-des-langues-africaines-dans-la-mondialisation-3-mai-2014-a-montreal-canada","status":"publish","type":"post","link":"https:\/\/congolobilelo.com\/IN\/conference-lenseignement-des-langues-africaines-dans-la-mondialisation-3-mai-2014-a-montreal-canada\/","title":{"rendered":"Conf\u00e9rence &#8211; L\u2019enseignement des langues africaines dans la mondialisation. &#8211; 3 mai 2014 \u00e0 Montr\u00e9al, Canada"},"content":{"rendered":"<p>\t\t\t\tL\u2019Ecole Ela Jambo vous invite \u00e0 la conf\u00e9rence :<\/p>\n<h3>L\u2019enseignement des langues africaines dans un contexte de mondialisation : est-ce encore possible ?<\/h3>\n<p><strong><a href=\"http:\/\/www.ingeta.com\/wp-content\/uploads\/2014\/04\/Conf-languesafricaines.jpg\"><img loading=\"lazy\" decoding=\"async\" class=\"alignleft size-medium wp-image-6533\" alt=\"Conf-languesafricaines\" src=\"http:\/\/www.ingeta.com\/wp-content\/uploads\/2014\/04\/Conf-languesafricaines-205x300.jpg\" width=\"205\" height=\"300\" \/><\/a>Date et heures:<\/strong><br \/>\nLe samedi 3 mai 2014, de 13 \u00e0 16h<\/p>\n<p><strong>Lieu :<\/strong><br \/>\nCentre Afrika<br \/>\n1644, rue saint-Hubert, Montr\u00e9al, Qu\u00e9bec, H2L 3Z3<\/p>\n<p><strong>Message de l&#8217;organisateur:<\/strong><br \/>\n\u00ab On ne peut savoir o\u00f9 on va sans savoir d&#8217;o\u00f9 on vient. On ne peut non plus n&#8217;\u00eatre centr\u00e9 que sur sa propre culture dans ce Monde qui est devenu un grand Village. C&#8217;est pour cela que vous \u00eates tous inviter \u00e0 une conf\u00e9rence-d\u00e9bat sur les langues Africaines, leurs enseignements dans un contexte de Mondialisation et leurs places dans l&#8217;identit\u00e9 d&#8217;un individu. Cette conf\u00e9rence commencera par un conte d&#8217;une artiste de talent; la conteuse Gis\u00e8le Ndong Biyogo. Ensuite, suivra 3 conf\u00e9renciers; Guy-Serge Luboya (Directeur de ELA JAMBO), Laurentine Mefire (anthropologue) et Gaston Nanfah (Enseignant de Yemba), le tout anim\u00e9 par la journaliste Anda Busaki. \u00bb<\/p>\n<p>L&#8217;entr\u00e9 est gratuite et un cocktail aux saveurs Africaines sera servi.<br \/>\n&#8212;-<br \/>\n<strong>Plus d\u2019informations :<\/strong><br \/>\n<a href=\"https:\/\/www.facebook.com\/ELAMONTREAL\">https:\/\/www.facebook.com\/ELAMONTREAL<\/a>\t\t<\/p>\n","protected":false},"excerpt":{"rendered":"<p>L\u2019Ecole Ela Jambo vous invite \u00e0 la conf\u00e9rence : L\u2019enseignement des langues africaines dans un contexte de mondialisation : est-ce encore possible ? Date et heures: Le samedi 3 mai 2014, de 13 \u00e0 16h Lieu : Centre Afrika 1644, rue saint-Hubert, Montr\u00e9al, Qu\u00e9bec, H2L 3Z3 Message de l&#8217;organisateur: \u00ab On ne peut savoir o\u00f9 [&hellip;]<\/p>\n","protected":false},"author":1,"featured_media":6533,"comment_status":"open","ping_status":"open","sticky":false,"template":"","format":"standard","meta":{"_acf_changed":false,"content-type":"","footnotes":""},"categories":[141,145,151,120,127],"tags":[],"class_list":["post-6532","post","type-post","status-publish","format-standard","has-post-thumbnail","hentry","category-canada","category-conferences-salons","category-education","category-mondialisation","category-rencontresdebats"],"acf":[],"_links":{"self":[{"href":"https:\/\/congolobilelo.com\/IN\/wp-json\/wp\/v2\/posts\/6532","targetHints":{"allow":["GET"]}}],"collection":[{"href":"https:\/\/congolobilelo.com\/IN\/wp-json\/wp\/v2\/posts"}],"about":[{"href":"https:\/\/congolobilelo.com\/IN\/wp-json\/wp\/v2\/types\/post"}],"author":[{"embeddable":true,"href":"https:\/\/congolobilelo.com\/IN\/wp-json\/wp\/v2\/users\/1"}],"replies":[{"embeddable":true,"href":"https:\/\/congolobilelo.com\/IN\/wp-json\/wp\/v2\/comments?post=6532"}],"version-history":[{"count":0,"href":"https:\/\/congolobilelo.com\/IN\/wp-json\/wp\/v2\/posts\/6532\/revisions"}],"wp:featuredmedia":[{"embeddable":true,"href":"https:\/\/congolobilelo.com\/IN\/wp-json\/"}],"wp:attachment":[{"href":"https:\/\/congolobilelo.com\/IN\/wp-json\/wp\/v2\/media?parent=6532"}],"wp:term":[{"taxonomy":"category","embeddable":true,"href":"https:\/\/congolobilelo.com\/IN\/wp-json\/wp\/v2\/categories?post=6532"},{"taxonomy":"post_tag","embeddable":true,"href":"https:\/\/congolobilelo.com\/IN\/wp-json\/wp\/v2\/tags?post=6532"}],"curies":[{"name":"wp","href":"https:\/\/api.w.org\/{rel}","templated":true}]}}