{"id":6525,"date":"2014-04-15T21:12:44","date_gmt":"2014-04-15T21:12:44","guid":{"rendered":"http:\/\/www.ingeta.com\/?p=6525"},"modified":"2014-04-15T21:12:44","modified_gmt":"2014-04-15T21:12:44","slug":"belgique-pression-congolaise-de-la-rue-des-coulisses-le-lobby-gagnant","status":"publish","type":"post","link":"https:\/\/congolobilelo.com\/IN\/belgique-pression-congolaise-de-la-rue-des-coulisses-le-lobby-gagnant\/","title":{"rendered":"Belgique &#8211; Pression congolaise de la rue &#038; des coulisses : le lobby gagnant"},"content":{"rendered":"<p>\t\t\t\tPar <a href=\"http:\/\/www.mbuze.com\/pression-de-la-rue-des-coulisses-le-lobby-gagnant\/\">Momi M&#8217;Buze<\/a><\/p>\n<p><strong>L\u2019ann\u00e9e 2011 fut pour ma communaut\u00e9 une ann\u00e9e du changement. Un changement dans la perception des choses politiques importantes influant directement ou indirectement sur nos vies ou celles de nos familles au pays ou ailleurs dans le monde. Avant, tr\u00e8s peu s\u2019int\u00e9ressaient de mani\u00e8re proactive \u00e0 ce qui touchait \u00e0 la politique, j\u2019entend par l\u00e0, les enjeux des choses qui sont d\u00e9cid\u00e9es pour ou contre nous dans des instances politiques diverses et vari\u00e9es. Le za\u00efro-congolais moyen venait d\u2019ouvrir les yeux et r\u00e9clamait d\u00e9sormais que sa voix, ses exigences soient entendus au risque d\u2019un d\u00e9bordement massif pouvant aller jusqu\u2019\u00e0 donner de sa vie \u00e0 l\u2019instar d\u2019Armand Tungulu et le jeune C\u00e9dric Nyanza: paix \u00e0 leurs \u00e2mes.<\/strong><\/p>\n<h3>Qu&#8217;est-ce qui a donc chang\u00e9?<\/h3>\n<p>Il fut un temps, la communaut\u00e9 congolaise n&#8217;\u00e9tait connue que pour son penchant pour les plaisirs de la vie. Nous \u00e9tions vus comme une communaut\u00e9 de jouisseurs, d&#8217;ambianceurs, de sapeurs, de prieurs fervents, etc&#8230; Ainsi, on pouvait voir la facilit\u00e9 avec laquelle les personnalit\u00e9s politiques du pays d&#8217;accueil &#8211; ici nous ne parlerons que de la Belgique &#8211; parvenaient \u00e0 app\u00e2ter la communaut\u00e9 \u00e0 base de promesses diverses et vari\u00e9es, de discours infantilisant comme celui de cette semaine sortie de la bouche de Monsieur Pascal De Smet, Ministre flamand de l&#8217;enseignement, de la Jeunesse et Egalit\u00e9 Des Chances membre important et influent du parti SP.A (rien que \u00e7\u00e0&#8230;) qui disait:<\/p>\n<p>\u00ab \u2026nous les Blancs, on peut apprendre beaucoup de vous les Color\u00e9s\u2026Vous avez la chaleur et on est devenu un peu froids\u2026regardez vos v\u00eatements d\u00e9j\u00e0\u2026\u00e7a donne de la couleur, \u00e7a donne de l\u2019ambiance, de la vie, de la passion\u2026 \u00bb (*)<\/p>\n<p>Ceci est le genre de discours minable qui avant 2011 n&#8217;aurait ni choqu\u00e9 ni \u00e9mu ni suscit\u00e9 beaucoup de r\u00e9action dans la communaut\u00e9 hormis dans certains cercles intellectuels. Mais les r\u00e9seaux sociaux et surtout la volont\u00e9 de se faire respecter aidant, plus personne ne tol\u00e8re ce genre de discours paternaliste trahissant un sentiment profond enfuit dans beaucoup de ces hommes et femmes politiques de ce pays qu&#8217;est la Belgique qui aiment se dire ami des africains, ami des congolais. Je ne m&#8217;avancerai pas d&#8217;avantage sur ce point mais je sais une chose dans les choses politiques, il n&#8217;y a pas d&#8217;ami, il n&#8217;y a que des int\u00e9r\u00eats et ce m\u00eame \u00e0 petit \u00e9chelle comme c&#8217;est le cas entre les politiciens belges et la communaut\u00e9 congolaise.<\/p>\n<p>Et ce besoin de respect va m\u00eame au del\u00e0 des fronti\u00e8res! Lorsqu&#8217;un cas grave d&#8217;accusation de vol sur fond de racisme, de n\u00e9grophobie en Inde \u00e0 l&#8217;\u00e9gard d&#8217;\u00e9tudiant congolais, \u00a0la communaut\u00e9 s&#8217;est soulev\u00e9e de partout et des repr\u00e9sailles ont eu lieu jusqu&#8217;\u00e0 Kinshasa contre la communaut\u00e9 indienne. A cette occasion j&#8217;avais cr\u00e9e un\u00a0<a href=\"https:\/\/twitter.com\/search?q=boycottindianStore&amp;src=typd&amp;f=realtime\" target=\"_blank\" rel=\"noopener\">Hashtag sur Twitter #BoycottIndianStore<\/a>\u00a0qui s&#8217;est retrouv\u00e9 largement diffus\u00e9 par les abonn\u00e9s congolais et autres du dit r\u00e9seau social qui se sont indign\u00e9s de mani\u00e8re active. Et Un de mes tweets s&#8217;est retrouv\u00e9 sur\u00a0<a href=\"http:\/\/www.jeuneafrique.com\/Article\/ARTJAWEB20130619171411\/\" target=\"_blank\" rel=\"noopener\">un article du site de Jeune Afrique<\/a>. Comme pour dire que nul besoin d&#8217;\u00eatre un grand activiste connu ou reconnu pour marquer son temps. Il faut de la d\u00e9termination et un sens du sacrifice pour les choses que l&#8217;on juge importante pour soi et son peuple.<\/p>\n<p>Ce qui a chang\u00e9 depuis, c&#8217;est la perception que le monde a d\u00e9sormais de notre communaut\u00e9. Le jeu a chang\u00e9, les cartes sont redistribu\u00e9es et les acteurs mall\u00e9ables d&#8217;hier sont remplac\u00e9s par des acteurs quasi insaisissables et impr\u00e9visibles compte tenu du fait que tout le monde peut \u00eatre un activiste dormant ou actif.<\/p>\n<h3>Qu&#8217;est-ce qui doit changer?<\/h3>\n<p>Ce qui reste encore \u00e0 faire, c&#8217;est la mise en place d&#8217;un lien formel ou informel entre la &#8220;rue&#8221; et les &#8220;coulisses&#8221; c&#8217;est \u00e0 dire que la rue doit donner du poids et de la l\u00e9gitimit\u00e9 aux acteurs en coulisse, les lobbys congolais, pour qu&#8217;ils puissent discuter avec le monde politique en se sachant soutenu et approuv\u00e9 par la masse populaire. Et les lobbys doivent aussi donner de la cr\u00e9dibilit\u00e9 \u00e0 la rue en agissant avec dignit\u00e9, efficacit\u00e9 et honneur \u00e0 cause des revendications fortes qui sont port\u00e9es par ceux battant le pav\u00e9.<\/p>\n<p>Ce qui devrait rendre grandement efficace cette compl\u00e9mentarit\u00e9 c&#8217;est avant tout la confiance des uns envers les autres mais aussi un contact r\u00e9gulier entre les meneurs de la rue et ceux des lobbys qui devraient se retrouver \u00e0 huis clos, loin des cam\u00e9ras, des micros et des &#8221; gentils inspecteurs n\u00e9gociateurs&#8221; de la police pour se parler, s&#8217;\u00e9couter et se comprendre mutuellement en ayant unes seule strat\u00e9gie globale d&#8217;action pouvant englober plusieurs tactiques de terrain qui pourraient sembler opposer mais se rejoignant en terme d&#8217;objectif.<\/p>\n<p>Un changement de paradigme politique doit s&#8217;op\u00e9rer en faveur d&#8217;un paradigme prenant en compte les int\u00e9r\u00eats communs. Dans ce nouveau paradigme chaque activiste, politicien d&#8217;origine congolaise ou africaine, acteur social, entrepreneur, \u00e9tudiant etc&#8230; doit pouvoir se retrouver et savoir o\u00f9 et comment il ou elle se place dans cette ensemble complexe form\u00e9 de groupuscules aux objectifs divers et vari\u00e9s. Ce changement de paradigme prendra \u00e9norm\u00e9ment de temps et pourrait ne pas voir le jour si il n&#8217;est pas inculqu\u00e9 de mani\u00e8re actif par des activit\u00e9s r\u00e9guli\u00e8res. Il pourrait s&#8217;installer, s&#8217;enraciner rapidement et profond\u00e9ment avec la mise en place de structures formelles ou informelles \u00e0 l&#8217;int\u00e9rieur de la communaut\u00e9 c&#8217;est \u00e0 dire: par des gens de la communaut\u00e9, pour les gens de la communaut\u00e9 et avec les moyens de la communaut\u00e9.<\/p>\n<p>Comme j&#8217;ai d\u00e9j\u00e0 eu \u00e0 le dire dans de pr\u00e9c\u00e9dents articles, prenons garde aux pi\u00e8ges de la r\u00e9cup\u00e9ration et de l&#8217;asservissement par les subsides, les parrainages politiques et d\u00e9pendances de toutes sortes. La meilleure mani\u00e8re d&#8217;emp\u00eacher une communaut\u00e9 de s&#8217;organiser, c&#8217;est d&#8217;encourager un individualisme exacerb\u00e9, celui o\u00f9 chacun oeuvre selon des objectifs personnels et ceux \u00e9loignant un individu ou un groupe de l&#8217;effort commun.<\/p>\n<p>Il y a des conseils, des avis, des opinions qu&#8217;il est de bon de donner ouvertement afin d&#8217;avoir d\u00e9j\u00e0 une orientation id\u00e9ologie de base devant servir au bien de la communaut\u00e9 congolaise ou africaine tout enti\u00e8re Et il y en a d&#8217;autres qu&#8217;il vaut mieux r\u00e9server \u00e0 des discussions plus restreintes, \u00e0 huis clos, afin de ne pas se laisser aller \u00e0 des d\u00e9ballages publics comme on en a trop souvent vu par vid\u00e9os Youtube interpos\u00e9es. Des choses qui souvent nous desservent plus qu&#8217;elles ne nous servent et d\u00e9truisant le peu qui a \u00e9t\u00e9 b\u00e2tit depuis le changement de paradigme psychologique de d\u00e9cembre 2011 dont le soutien au malheureux candidat \u00e0 la pr\u00e9sidence Etienne Tshisekedi n&#8217;\u00e9tait que la face visible de l&#8217;iceberg&#8230; d&#8217;un combat plus large qui s&#8217;annonce long et p\u00e9nible.<\/p>\n<p>&nbsp;<\/p>\n<p><em>Momi M&#8217;Buze<\/em><\/p>\n<p>&#8212;&#8212;&#8212;&#8212;&#8212;&#8212;&#8212;&#8212;&#8212;-<br \/>\n(*) http:\/\/www.cheikfitanews.net\/2014\/04\/elections-belgique-europe-2014-pascal-smet-et-jeannot-kabuya-de-spa-chez-les-mamans-mpiko.html apd 18min50&#8243;\t\t<\/p>\n","protected":false},"excerpt":{"rendered":"<p>Par Momi M&#8217;Buze L\u2019ann\u00e9e 2011 fut pour ma communaut\u00e9 une ann\u00e9e du changement. Un changement dans la perception des choses politiques importantes influant directement ou indirectement sur nos vies ou celles de nos familles au pays ou ailleurs dans le monde. Avant, tr\u00e8s peu s\u2019int\u00e9ressaient de mani\u00e8re proactive \u00e0 ce qui touchait \u00e0 la politique, [&hellip;]<\/p>\n","protected":false},"author":1,"featured_media":6526,"comment_status":"open","ping_status":"open","sticky":false,"template":"","format":"standard","meta":{"_acf_changed":false,"content-type":"","footnotes":""},"categories":[107,124],"tags":[],"class_list":["post-6525","post","type-post","status-publish","format-standard","has-post-thumbnail","hentry","category-analyses-commentaires","category-politique-societe"],"acf":[],"_links":{"self":[{"href":"https:\/\/congolobilelo.com\/IN\/wp-json\/wp\/v2\/posts\/6525","targetHints":{"allow":["GET"]}}],"collection":[{"href":"https:\/\/congolobilelo.com\/IN\/wp-json\/wp\/v2\/posts"}],"about":[{"href":"https:\/\/congolobilelo.com\/IN\/wp-json\/wp\/v2\/types\/post"}],"author":[{"embeddable":true,"href":"https:\/\/congolobilelo.com\/IN\/wp-json\/wp\/v2\/users\/1"}],"replies":[{"embeddable":true,"href":"https:\/\/congolobilelo.com\/IN\/wp-json\/wp\/v2\/comments?post=6525"}],"version-history":[{"count":0,"href":"https:\/\/congolobilelo.com\/IN\/wp-json\/wp\/v2\/posts\/6525\/revisions"}],"wp:featuredmedia":[{"embeddable":true,"href":"https:\/\/congolobilelo.com\/IN\/wp-json\/"}],"wp:attachment":[{"href":"https:\/\/congolobilelo.com\/IN\/wp-json\/wp\/v2\/media?parent=6525"}],"wp:term":[{"taxonomy":"category","embeddable":true,"href":"https:\/\/congolobilelo.com\/IN\/wp-json\/wp\/v2\/categories?post=6525"},{"taxonomy":"post_tag","embeddable":true,"href":"https:\/\/congolobilelo.com\/IN\/wp-json\/wp\/v2\/tags?post=6525"}],"curies":[{"name":"wp","href":"https:\/\/api.w.org\/{rel}","templated":true}]}}