{"id":6519,"date":"2014-04-15T07:11:18","date_gmt":"2014-04-15T07:11:18","guid":{"rendered":"http:\/\/www.ingeta.com\/?p=6519"},"modified":"2014-04-15T07:11:18","modified_gmt":"2014-04-15T07:11:18","slug":"les-jours-et-les-annees-a-venir-pourraient-etre-durs-pour-lafrique-et-la-rdc","status":"publish","type":"post","link":"https:\/\/congolobilelo.com\/IN\/les-jours-et-les-annees-a-venir-pourraient-etre-durs-pour-lafrique-et-la-rdc\/","title":{"rendered":"Les jours et les ann\u00e9es \u00e0 venir pourraient \u00eatre durs pour l\u2019Afrique et la RDC"},"content":{"rendered":"<p>\t\t\t\tPar Jean-Pierre Mbelu<\/p>\n<p><strong>Il est toujours int\u00e9ressant de relire l\u2019histoire critique des relations tumultueuses entre l\u2019Afrique et l\u2019Europe pour mieux comprendre certains faits d\u2019actualit\u00e9 et les principes qui les fondent. Si l\u2019\u00e9quivalence entre la colonisation et la civilisation a \u00e9t\u00e9 un mensonge cousu de fil blanc, celle entre le n\u00e9olib\u00e9ralisme et la d\u00e9mocratie en est aussi un. Les guerres men\u00e9es hier au nom de la civilisation le sont aujourd\u2019hui au nom de la d\u00e9mocratie et des droits de l\u2019homme en Afrique. C\u2019est quand m\u00eame curieux! Celles de demain risquent d\u2019\u00eatre men\u00e9es pour la protection de l\u2019eau africaine. Pourquoi sommes-nous plusieurs Africains \u00e0 ne pas comprendre cette instrumentalisation des valeurs civilisationnelles et d\u00e9mocratiques au nom des int\u00e9r\u00eats des \u2018\u2019petites mains du capital\u2019\u2019?<\/strong><\/p>\n<p>Apr\u00e8s la chute du mur de Berlin, l\u2019impression aurait \u00e9t\u00e9 que le monde soit plus s\u00fbr pour tout le monde. Cela n\u2019a pas \u00e9t\u00e9 le cas pour l\u2019Afrique. Il y a eu le g\u00e9nocide rwandais, les massacres \u00e0 grande \u00e9chelle des Hutu et des Tutsi et \u2018\u2019le g\u00e9nocide silencieux\u2019\u2019 au Congo (RD). Ensuite, la C\u00f4t\u00e9 d\u2019Ivoire et la Libye ont \u00e9t\u00e9 la cible des \u2018\u2019d\u00e9fenseurs de la d\u00e9mocratie et des droits de l\u2019homme\u2019\u2019 : Laurent Gbagbo est all\u00e9 \u00e0 la CPI et Kadhafi a \u00e9t\u00e9 tu\u00e9. Enfin, le Mali et la Centrafrique sont, \u00e0 leur tour, tomb\u00e9s sous les coups des \u2018\u2019d\u00e9fenseurs du droit humanitaire international\u2019\u2019. Pendant tout ce temps, la Libye est en train de sombrer dans l\u2019ensauvagement ; le Mali n\u2019est pas encore pacifi\u00e9 ; la Centrafrique non plus. Le Rwanda et la RDC ploient sous le joug des \u2018\u2019n\u00e8gres de service\u2019\u2019, ennemis de la vie africaine.<\/p>\n<p>Dans presque tous ces pays, une infime minorit\u00e9 de compatriotes africains tire son \u00e9pingle du jeu en travaillant en r\u00e9seau avec la mafia transnationale. Face \u00e0 cette situation, des auto-accusations se multiplient : c\u2019est la faute des Africains ; de tous les Africains \u00e9go\u00efstes et malades du pouvoir et de l\u2019argent.\u00a0Si les \u00e9lites compradores existent dans tous les pays du monde, les auto-accusations africaines semblent n\u00e9gliger une r\u00e9flexion profonde sur \u2018\u2019les guerres humanitaires\u2019\u2019. Pour les initier, il faut \u00eatre membre permanent du conseil de s\u00e9curit\u00e9 de l\u2019ONU. Jusqu\u2019\u00e0 ce jour, aucun pays africain n\u2019est membre permanent de ce conseil (compos\u00e9 de la Russie, de la France, de la Chine, des Etats-Unis et de la Grande-Bretagne). Presque toutes ces \u2018\u2019guerres\u2019\u2019 ont \u00e9t\u00e9 initi\u00e9es par l\u2019un ou l\u2019autre membre permanent de ce conseil avec l\u2019approbation explicite ou tacite des autres et de l\u2019ONU.<\/p>\n<h3>\u2018\u2019Une hypocrisie collective\u2019\u2019 occidentale<\/h3>\n<p>Il est arriv\u00e9 que leurs cons\u00e9quences ne puissent pas \u00eatre pr\u00e9visibles. L\u2019assassinat de Kadhafi et le pillage de la Libye par certaines entreprises des pays y ayant livr\u00e9 \u2018\u2019la guerre humanitaire\u2019\u2019, par exemple, ont cr\u00e9\u00e9 un ant\u00e9c\u00e9dent f\u00e2cheux entre la Russie, la Chine et les pays Occidentaux. Ces deux puissances \u00e9mergentes ont oppos\u00e9 leur veto contre le vote pour \u2018\u2019la guerre humanitaire\u2019\u2019 programm\u00e9e contre la Syrie comme r\u00e9action \u00e0 ce qui s\u2019est pass\u00e9 en Libye.<\/p>\n<p>Il est quand m\u00eame curieux que les m\u00eames qui, hier, ont cru qu\u2019il \u00e9tait pr\u00e9f\u00e9rable que \u2018\u2019les sauvages africains\u2019\u2019 puissent \u00eatre \u2018\u2019civilis\u00e9s\u2019\u2019 soient encore aujourd\u2019hui sur le devant de la sc\u00e8ne martiale pour tirer les pays africains des griffes des dictateurs violant \u00e0 tout bout de champ les droits de l\u2019homme et les r\u00e8gles d\u00e9mocratiques ! Curieusement, les auto-accusations africaines semblent faire fi de la question qu\u2019Aim\u00e9 C\u00e9saire posait d\u00e9j\u00e0 en 1955 : \u00ab Qu\u2019est-ce en son principe la colonisation ? \u00bb. Il s\u2019en prenait \u00e0 \u2018\u2019une hypocrisie collective, habile \u00e0 mal poser les probl\u00e8mes pour mieux l\u00e9gitimer les odieuses solutions\u2019\u2019. Pour lui, \u00ab l\u2019essentiel est (\u2026) de voir clair, de penser clair, entendre dangereusement \u00bb en se rendant compte que la colonisation n\u2019est \u00ab ni \u00e9vang\u00e9lisation, ni entreprise philanthropique, ni volont\u00e9 de reculer les fronti\u00e8res de l\u2019ignorance, de la maladie, de la tyrannie, ni \u00e9largissement de Dieu, ni extension du Droit \u00bb et \u00ab d\u2019admettre une fois pour toutes, sans volont\u00e9 de broncher aux cons\u00e9quences, que le geste d\u00e9cisif est ici de l\u2019aventurier et du pirate, de l\u2019\u00e9picier en grand et de l\u2019armateur, du chercheur d\u2019or et du marchand, de l\u2019app\u00e9tit et de la force (\u2026) et d\u2019\u00e9tendre \u00e0 l\u2019\u00e9chelle mondiale la concurrence de ses \u00e9conomies antagonistes. \u00bb[1]<\/p>\n<p>C\u00e9saire s\u2019en prenait \u00e0 \u2018\u2019une hypocrisie collective\u2019\u2019 occidentale en son principe mensonger posant l\u2019\u00e9quivalence entre la colonisation et la civilisation. Pour lui, la colonisation \u00e9tait abrutissante et d\u00e9civilisatrice pour le colonialiste. Elle contribuait \u00e0 sa d\u00e9gradation en le r\u00e9veillant aux instincts enfouis, \u00e0 la convoitise, \u00e0 la violence, \u00e0 la haine raciale et au relativisme moral. Elle l\u2019\u00e9tait aussi pour le colonis\u00e9 oppos\u00e9 \u00e0 ses fr\u00e8res et s\u0153urs pour le triomphe du principe du \u2018\u2019diviser pour r\u00e9gner\u2019\u2019.\u00a0Cette d\u00e9civilisation participait de la r\u00e9gression universelle et de l\u2019ensauvagement du continent europ\u00e9en. Et celui-ci en a subi l\u2019effet boomerang avec la naissance et la mont\u00e9e du nazisme.<\/p>\n<h3>Rompre avec \u2018\u2019ce principe mensonger\u2019\u2019 des \u2018\u2019guerres humanitaires\u2019\u2019<\/h3>\n<p>A ce point nomm\u00e9, C\u00e9saire est tr\u00e8s int\u00e9ressant et m\u00e9rite d\u2019\u00eatre lu et relu. Il estime qu\u2019 \u00abil vaudrait la peine d\u2019\u00e9tudier, cliniquement, dans le d\u00e9tail, des d\u00e9marches d\u2019Hitler et de l\u2019hitl\u00e9risme et de r\u00e9v\u00e9ler au tr\u00e8s distingu\u00e9, tr\u00e8s humaniste, tr\u00e8s chr\u00e9tien bourgeois du XXe si\u00e8cle qu\u2019il porte en lui un Hitler qui s\u2019ignore, qu\u2019Hitler l\u2019habite, qu\u2019Hitler est son d\u00e9mon, que s\u2019il le vitup\u00e8re, c\u2019est par manque de logique, et qu\u2019au fond, ce qu\u2019il ne pardonne pas \u00e0 Hitler, ce n\u2019est pas le crime en soi, le crime contre l\u2019homme, ce n\u2019est pas l\u2019humiliation de l\u2019homme en soi, c\u2019est le crime contre l\u2019homme blanc, c\u2019est l\u2019humiliation de l\u2019homme blanc, d\u2019avoir appliqu\u00e9 \u00e0 l\u2019Europe des proc\u00e9d\u00e9s colonialistes dont ne relevaient jusqu\u2019ici que les Arables, les coolies de l\u2019Inde et les n\u00e8gres d\u2019Afrique. \u00bb[2] Le regain des extr\u00eames et du n\u00e9onazisme en ce XXIe si\u00e8cle pose s\u00e9rieusement la question de la d\u00e9civilisation de la bourgeoisie contemporaine, \u2018\u2019petite main du capital\u2019\u2019, r\u00e9duite \u00e0 1% de la population de plusieurs pays occidentaux au moment o\u00f9 \u2018\u2019le cirque politique\u2019\u2019 lutte farouchement contre la souverainet\u00e9 populaire.<\/p>\n<p>Sans verser dans l\u2019alarmisme, il y a lieu de soutenir que la d\u00e9colonisation des pays africains n\u2019a pas march\u00e9 de pair avec la recivilisation de \u2018\u2019la petite main du capital\u2019\u2019. Elle ne s\u2019est pas d\u00e9colonis\u00e9e[3]. Et si hier elle organisait des guerres et des pillages, l\u2019\u00e9cole et certaines confessions religieuses pour \u2018\u2019civiliser\u2019\u2019 ; aujourd\u2019hui, elle les organise, instrumentalise l\u2019\u00e9cole, l\u2019universit\u00e9, les m\u00e9dias dominants et certaines confessions religieuses (et surtout pentec\u00f4tistes) pour que les pays africains acc\u00e8dent \u00e0 la d\u00e9mocratie et au respect des droits de l\u2019homme. L\u2019id\u00e9ologisation de la d\u00e9mocratie et des droits l\u2019homme ethnocentr\u00e9s est, encore une fois, \u2018\u2019une hypocrisie collective\u2019\u2019 fond\u00e9e sur un principe mensonger \u00e9tablissant une \u00e9quivalence entre le n\u00e9olib\u00e9ralisme et la d\u00e9mocratie et les droits de l\u2019homme.<\/p>\n<p>Hier, au cours de la colonisation, l\u2019Europe (son 1% dominant) a travaill\u00e9 main dans la main avec les tyrans f\u00e9odaux africains ; aujourd\u2019hui, elle travaille avec le 1% de la bourgeoisie am\u00e9ricaine, les \u2018\u2019tyrans f\u00e9odaux modernes\u2019\u2019 de l\u2019Afrique qu\u2019elle se charge de temps en temps de remplacer (ou de tuer) pour donner l\u2019impression d\u2019un \u2018\u2019changement d\u00e9mocratique respectueux des droits de l\u2019homme\u2019\u2019. En Afrique, ces \u2018\u2019tyrans\u2019\u2019 se chargent, encore aujourd\u2019hui, de payer leur dette coloniale \u00e0 leurs ex-m\u00e9tropoles.<\/p>\n<p>Les jours, les mois et les ann\u00e9es \u00e0 venir ne semblent pas augur\u00e9s de lendemains qui chantent pour l\u2019Afrique. La pr\u00e9sence de l\u2019Africom en Afrique, des arm\u00e9es des pays proxys US, la chasse de la Chine des mati\u00e8res premi\u00e8res ne sont pas de nature \u00e0 cr\u00e9er un climat propice \u00e0 \u2018\u2019la pax africana\u2019\u2019. Dans un article[4] o\u00f9 sont \u00e9voqu\u00e9es les interventions de la France en Syrie, au Mali et en Centrafrique, Thierry Meyssan finit par poser cette question : \u00ab O\u00f9 va la France ? \u00bb Et il r\u00e9pond : \u00ab Vers la reprise de la colonisation et la d\u00e9fense des int\u00e9r\u00eats du Medef \u00bb. Il ajoute : \u00ab Cette politique a sa logique : en temps de crise, il est impossible d\u2019accro\u00eetre l\u2019exploitation de la classe ouvri\u00e8re, il faut aller chercher les superprofits \u00e0 l\u2019\u00e9tranger, chez des peuples qui n\u2019ont pas les moyens de se d\u00e9fendre. Le sang va encore couler en Syrie et en Afrique (\u2026). \u00bb<br \/>\nCe chercheur et journaliste fran\u00e7ais est convaincu que Fran\u00e7ois Hollande, l\u2019actuel Pr\u00e9sident fran\u00e7ais, reconduit le mod\u00e8le soci\u00e9tal de Jules Ferry qui, pour d\u00e9fendre les int\u00e9r\u00eats du grand capital, d\u00e9veloppa le colonialisme. Il pourra d\u00e9tourner l\u2019attention de la classe ouvri\u00e8re exploit\u00e9 en programmant des \u2018\u2019guerres humanitaires pour la d\u00e9fense de la d\u00e9mocratie et les droits de l\u2019homme\u2019\u2019 en Afrique. Il le fera, main dans la main avec l\u2019oncle Sam.<\/p>\n<p>Sera-t-il possible aux Africains et \u00e0 l\u2019Afrique de rompre avec \u2018\u2019ce principe mensonger\u2019\u2019 des \u2018\u2019guerres humanitaires\u2019\u2019 ? Cela sera tr\u00e8s difficile et compliqu\u00e9. Pour plusieurs raisons. La colonisation et le n\u00e9ocolonialisme ont ensauvag\u00e9 plusieurs d\u2019entre nous au point d\u2019en faire les partisans de la guerre de tous contre tous. En s\u2019engageant dans des \u2018\u2019oppositions non-ma\u00eetris\u00e9es\u2019\u2019, ils seront livr\u00e9s aux conflits menant aux massacres, du pain b\u00e9ni pour les commanditaires des \u2018\u2019guerres humanitaires\u2019\u2019. L\u2019ignorance ou la m\u00e9connaissance de l\u2019histoire, le go\u00fbt du pouvoir pour le pouvoir et la complicit\u00e9 avec ces commanditaires des \u2018\u2019guerres humanitaires\u2019\u2019 conduiront certains \u2018\u2019tyrans africains des temps modernes\u2019\u2019 \u00e0 provoquer des guerres civiles, pain b\u00e9ni des va-t-en guerre \u2018\u2019 internationaux\u2018\u2019. L\u2019Am\u00e9rique Latine d\u00e9joue ce pi\u00e8ge depuis tout un temps. Plusieurs de ses pays organisent des \u00e9lections respectueux tant soit peu des r\u00e8gles de l\u2019art. Les gouvernements socialistes issus de ces \u00e9lections constituent des grands ensembles pour parer aux \u00e9ventualit\u00e9s des attaques ext\u00e9rieures. Ils commencent par se doter des arm\u00e9es et des polices majoritairement patriotes. L\u00e0 o\u00f9 les conflits \u00e9clatent violemment malgr\u00e9 toutes ces pr\u00e9cautions, la main est tendue au camp oppos\u00e9 pour le dialogue. Les tra\u00eetres de la cause nationale sont arr\u00eat\u00e9s et emprisonn\u00e9s apr\u00e8s un jugement en bonne et due forme. L\u00e0 o\u00f9 les ambassadeurs et les ONG \u00e9trangers sont impliqu\u00e9s dans des conflits internes des pays concern\u00e9s, ils sont renvoy\u00e9s dans leurs propres pays. La Bolivie, l\u2019Equateur et le Venezuela, etc. sont engag\u00e9s sur cette voie. Et \u00e7a marche tant bien que mal.<\/p>\n<h3>Les grands changements sont mol\u00e9culaires<\/h3>\n<p>Il peut aussi se faire que toutes les bonnes pr\u00e9cautions prises ne puissent pas \u00e9viter \u00e0 un pays une \u2018\u2019guerre humanitaire\u2019\u2019. Elle sert souvent (et m\u00eame toujours ?) de moyen pour avoir acc\u00e8s aux mati\u00e8res premi\u00e8res strat\u00e9giques ou tout simplement pour \u00e9liminer des populations jug\u00e9es \u2018\u2019inutilisables\u2019\u2019 par \u2018\u2019les ma\u00eetres du monde\u2019\u2019. Souvent, ces guerres sont fond\u00e9es sur des motifs racistes et\/ou racialistes comme en t\u00e9moigne l\u2019\u00e9change cors\u00e9 entre Jules Ferry et Georges Cl\u00e9menceau \u00e0 l\u2019Assembl\u00e9e nationale fran\u00e7aise du 28 au 30 juillet 1885[5].<\/p>\n<p>Ou les dignes filles et fils de la mama Africa comprennent que les conflits violents sont les viviers o\u00f9 viennent puiser les commanditaires racistes des \u2018\u2019guerres humanitaires\u2019\u2019 et d\u00e9cident collectivement des les \u00e9viter en optant pour le d\u00e9bat d\u00e9mocratique, la justice transitionnelle reconstructive (des pays d\u00e9chir\u00e9s par la guerre, les massacres et les assassinats cibl\u00e9s) et le dialogue permanent ; ou ils d\u00e9cident de fermer les yeux et d\u2019abandonner notre continent entre les mains des \u2018\u2019tyrans f\u00e9odaux modernes\u2019\u2019, assoiff\u00e9s du pouvoir pour le pouvoir et complices d\u2019une \u00e9ventuelle disparition de l\u2019Afrique de la carte du monde. Un activisme citoyen et politique cons\u00e9quent, une reconstruction patriotique des services de s\u00e9curit\u00e9, etc. peuvent aider \u00e0 rompre avec \u2018\u2019les guerres humanitaires\u2019\u2019. Petit \u00e0 petit. Car \u2018\u2019les grands changements sont mol\u00e9culaires\u2019\u2019. Les guerres, m\u00eame \u2018\u2019humanitaires\u2019\u2019, sont une insulte \u00e0 l\u2019humanit\u00e9 de l\u2019homme, au \u2018\u2019bomoto\u2019\u2019, au \u2018\u2019bumuntu\u2019\u2019, au \u2018\u2019ubuntu\u2019\u2019.<\/p>\n<p>&nbsp;<\/p>\n<div><em>Mbelu Babanya Kabudi<\/em><\/div>\n<div><\/div>\n<div>\n<hr align=\"left\" size=\"1\" width=\"33%\" \/>\n<div>[1]\u00a0A. CESAIRE,\u00a0<i>Discours sur le colonialisme<\/i>, Paris, Pr\u00e9sence Africaine, 1955, p. 4.<\/div>\n<div>[2]\u00a0<i>Ibidem<\/i>, p. 6-7.<\/div>\n<div>[3]\u00a0Lire A. MBEMBE,\u00a0<i>Sortir de la grande nuit. Essai sur l\u2019Afrique d\u00e9colonis\u00e9e.<\/i>\u00a0La Bolivie, l\u2019Equateur et le Venezuela, etc. sont engag\u00e9s sur cette voie. Paris, La D\u00e9couverte, 2013.<\/div>\n<div>[4]\u00a0T. MEYSSAN,\u00a0 Fran\u00e7ois Hollande\u00a0 se r\u00e9v\u00e8le, dans\u00a0<b>Voltaire.org<\/b>, du 14 avril 2014.<\/div>\n<div>[5]\u00a0P. PEAN,\u00a0<i>Carnages. Les guerres secr\u00e8tes des grandes puissances en Afrique<\/i>, Paris, Fayard, 2010, 138-141.<\/div>\n<div><\/div>\n<div><\/div>\n<\/div>\n","protected":false},"excerpt":{"rendered":"<p>Par Jean-Pierre Mbelu Il est toujours int\u00e9ressant de relire l\u2019histoire critique des relations tumultueuses entre l\u2019Afrique et l\u2019Europe pour mieux comprendre certains faits d\u2019actualit\u00e9 et les principes qui les fondent. Si l\u2019\u00e9quivalence entre la colonisation et la civilisation a \u00e9t\u00e9 un mensonge cousu de fil blanc, celle entre le n\u00e9olib\u00e9ralisme et la d\u00e9mocratie en est [&hellip;]<\/p>\n","protected":false},"author":1,"featured_media":6520,"comment_status":"open","ping_status":"open","sticky":false,"template":"","format":"standard","meta":{"_acf_changed":false,"content-type":"","footnotes":""},"categories":[107,120,124],"tags":[],"class_list":["post-6519","post","type-post","status-publish","format-standard","has-post-thumbnail","hentry","category-analyses-commentaires","category-mondialisation","category-politique-societe"],"acf":[],"_links":{"self":[{"href":"https:\/\/congolobilelo.com\/IN\/wp-json\/wp\/v2\/posts\/6519","targetHints":{"allow":["GET"]}}],"collection":[{"href":"https:\/\/congolobilelo.com\/IN\/wp-json\/wp\/v2\/posts"}],"about":[{"href":"https:\/\/congolobilelo.com\/IN\/wp-json\/wp\/v2\/types\/post"}],"author":[{"embeddable":true,"href":"https:\/\/congolobilelo.com\/IN\/wp-json\/wp\/v2\/users\/1"}],"replies":[{"embeddable":true,"href":"https:\/\/congolobilelo.com\/IN\/wp-json\/wp\/v2\/comments?post=6519"}],"version-history":[{"count":0,"href":"https:\/\/congolobilelo.com\/IN\/wp-json\/wp\/v2\/posts\/6519\/revisions"}],"wp:featuredmedia":[{"embeddable":true,"href":"https:\/\/congolobilelo.com\/IN\/wp-json\/"}],"wp:attachment":[{"href":"https:\/\/congolobilelo.com\/IN\/wp-json\/wp\/v2\/media?parent=6519"}],"wp:term":[{"taxonomy":"category","embeddable":true,"href":"https:\/\/congolobilelo.com\/IN\/wp-json\/wp\/v2\/categories?post=6519"},{"taxonomy":"post_tag","embeddable":true,"href":"https:\/\/congolobilelo.com\/IN\/wp-json\/wp\/v2\/tags?post=6519"}],"curies":[{"name":"wp","href":"https:\/\/api.w.org\/{rel}","templated":true}]}}