{"id":6514,"date":"2014-04-12T08:11:41","date_gmt":"2014-04-12T08:11:41","guid":{"rendered":"http:\/\/www.ingeta.com\/?p=6514"},"modified":"2014-04-12T08:11:41","modified_gmt":"2014-04-12T08:11:41","slug":"paul-kagame-a-tue-laurent-desire-kabila","status":"publish","type":"post","link":"https:\/\/congolobilelo.com\/IN\/paul-kagame-a-tue-laurent-desire-kabila\/","title":{"rendered":"Paul Kagame a tu\u00e9 Laurent-D\u00e9sir\u00e9 Kabila"},"content":{"rendered":"<p>\t\t\t\tPar Jean-Pierre Mbelu<\/p>\n<p><strong>Vingt ans apr\u00e8s la trag\u00e9die de l\u2019Afrique des Grands Lacs, Paris vient d\u2019organiser <a href=\"http:\/\/www.youtube.com\/channel\/UCWNv3PjaW9YtT1bpSVaCRCw\/videos\">un Colloque sur le Rwanda<\/a>. La RDC s\u2019y est invit\u00e9e malgr\u00e9 elle. Ce faisant, ce Colloque a d\u00e9montr\u00e9 qu\u2019il est impossible de comprendre le tournant pris par le Congo depuis les ann\u00e9es 90 sans questionner \u2018\u2019le nazisme tropical\u2019\u2019.<\/strong><\/p>\n<p>Dans sa conf\u00e9rence-vid\u00e9o du 1er avril 2014 au S\u00e9nat fran\u00e7ais, Th\u00e9og\u00e8ne Rudasingwa (Ancien Secretaire G\u00e9n\u00e9ral du FPR) est revenu sur l\u2019assassinat de Laurent-D\u00e9sir\u00e9 Kabila en affirmant qu\u2019il a \u00e9t\u00e9 tu\u00e9 par Paul Kagame. Depuis la fin du Colloque de Paris[1] sur \u2018\u2019Le drame rwandais : la v\u00e9rit\u00e9 des acteurs\u2019\u2019, Kinshasa n\u2019a pas encore r\u00e9agi officiellement sur ce r\u00e9cit d\u2019un t\u00e9moin de l\u2019int\u00e9rieur. Pourtant, des compatriotes croupissent jusqu\u2019\u00e0 ce jour en prison \u00e0 Makala ; ils y sont enferm\u00e9s sans que leur v\u00e9ritable responsabilit\u00e9 dans cet assassinat ait \u00e9t\u00e9 \u00e9tablie. D\u2019ailleurs, l\u2019un des proches de Mzee, Y\u00e9rodia Ndombasi, a affirm\u00e9 que ces compatriotes n\u2019\u00e9taient impliqu\u00e9s ni de pr\u00e8s ni de loin dans cette affaire. Pourtant, ils croupissent en prison !<br \/>\nEt o\u00f9 sont pass\u00e9s \u2018\u2019les d\u00e9put\u00e9s nationaux\u2019\u2019 ? Leur arrive-t-il de poser des questions d\u2019actualit\u00e9 aux Ministres et d\u2019en assurer le suivi ?<\/p>\n<p><iframe loading=\"lazy\" src=\"\/\/www.youtube.com\/embed\/zotIlOtjKro\" width=\"640\" height=\"360\" frameborder=\"0\" allowfullscreen=\"allowfullscreen\"><\/iframe><\/p>\n<p>Si cette question de l\u2019assassinat de Mzee pouvait rebondir, elle constituerait une s\u00e9rieuse remise en question du processus mensonger dans lequel la RDC est engag\u00e9e depuis la mort du \u2018\u2019soldat du peuple\u2019\u2019 et la mont\u00e9e sur le tr\u00f4ne de son \u2018\u2019Brutus de fils\u2019\u2019 dont les origines fproises sont un secret de polichinelles.<br \/>\nFort de l\u2019appui de ses parrains que Th\u00e9og\u00e8ne Rudasingwa cite nomm\u00e9ment dans sa conf\u00e9rence, Kagame a tu\u00e9 Laurent-D\u00e9sir\u00e9 Kabila pour orienter l\u2019histoire du Rwanda et de la RDC dans le sens de l\u2019assouvissement de ses app\u00e9tits de pouvoir et d\u2019enrichissement illicite.<br \/>\nIl ne pouvait pas r\u00e9ussir ce coup sans la complicit\u00e9 des Congolais(es) et de ses infiltr\u00e9s du FPR au Congo. Il a r\u00e9alis\u00e9 en RDC (1996\/7 et 2001) ce qu\u2019ils ont r\u00e9ussi \u00e0 faire ensemble en Ouganda (1986) et au Rwanda (1990) avec Museveni.<br \/>\nAvec \u2018\u2019le ra\u00efs\u2019\u2019, ils sont en train de transformer le Congo en \u2018\u2019une chasse-militaro-tutsi-gard\u00e9e\u2019\u2019 en assi\u00e9geant la police, l\u2019arm\u00e9e, les services de s\u00e9curit\u00e9 et pourvoyeurs d\u2019argent.<\/p>\n<p>Le Congo est en train de devenir, de ce point de vue, un sosie du Rwanda ; \u00e0 cette petite exception que les Conglais(es) essaient, tant bien que mal \u00e0 cr\u00e9er, de l\u2019int\u00e9rieur, des espaces d\u2019expression libre, d\u2019association et de luttes au prix de plusieurs sacrifices. M\u00eame si ces luttes tendent plus \u00e0 prot\u00e9ger les forces du statu quo qu\u2019\u00e0 impulser un changement en profondeur. Elles ont, n\u00e9anmoins, le m\u00e9rite d\u2019exister. Le souhait aurait \u00e9t\u00e9 qu\u2019elles int\u00e8grent certaines questions historiques rest\u00e9es sans r\u00e9ponses en accordant une grande attention au d\u00e9veloppement que prennent certains d\u00e9bats. Le Colloque de Paris en est un. Il permet de r\u00e9entendre Carla Del Ponte et Luc Marchal. Jean-Marie Micombero y apporte un suppl\u00e9ment de lumi\u00e8re sur l\u2019attentat du 06 avril 1994 et l\u2019usage que le FPR a pu faire des tr\u00eaves organis\u00e9es entre deux n\u00e9gociations ou avant de signer un accord de paix. Ne croyant pas \u00e0 la paix, il se servait de ces moments pour se r\u00e9organiser et se r\u00e9arme. Il donne ainsi raison \u00e0 Pierre P\u00e9an quand il \u00e9crit : \u00ab Museveni et Kagame utilisent avec Kabila (Mzee) la m\u00eame tactique qu\u2019avec Habyarimana, le talk and fight : n\u00e9gocier un accord de paix n\u2019emp\u00eache pas de continuer \u00e0 faire parler les armes. Apr\u00e8s la signature de l\u2019accord de Lusaka, ils n\u2019ont pas renonc\u00e9 \u00e0 le renverser par la force. Pas plus que les Etats-Unis, qui, durant l\u2019\u00e9t\u00e9 2000, ont d\u00e9cid\u00e9 d\u2019en finir. \u00bb[2]<\/p>\n<p><iframe loading=\"lazy\" src=\"\/\/www.youtube.com\/embed\/mzSGKIF2rYs\" width=\"640\" height=\"360\" frameborder=\"0\" allowfullscreen=\"allowfullscreen\"><\/iframe><\/p>\n<p>Revenir sur ce \u2018\u2019nazisme tropical\u2019\u2019 peut aider \u00e0 comprendre le fonctionnement minimal et\/ou l\u2019inefficacit\u00e9 de certaines institutions congolaises. Sous d\u2019autres cieux, le t\u00e9moignage de Th\u00e9og\u00e8ne Rudasingwa aurait provoqu\u00e9 la convocation du Ministre de la justice au Parlement pour qu\u2019il s\u2019explique sur la d\u00e9tention arbitraire des Congolais(es) \u00e0 la prison de Makala et qu\u2019il dise ce qu\u2019il compte faire pour traduire Paul Kagame en justice en prenant son ex-collaborateur comme t\u00e9moin. Au Congo du \u2018\u2019ra\u00efs\u2019\u2019, rien. \u2018\u2019Le ra\u00efs\u2019\u2019 aurait pu \u00eatre aussi convoqu\u00e9 pour qu\u2019il s\u2019explique sur le retrait de la plainte d\u00e9pos\u00e9e contre le Rwanda \u00e0 la Cour Internationale de Justice et qu\u2019il soit entendu sur le t\u00e9moignage de Th\u00e9og\u00e8ne Rudasingwa.<\/p>\n<p>Les institutions formelles de la RDC sont impuissant\u00e9es par des animateurs, partisans du statu quo et donnant l\u2019impression de n\u2019avoir aucune prise sur l\u2019histoire r\u00e9elle ou se laissant dicter la ligne de conduite \u00e0 tenir par des acteurs de l\u2019ombre.<br \/>\nFaisant fi de l\u2019histoire du \u2018\u2019talk and fight\u2019\u2019 comme tactique de conqu\u00eate, d\u2019affaiblissement et d\u2019\u00e9videment des institutions congolaises, ces animateurs \u00e9voquent les multiples accords sign\u00e9s au cours de la guerre de pr\u00e9dation et d\u2019agression men\u00e9e par les grandes puissances \u00e0 travers les proxys interpos\u00e9s pour organiser leur activisme partisan ou citoyen.<br \/>\nCette fa\u00e7on anhistorique de proc\u00e9der risque de conduire le Congo de Lumumba \u00e0 la ruine.<\/p>\n<p>Dieu merci ! Tous les t\u00e9moignages accumul\u00e9s sur \u2018\u2019le g\u00e9nocide oubli\u00e9\u2019\u2019 en RDC pourraient \u00eatre archiv\u00e9s et servir de base pour une bonne et efficace Commission Justice, V\u00e9rit\u00e9 et R\u00e9conciliation, dans un futur proche. Carla Del Ponte, Peter Erlinder, Hamuli Rety et tous ces autres magistrats ayant recueilli ces t\u00e9moignages pourraient si\u00e9ger dans des tribunaux mixtes, \u00e0 c\u00f4t\u00e9 de leurs confr\u00e8res Congolais pour \u2018\u2019un Nuremberg des vaincus\u2019\u2019 pr\u00e9c\u00e9dant une th\u00e9rapie collective r\u00e9conciliatrice dans la V\u00e9rit\u00e9. Et ils pourraient, cette fois-ci, \u00e0 partir du c\u0153ur de l\u2019Afrique, redire : \u2018\u2019Plus jamais \u00e7a\u2019\u2019.<\/p>\n<p><iframe loading=\"lazy\" src=\"\/\/www.youtube.com\/embed\/0rzV24r6AHw\" width=\"640\" height=\"360\" frameborder=\"0\" allowfullscreen=\"allowfullscreen\"><\/iframe><\/p>\n<p>Il ne serait pas mal que tout ceci soit accompagn\u00e9 des \u00e9tudes sp\u00e9cialis\u00e9es sur la r\u00e9surgence du \u2018\u2019nazisme\u2019\u2019 au Sud du monde apr\u00e8s les chambres \u00e0 gaz d\u2019Hitler et sur les moyens de le conjurer pour les g\u00e9n\u00e9rations futures.<\/p>\n<p>&nbsp;<\/p>\n<div><em>Mbelu Babanya Kabudi<\/em><\/div>\n<div><\/div>\n<div>\n<hr align=\"left\" size=\"1\" width=\"33%\" \/>\n<div>[1]\u00a0<a href=\"http:\/\/www.france-rwanda.info\/article-colloque-le-drame-rwandais-la-verite-des-acteurs-senat-paris-le-1er-avril-2014-123288247.html\" target=\"_blank\" rel=\"noopener\">http:\/\/www.france-rwanda.info\/<wbr \/>article-colloque-le-drame-<wbr \/>rwandais-la-verite-des-<wbr \/>acteurs-senat-paris-le-1er-<wbr \/>avril-2014-123288247.html<\/a><\/div>\n<div>[2]\u00a0P. PEAN,\u00a0<i>Carnages. Les guerres secr\u00e8tes des grandes puissances en Afrique<\/i>, Paris, Fayard, 2010, p. 399<\/div>\n<div><\/div>\n<div><\/div>\n<\/div>\n","protected":false},"excerpt":{"rendered":"<p>Par Jean-Pierre Mbelu Vingt ans apr\u00e8s la trag\u00e9die de l\u2019Afrique des Grands Lacs, Paris vient d\u2019organiser un Colloque sur le Rwanda. La RDC s\u2019y est invit\u00e9e malgr\u00e9 elle. Ce faisant, ce Colloque a d\u00e9montr\u00e9 qu\u2019il est impossible de comprendre le tournant pris par le Congo depuis les ann\u00e9es 90 sans questionner \u2018\u2019le nazisme tropical\u2019\u2019. Dans [&hellip;]<\/p>\n","protected":false},"author":1,"featured_media":6515,"comment_status":"open","ping_status":"open","sticky":false,"template":"","format":"standard","meta":{"_acf_changed":false,"content-type":"","footnotes":""},"categories":[122,124],"tags":[],"class_list":["post-6514","post","type-post","status-publish","format-standard","has-post-thumbnail","hentry","category-news-alertes","category-politique-societe"],"acf":[],"_links":{"self":[{"href":"https:\/\/congolobilelo.com\/IN\/wp-json\/wp\/v2\/posts\/6514","targetHints":{"allow":["GET"]}}],"collection":[{"href":"https:\/\/congolobilelo.com\/IN\/wp-json\/wp\/v2\/posts"}],"about":[{"href":"https:\/\/congolobilelo.com\/IN\/wp-json\/wp\/v2\/types\/post"}],"author":[{"embeddable":true,"href":"https:\/\/congolobilelo.com\/IN\/wp-json\/wp\/v2\/users\/1"}],"replies":[{"embeddable":true,"href":"https:\/\/congolobilelo.com\/IN\/wp-json\/wp\/v2\/comments?post=6514"}],"version-history":[{"count":0,"href":"https:\/\/congolobilelo.com\/IN\/wp-json\/wp\/v2\/posts\/6514\/revisions"}],"wp:featuredmedia":[{"embeddable":true,"href":"https:\/\/congolobilelo.com\/IN\/wp-json\/"}],"wp:attachment":[{"href":"https:\/\/congolobilelo.com\/IN\/wp-json\/wp\/v2\/media?parent=6514"}],"wp:term":[{"taxonomy":"category","embeddable":true,"href":"https:\/\/congolobilelo.com\/IN\/wp-json\/wp\/v2\/categories?post=6514"},{"taxonomy":"post_tag","embeddable":true,"href":"https:\/\/congolobilelo.com\/IN\/wp-json\/wp\/v2\/tags?post=6514"}],"curies":[{"name":"wp","href":"https:\/\/api.w.org\/{rel}","templated":true}]}}