{"id":6498,"date":"2014-04-09T07:39:53","date_gmt":"2014-04-09T07:39:53","guid":{"rendered":"http:\/\/www.ingeta.com\/?p=6498"},"modified":"2014-04-09T07:39:53","modified_gmt":"2014-04-09T07:39:53","slug":"genocide-rwandais-affrontement-anglo-saxonsfrancais-et-la-guerre-au-congo-il-faut-avoir-un-regard-lucide-et-froid","status":"publish","type":"post","link":"https:\/\/congolobilelo.com\/IN\/genocide-rwandais-affrontement-anglo-saxonsfrancais-et-la-guerre-au-congo-il-faut-avoir-un-regard-lucide-et-froid\/","title":{"rendered":"G\u00e9nocide rwandais, affrontement anglo-saxons\/Fran\u00e7ais et la guerre au Congo: Il faut avoir un regard lucide et froid"},"content":{"rendered":"<p>\t\t\t\t<strong>L\u2019analyste politique Jean-Pierre Mbelu d\u00e9crypte les fondements g\u00e9ostrat\u00e9giques du g\u00e9nocide rwandais, souligne les mensonges de Paul Kagam\u00e9 et de ses protecteurs anglo-saxons et explique pourquoi nous devons avoir un regard lucide et attentif sur ce qui est en train de se r\u00e9\u00e9crire comme histoire dans la r\u00e9gion des Grands Lacs et \u00e0 travers le monde. <\/strong><\/p>\n<p><iframe loading=\"lazy\" width=\"560\" height=\"360\" src=\"\/\/www.youtube.com\/embed\/3kJsU7AYMlQ\" frameborder=\"0\" allowfullscreen><\/iframe><\/p>\n<p><strong>Sur la comm\u00e9moration du 20\u00e8me anniversaire du g\u00e9nocide au Rwanda<\/strong><\/p>\n<blockquote><p>Nous devons avoir un regard lucide et froid. La relecture de l\u2019histoire des grands lacs passe par celle du g\u00e9nocide rwandais. Le g\u00e9nocide rwandais n\u2019a pas encore livr\u00e9 tous ses secrets. Il est tr\u00e8s important que les congolais puissent rester \u00e0 l\u2019\u00e9coute de l\u2019histoire du g\u00e9nocide rwandais.<br \/>\nLa guerre contre le Congo avait \u00e9t\u00e9 pr\u00e9sent\u00e9e comme une guerre de lib\u00e9ration, or nous nous rendons que les v\u00e9ritables acteurs du g\u00e9nocide rwandais avaient un projet. Le projet n\u2019\u00e9tait pas seulement de s\u2019arr\u00eater en renversant le pr\u00e9sident Habyarimana. Le projet \u00e9tait de faire main basse des ressources du sol et sous-sol congolais. Les v\u00e9ritables commanditaires du g\u00e9nocide rwandais voulaient en finir avec l\u2019occupation africaine du pr\u00e9 carr\u00e9 fran\u00e7ais.<br \/>\nComme ce g\u00e9nocide \u00e9tait un \u00e9v\u00e9nement profond devant conduire \u00e0 la guerre de pr\u00e9dation qui est en train se passer au Congo depuis les ann\u00e9es 1990 jusqu\u2019\u00e0 ce jour, nous devrions comprendre que les autres processus initi\u00e9s au Congo, comme le processus \u00e9lectoral, n\u2019ont aucune signification, du moment qu\u2019ils impliquent les acteurs, les n\u00e8gres de service utilis\u00e9s pour r\u00e9aliser ce grand projet de la prise en otage de l\u2019espace des grands lacs africains.<br \/>\nLe front patriote rwandais a \u00e9t\u00e9 utilis\u00e9 comme fer de lance dans cette guerre d\u2019agression et de pr\u00e9dation contre  l\u2019Ouganda, le Burundi, le Rwanda et le Congo.<br \/>\nIl y a moyen, si les dignes filles et fils de la r\u00e9gion des grands lacs comprennent tout cela, qu\u2019un  processus de justice, v\u00e9rit\u00e9 et r\u00e9conciliation puisse \u00eatre initi\u00e9 dans tous les pays de la sous-r\u00e9gion.<\/p><\/blockquote>\n<p><strong>Sur les d\u00e9clarations de Kagam\u00e9 dans l\u2019hebdomadaire Jeune Afrique<\/strong><\/p>\n<blockquote><p>Kagam\u00e9 fait du th\u00e9\u00e2tre. Les allusions qu\u2019il fait \u00e0 l\u2019histoire de cet espace africain avec les pays occidentaux peuvent valoir leur pesant d\u2019or. Il y a effectivement, de pr\u00e8s ou de loin, une responsabilit\u00e9 des pays occidentaux qui, en occupant l\u2019Afrique, ont eu recours \u00e0 la politique du \u00ab diviser pour r\u00e9gner \u00bb. Mais cela \u00e9tant, Kagam\u00e9 persiste dans le mensonge. Il fait comme si, depuis qu\u2019il a fait tirer sur l\u2019avion du pr\u00e9sident Habyarimana, il n\u2019y avait pas eu dans son entourage, des hommes et des femmes, pour donner leurs t\u00e9moignages sur ce qu\u2019il y a eu exactement.<br \/>\nLe g\u00e9nocide rwandais est un \u00e9v\u00e9nement profond orchestr\u00e9 par les services de s\u00e9curit\u00e9 du FPR et de leurs alli\u00e9s pour pouvoir atteindre un objectif que le FPR s\u2019\u00e9tait assign\u00e9 : Prendre le pouvoir par les armes. Il fait comme si les t\u00e9moignages de ses proches \u00e9taient inexistants. <\/p><\/blockquote>\n<p><strong>Sur les protecteurs anglo-saxons de Kagam\u00e9<\/strong><\/p>\n<blockquote><p>Le style de Paul Kagam\u00e9 est le m\u00eame depuis qu\u2019il a pris le pouvoir par les armes. Sassou en voyant l\u2019audace ou le manque de respect de Kagam\u00e9 envers la France avait confi\u00e9 ceci  \u00e0 Pierre P\u00e9an : &#8220;Quand le paralytique assis au pied du manguier joue avec des feuilles vertes, c\u2019est qu\u2019il y a quelqu\u2019un dans l\u2019arbre qui les a jet\u00e9es. Sinon, il ne joue qu\u2019avec des feuilles mortes !&#8221; Kagam\u00e9 est un paralytique qui s\u2019amuse avec les feuilles vertes que lui envoient ses amis anglo-saxons.<br \/>\nA travers le discours de Paul Kagam\u00e9, c\u2019est l\u2019affrontement entre les anglo-saxons et la France qui se poursuit.<br \/>\nContrairement \u00e0 ce qui les pays dits d\u00e9mocratiques nous ont vendu comme id\u00e9ologie, le monde n\u2019est pas fond\u00e9 sur des valeurs d\u00e9mocratiques. Le monde est fond\u00e9 sur des rapports de force.<br \/>\nKagam\u00e9, connaissant ses parrains, sait que c\u2019est la force qui triomphe. Il sait qu\u2019avec eux, il n\u2019y a que la force qui compte et non les doctrines de bonnes intentions : droits de l\u2019homme, d\u00e9mocratie et participation citoyenne.<br \/>\nSi nous perdons tout cela de vue, nous risquons de ne pas comprendre pourquoi ce monsieur l\u00e0, tuant, pillant le Congo, faisant de millions de morts, jouit toujours du soutien de ses parrains.<br \/>\nLes pays qui vous disent qu\u2019ils soutiennent la d\u00e9mocratie et les droits de l\u2019homme, sont les m\u00eames qui soutiennent les Djihadistes, sont les m\u00eames qui soutiennent les n\u00e9o-nazis, et leur recours \u00e0 l\u2019id\u00e9ologie de la d\u00e9mocratie et des droits de l\u2019homme est \u00e0 g\u00e9om\u00e9trie variable.<\/p><\/blockquote>\n<p><strong>Sur la question du g\u00e9nocide au Congo<\/strong><\/p>\n<blockquote><p>Pendant qu\u2019on c\u00e9l\u00e8bre le g\u00e9nocide rwandais, rares sont les acteurs politiques qui font allusion au Congo. Qu\u2019est-ce que les congolais ont fait \u00e0 ce beau monde ? C\u2019est comme si tuer les congolais, les exterminer n\u2019avait aucune esp\u00e8ce d\u2019importance\u2026 Obama a un discours humaniste, mais depuis qu\u2019il est au pouvoir aux USA, combien d\u2019enfants, femmes et hommes ont \u00e9t\u00e9 tu\u00e9s \u00e0 travers le monde avec le soutien des USA ?<br \/>\nNous avons aujourd\u2019hui en Occident des hommes et des femmes qui ont compris  le jeu jou\u00e9 par les grandes puissances en Afrique centrale. Il y a les Etats profonds occidentaux qui travaillent avec les dictateurs, avec les massacreurs de leurs peuples. Mais petit \u00e0 petit, les gens sont de moins en moins dupes, ils comprennent.<br \/>\nLes congolais doivent rester attentifs \u00e0 ce qui est en train de se r\u00e9\u00e9crire comme histoire.<\/p><\/blockquote>\n<p><strong>Sur le sommet Union Europ\u00e9enne\/Afrique \u00e0 Bruxelles<\/strong><\/p>\n<blockquote><p>Est-ce que l\u2019Afrique est organis\u00e9e de mani\u00e8re \u00e0 pouvoir renverser les rapports de force dans ses \u00e9changes avec l\u2019Europe ? Est-ce que les diff\u00e9rents trait\u00e9s sign\u00e9s entre l\u2019Afrique et l\u2019Europe ont profit\u00e9 tant soit peu \u00e0 l\u2019Afrique ?<br \/>\nIl ne faut pas oublier que l\u2019Union Africaine est financ\u00e9 en grande partie, par l\u2019union europ\u00e9enne.<br \/>\nDonc, le partenariat est asym\u00e9trique. Comment voulez-vous renverser les rapports de force dans un partenariat o\u00f9 vous comptez comme des quantit\u00e9s n\u00e9gligeables. Cela d\u2019autant plus que la plupart des africains sont des n\u00e8gres de service des pays occidentaux.<br \/>\nZuma a compris qu\u2019il n\u2019y a pas grand-chose \u00e0 attendre des discours de bonnes intentions des occidentaux. M\u00eame si sa gestion de l\u2019Afrique du Sud n\u2019est pas rationnelle, a opt\u00e9 pour les BRIC au lieu de continuer \u00e0 travailler avec une Europe qui ne fait que faire souffrir l\u2019Afrique.<\/p><\/blockquote>\n<p><strong>Sur le forum de la plateforme \u00ab Sauvons le Congo \u00bb et ses 59 r\u00e9solutions<\/strong><\/p>\n<blockquote><p>Que ce qu\u2019il nous reste d\u2019acteurs politiques au Congo comprenne qu\u2019il est important de se rencontrer, d\u2019\u00e9changer sur le Congo, cela peut \u00eatre mis \u00e0 leur actif.<br \/>\nMais quand vous lisez les r\u00e9solutions, il y a certaines questions que l\u2019on peut se poser. Peut-\u00eatre que la plateforme a ses strat\u00e9gies qui vont l\u2019aider \u00e0 infl\u00e9chir la position de la \u00ab majorit\u00e9 dite pr\u00e9sidentielle \u00bb. Est-ce qu\u2019il suffit de formuler 59 bonnes intentions pour voir les choses changer comme par coup de baguette magique au Congo ?<br \/>\nQuelles sont les strat\u00e9gies que cette plateforme arr\u00eate pour pouvoir d\u2019abord travailler avec les masses populaires, les informer sur les dangers que le pays court en tra\u00eenant un mensonge depuis les ann\u00e9es 1990 ? Or ce mensonge est mis entre parenth\u00e8ses dans les r\u00e9solutions de \u00ab Sauvons le Congo \u00bb.<br \/>\nKabila n\u2019acceptera jamais de partir du Congo par le processus \u00e9lectoral. Il est en train de consolider sa position dans la police et dans l\u2019arm\u00e9e, et il va essayer de s\u2019imposer par les armes pour rester au pouvoir.<br \/>\nNous congolais, nous devrions \u00eatre suffisamment sages pour comprendre que tous ses d\u00e9bats, autour de la constitution, sont en train de pr\u00e9parer ce que seront r\u00e9ellement ces fameuses \u00e9lections. Il ne faudrait pas exposer nos populations \u00e0 la mort, n\u2019allons pas aux \u00e9lections, orientons-les dans une autre direction. <\/p><\/blockquote>\n<p><\/br><\/p>\n","protected":false},"excerpt":{"rendered":"<p>L\u2019analyste politique Jean-Pierre Mbelu d\u00e9crypte les fondements g\u00e9ostrat\u00e9giques du g\u00e9nocide rwandais, souligne les mensonges de Paul Kagam\u00e9 et de ses protecteurs anglo-saxons et explique pourquoi nous devons avoir un regard lucide et attentif sur ce qui est en train de se r\u00e9\u00e9crire comme histoire dans la r\u00e9gion des Grands Lacs et \u00e0 travers le monde. [&hellip;]<\/p>\n","protected":false},"author":1,"featured_media":6500,"comment_status":"open","ping_status":"open","sticky":false,"template":"","format":"standard","meta":{"_acf_changed":false,"content-type":"","footnotes":""},"categories":[107,124],"tags":[],"class_list":["post-6498","post","type-post","status-publish","format-standard","has-post-thumbnail","hentry","category-analyses-commentaires","category-politique-societe"],"acf":[],"_links":{"self":[{"href":"https:\/\/congolobilelo.com\/IN\/wp-json\/wp\/v2\/posts\/6498","targetHints":{"allow":["GET"]}}],"collection":[{"href":"https:\/\/congolobilelo.com\/IN\/wp-json\/wp\/v2\/posts"}],"about":[{"href":"https:\/\/congolobilelo.com\/IN\/wp-json\/wp\/v2\/types\/post"}],"author":[{"embeddable":true,"href":"https:\/\/congolobilelo.com\/IN\/wp-json\/wp\/v2\/users\/1"}],"replies":[{"embeddable":true,"href":"https:\/\/congolobilelo.com\/IN\/wp-json\/wp\/v2\/comments?post=6498"}],"version-history":[{"count":0,"href":"https:\/\/congolobilelo.com\/IN\/wp-json\/wp\/v2\/posts\/6498\/revisions"}],"wp:featuredmedia":[{"embeddable":true,"href":"https:\/\/congolobilelo.com\/IN\/wp-json\/"}],"wp:attachment":[{"href":"https:\/\/congolobilelo.com\/IN\/wp-json\/wp\/v2\/media?parent=6498"}],"wp:term":[{"taxonomy":"category","embeddable":true,"href":"https:\/\/congolobilelo.com\/IN\/wp-json\/wp\/v2\/categories?post=6498"},{"taxonomy":"post_tag","embeddable":true,"href":"https:\/\/congolobilelo.com\/IN\/wp-json\/wp\/v2\/tags?post=6498"}],"curies":[{"name":"wp","href":"https:\/\/api.w.org\/{rel}","templated":true}]}}