{"id":6493,"date":"2014-04-08T11:35:02","date_gmt":"2014-04-08T11:35:02","guid":{"rendered":"http:\/\/www.ingeta.com\/?p=6493"},"modified":"2014-04-08T11:35:02","modified_gmt":"2014-04-08T11:35:02","slug":"vivre-pres-dun-grand-lac-et-mourir-de-soif","status":"publish","type":"post","link":"https:\/\/congolobilelo.com\/IN\/vivre-pres-dun-grand-lac-et-mourir-de-soif\/","title":{"rendered":"Goma, RDC: Vivre pr\u00e8s d\u2019un grand lac et mourir de soif"},"content":{"rendered":"<p>\t\t\t\tPar <a href=\"http:\/\/www.rnw.nl\/afrique\/article\/vivre-pr%C3%A8s-d%E2%80%99un-grand-lac-et-mourir-de-soif\">Chantal Faida Mulenga-byuma<\/a><\/p>\n<p><strong>Le 22 mars, c\u2019\u00e9tait la journ\u00e9e mondiale de l\u2019eau. \u00c0 Goma, en RDC, des voix s\u2019\u00e9l\u00e8vent pour qu&#8217;une attention particuli\u00e8re soit port\u00e9e au probl\u00e8me de l\u2019acc\u00e8s \u00e0 l\u2019eau potable.<\/strong><\/p>\n<p>Dans une interview accord\u00e9e \u00e0 une radio locale, Gautier Misona, le pr\u00e9sident la soci\u00e9t\u00e9 civile de la ville de Goma, laisse entendre que la question d\u2019eau doit \u00eatre un sujet populaire : &#8220;L\u2019acc\u00e8s \u00e0 l\u2019eau potable est un droit inali\u00e9nable en RDC. La population doit donc penser \u00e0 se prendre en charge au travers des manifestations non violentes \u2013 marches pacifiques, d\u00e9clarations publiques etc. &#8211; pour revendiquer l\u2019eau potable.&#8221;<\/p>\n<h3>Cette p\u00e9nurie d&#8217;eau r\u00e9currente<\/h3>\n<p>Plus qu\u2019un calvaire, un d\u00e9sastre, la p\u00e9nurie d\u2019eau r\u00e9currente au Congo en g\u00e9n\u00e9ral et \u00e0 Goma en particulier est devenue une catastrophe. \u00c0 en croire le rapport annuel 2013 de l\u2019UNICEF, 37 millions de Congolais n\u2019ont pas acc\u00e8s \u00e0 l\u2019eau potable et les chiffres vont croissant.<\/p>\n<p>Pourtant, nous avons mille et une raisons de jouir de cette ressource que nous d\u00e9tenons abondamment.<\/p>\n<h3>L&#8217;eau impropre cause des maladies<\/h3>\n<p>Il y a lieu de s\u2019interroger \u00e0 quoi nous sert toute cette eau. En ce qui concerne la ville de Goma, c\u2019est un paradoxe de vivre au bord d\u2019un lac majestueux, le lac Kivu, et mourir de soif.<\/p>\n<p>Dans la majorit\u00e9 de quartiers r\u00e9sidentiels de cette ville situ\u00e9e au pied d\u2019un volcan, les robinets sont secs. Les cons\u00e9quences humanitaires sont f\u00e2cheuses. La consommation de l\u2019eau impropre (l\u2019eau du lac non trait\u00e9e) est la cause de maladies hydriques. Aller chercher de l\u2019eau potable t\u00f4t le matin ou tard le soir, c\u2019est faire de tr\u00e8s longues distances \u00e0 pied, avec tous les risques que l\u2019on peut encourir, comme les rapts, les viols, voire les meurtres.<\/p>\n<h3>L&#8217;\u00c9tat toujours absent quand on a besoin de lui<\/h3>\n<p>&#8220;Nos \u00e9quipes sont \u00e0 pied d\u2019\u0153uvre pour pallier \u00e0 ce d\u00e9ficit criant d\u2019eau \u00e0 Goma, juste un peu de patience&#8221;, telle est la chanson qu\u2019on nous sort toujours quand on \u00e9voque ce probl\u00e8me de p\u00e9nurie d\u2019eau aux autorit\u00e9s locales.<br \/>\nPas de plan directeur de l\u2019eau, pas de code d\u2019eau, pas d\u2019efforts de reconstruction d\u2019infrastructures concernant l\u2019eau, pas d\u2019am\u00e9nagement de source publique d\u2019eau, bref, aucune issue en vue face \u00e0 cette question qui touche toutes les couches de la population.<\/p>\n<h3>Mobilisation des jeunes<\/h3>\n<p>De leur c\u00f4t\u00e9, certains jeunes engag\u00e9s dans la Lutte pour le changement positif au Congo, la Lucha &#8211; pr\u00e9voient d\u2019organiser prochainement une journ\u00e9e de manifestation devant les bureaux des autorit\u00e9s pour exiger que l\u2019eau coule \u00e0 nouveau dans les robinets.<\/p>\n<p>Bienvenu Matumo, militant de la Lucha, motive cette action : &#8220;Ce n\u2019est pas une faveur qu\u2019on va leur demander, mais c\u2019est juste une demande de r\u00e9tablissement de nos droits. L\u2019eau c\u2019est la vie, dit-on. Nous avons droit \u00e0 la vie. Pendant longtemps le peuple s\u2019est content\u00e9 de demi-mesures, nous voulons des solutions durables.&#8221;<\/p>\n<p><em>Chantal Faida Mulenga-byuma <\/em><br \/>\nSon blog: <a href=\"http:\/\/chantalfaida.blogspot.fr\/\">http:\/\/chantalfaida.blogspot.fr\/<\/a><br \/>\nSur Twitter: <a href=\"https:\/\/twitter.com\/ChantalFaida\">@chantalfaida<\/a>\t\t<\/p>\n","protected":false},"excerpt":{"rendered":"<p>Par Chantal Faida Mulenga-byuma Le 22 mars, c\u2019\u00e9tait la journ\u00e9e mondiale de l\u2019eau. \u00c0 Goma, en RDC, des voix s\u2019\u00e9l\u00e8vent pour qu&#8217;une attention particuli\u00e8re soit port\u00e9e au probl\u00e8me de l\u2019acc\u00e8s \u00e0 l\u2019eau potable. Dans une interview accord\u00e9e \u00e0 une radio locale, Gautier Misona, le pr\u00e9sident la soci\u00e9t\u00e9 civile de la ville de Goma, laisse entendre [&hellip;]<\/p>\n","protected":false},"author":1,"featured_media":6495,"comment_status":"open","ping_status":"open","sticky":false,"template":"","format":"standard","meta":{"_acf_changed":false,"content-type":"","footnotes":""},"categories":[152,160,124,162],"tags":[],"class_list":["post-6493","post","type-post","status-publish","format-standard","has-post-thumbnail","hentry","category-environnement","category-nouvelles-front-est","category-politique-societe","category-rd-congo"],"acf":[],"_links":{"self":[{"href":"https:\/\/congolobilelo.com\/IN\/wp-json\/wp\/v2\/posts\/6493","targetHints":{"allow":["GET"]}}],"collection":[{"href":"https:\/\/congolobilelo.com\/IN\/wp-json\/wp\/v2\/posts"}],"about":[{"href":"https:\/\/congolobilelo.com\/IN\/wp-json\/wp\/v2\/types\/post"}],"author":[{"embeddable":true,"href":"https:\/\/congolobilelo.com\/IN\/wp-json\/wp\/v2\/users\/1"}],"replies":[{"embeddable":true,"href":"https:\/\/congolobilelo.com\/IN\/wp-json\/wp\/v2\/comments?post=6493"}],"version-history":[{"count":0,"href":"https:\/\/congolobilelo.com\/IN\/wp-json\/wp\/v2\/posts\/6493\/revisions"}],"wp:featuredmedia":[{"embeddable":true,"href":"https:\/\/congolobilelo.com\/IN\/wp-json\/"}],"wp:attachment":[{"href":"https:\/\/congolobilelo.com\/IN\/wp-json\/wp\/v2\/media?parent=6493"}],"wp:term":[{"taxonomy":"category","embeddable":true,"href":"https:\/\/congolobilelo.com\/IN\/wp-json\/wp\/v2\/categories?post=6493"},{"taxonomy":"post_tag","embeddable":true,"href":"https:\/\/congolobilelo.com\/IN\/wp-json\/wp\/v2\/tags?post=6493"}],"curies":[{"name":"wp","href":"https:\/\/api.w.org\/{rel}","templated":true}]}}