{"id":6476,"date":"2014-03-31T15:50:27","date_gmt":"2014-03-31T15:50:27","guid":{"rendered":"http:\/\/www.ingeta.com\/?p=6476"},"modified":"2014-03-31T15:50:27","modified_gmt":"2014-03-31T15:50:27","slug":"rd-congo-presidentielle-mefiez-vous-des-americains","status":"publish","type":"post","link":"https:\/\/congolobilelo.com\/IN\/rd-congo-presidentielle-mefiez-vous-des-americains\/","title":{"rendered":"RD Congo \u2013 Pr\u00e9sidentielle : M\u00e9fiez-vous des Am\u00e9ricains"},"content":{"rendered":"<p>\t\t\t\tPar <a href=\"http:\/\/www.agoravox.fr\/actualites\/international\/article\/rd-congo-presidentielle-mefiez-150014\">Boniface Musavuli<\/a><\/p>\n<p>&nbsp;<br \/>\n<strong>L\u2019\u00e9lection pr\u00e9sidentielle de 2006, en R\u00e9publique D\u00e9mocratique du Congo, avait \u00e9t\u00e9 pilot\u00e9e par les Europ\u00e9ens avec, \u00e0 la man\u0153uvre, le Commissaire Louis Michel. L\u2019Europe avait vers\u00e9 la grande partie des cinq cents millions de dollars que le scrutin avait co\u00fbt\u00e9s, et d\u00e9ploy\u00e9 des troupes (EUFOR RD Congo) \u00e0 Kinshasa. L\u2019enjeu de cette \u00e9lection \u00e9tait le maintien de Joseph Kabila au pouvoir pour rassurer les milieux d\u2019affaires occidentaux. Pour 2016, tout porte \u00e0 croire que ce sont les Am\u00e9ricains qui devront piloter en sous-main le processus. En t\u00e9moignent les apparitions des organismes comme l\u2019USAID, le NED,&#8230; Mais, pour les Congolais, l\u2019enjeu n\u2019est pas de savoir qui sera \u00e9lu ou qui ne le sera pas. La principale question est de savoir quel est l\u2019agenda am\u00e9ricain sur le Congo de l\u2019apr\u00e8s-2016, la m\u00eame question qui aurait d\u00fb \u00eatre pos\u00e9e au sujet des Europ\u00e9ens lorsque ces derniers parrainaient l\u2019\u00e9lection de 2006.<\/strong><\/p>\n<div><\/div>\n<p>&nbsp;<\/p>\n<div>\n<p>Les Congolais ont d\u00e9couvert au fil du temps les agendas cach\u00e9s des parrains de l\u2019\u00e9lection de 2006.<strong>Charles Onana<\/strong><a title=\"\" href=\"http:\/\/www.agoravox.fr\/actualites\/international\/article\/rd-congo-presidentielle-mefiez-150014#_ftn1\" rel=\"nofollow\">[1]<\/a>\u00a0d\u00e9crit les\u00a0<em>\u00ab\u00a0combines\u00a0\u00bb<\/em>\u00a0qui se tramaient dans le dos d\u2019un peuple deux ans au moins avant le scrutin. En gros, il fallait qu\u2019il y ait \u00e0 Kinshasa un\u00a0<em>Pr\u00e9sident faible<\/em>\u00a0qui conc\u00e8derait \u00e0 laisser l\u2019Est du Congo \u00e0 la merci des groupes arm\u00e9s \u00e0 la solde de Kigali et Kampala. L\u2019objectif, inavouable, \u00e9tait que le pillage des ressources mini\u00e8res de la r\u00e9gion perdure, et que les minerais continuent d\u2019\u00eatre achemin\u00e9s au Rwanda et en Ouganda o\u00f9 ils sont commercialis\u00e9s et export\u00e9s au profit des firmes occidentales.<\/p>\n<p>D\u00e8s 2008, soit deux ans seulement apr\u00e8s son \u00e9lection, Joseph Kabila voit surgir sur le territoire national les arm\u00e9es ougandaise et rwandaise sous couvert du CNDP, l\u2019anc\u00eatre du M23. Le Pr\u00e9sident se soumet, autorise l\u2019entr\u00e9e de l\u2019arm\u00e9e rwandaise au Congo et la signature des\u00a0<a href=\"http:\/\/radiookapi.net\/files\/Accord-CNDP-Gvt-23-mars-2009-pdf.pdf\" rel=\"nofollow\">accords du 23 mars 2009<\/a>, ouvrant la voie \u00e0 la guerre du M23.<\/p>\n<p>Le Ra\u00efs ne faisait qu\u2019ob\u00e9ir, et il faut bien admettre qu\u2019il s\u2019est acquitt\u00e9 de la\u00a0<em>\u00ab\u00a0mission\u00a0\u00bb<\/em>\u00a0sans \u00e9tat d\u2019\u00e2me. Au point de devoir abandonner aux mains de l\u2019ennemi<a title=\"\" href=\"http:\/\/www.agoravox.fr\/actualites\/international\/article\/rd-congo-presidentielle-mefiez-150014#_ftn2\" rel=\"nofollow\">[2]<\/a>\u00a0un peuple qu\u2019il a pourtant l\u2019obligation constitutionnelle de prot\u00e9ger.<\/p>\n<p>Pour les Congolais, 2006 aura \u00e9t\u00e9 la porte ouverte aux agressions rwando-ougandaises, les d\u00e9placements forc\u00e9s des populations, les massacres, les viols, les pillages\u2026, avec la complicit\u00e9 des autorit\u00e9s de Kinshasa. Mais ces ann\u00e9es de cauchemar ne sont peut-\u00eatre rien compar\u00e9es \u00e0 la s\u00e9quence qui devrait s\u2019ouvrir au lendemain de la prochaine pr\u00e9sidentielle dans laquelle s\u2019invitent les Am\u00e9ricains.<\/p>\n<\/div>\n<h3>M\u00e9diter l\u2019agenda am\u00e9ricain avant d\u2019aller voter<\/h3>\n<p>Pour 2016, il n\u2019y a pas de quoi se faire d\u2019illusion. L\u2019\u00e9lecteur congolais doit juste m\u00e9diter l\u2019agenda am\u00e9ricain dans la r\u00e9gion. Washington, tout comme Bruxelles, ne s\u2019impliquera dans le processus \u00e9lectoral congolais que pour veiller \u00e0 ce que le prochain Pr\u00e9sident\u00a0<em>(ou le m\u00eame)<\/em>\u00a0se conforme \u00e0 son agenda dans la R\u00e9gion des Grands Lacs. Or, l\u2019agenda am\u00e9ricain dans la r\u00e9gion est une catastrophe pour les Congolais. La pire catastrophe humanitaire au monde depuis la Seconde Guerre Mondiale. Et \u00e7a remonte \u00e0 la pr\u00e9sidence de Bill Clinton\u00a0<em>(1996, d\u00e9clenchement de la Premi\u00e8re Guerre du Congo)<\/em>.<\/p>\n<p>En effet, les Am\u00e9ricains restent toujours convaincus que le Congo est un trop grand pays par rapport \u00e0 la capacit\u00e9 de ses dirigeants \u00e0 le gouverner<a title=\"\" href=\"http:\/\/www.agoravox.fr\/actualites\/international\/article\/rd-congo-presidentielle-mefiez-150014#_ftn3\" rel=\"nofollow\">[3]<\/a>. C\u2019est le postulat sur la base duquel ils arment et soutiennent le Rwanda et l\u2019Ouganda dans les interminables guerres que les deux pays m\u00e8nent contre le Congo. L\u2019id\u00e9e est de faire dispara\u00eetre le Congo que les Am\u00e9ricains ne consid\u00e8rent pas comme une nation souveraine malgr\u00e9 les\u00a0<em>\u00ab\u00a0interdits\u00a0\u00bb<\/em>\u00a0du droit international et du droit humanitaire, et malgr\u00e9 le fait que le pays occupe toujours une place \u00e0 l\u2019ONU en tant qu\u2019Etat membre.<\/p>\n<p>La n\u00e9gation du Congo en tant que\u00a0<em>\u00ab\u00a0nation souveraine\u00a0\u00bb<\/em>\u00a0a beau avoir co\u00fbt\u00e9 la vie \u00e0 des millions de Congolais\u00a0<em>(autant de Congolais que les victimes de la Shoah)<\/em>, les dirigeants am\u00e9ricains semblent d\u00e9termin\u00e9s \u00e0 aller jusqu\u2019au bout. Ougandais et Rwandais, malgr\u00e9 l\u2019affaire du M23, continuent d\u2019\u00eatre les principaux interlocuteurs des Am\u00e9ricains dans la r\u00e9gion et leurs alli\u00e9s militaires comme en t\u00e9moigne le doublement annonc\u00e9 des effectifs de l\u2019arm\u00e9e am\u00e9ricaine en Ouganda<a title=\"\" href=\"http:\/\/www.agoravox.fr\/actualites\/international\/article\/rd-congo-presidentielle-mefiez-150014#_ftn4\" rel=\"nofollow\">[4]<\/a>. Officiellement pour traquer le chef de la LRA, Joseph Kony. Ou encore le d\u00e9ploiement des soldats rwandais en Centrafrique \u00e0 bord des avions de l\u2019arm\u00e9e am\u00e9ricaine<a title=\"\" href=\"http:\/\/www.agoravox.fr\/actualites\/international\/article\/rd-congo-presidentielle-mefiez-150014#_ftn5\" rel=\"nofollow\">[5]<\/a>. Cette coop\u00e9ration militaire sera maintenue, et m\u00eame renforc\u00e9e, les aides suspendues, suite \u00e0 l\u2019affaire du M23, devant \u00eatre rapidement r\u00e9tablies. Or, la coop\u00e9ration militaire am\u00e9ricaine avec Kigali et Kampala se fait toujours au d\u00e9triment des populations congolaises. En effet, le Rwanda et l\u2019Ouganda n\u2019utilisent les moyens militaires mis \u00e0 leur disposition que pour attaquer un seul pays de la r\u00e9gion, le Congo. Et les Am\u00e9ricains le savent.<\/p>\n<p>Ainsi les Congolais devraient-ils s\u2019interroger sur ce que sont devenus les membres du M23. Ils ne sont ni extrad\u00e9s ni poursuivis en justice. Si les\u00a0<em>\u00ab\u00a0grandes puissances\u00a0\u00bb<\/em>\u00a0ont tout entrepris pour les faire amnistier, en application des\u00a0<a href=\"http:\/\/ambardcparis.com\/Communique%20Final.pdf\" rel=\"nofollow\">engagements de Nairobi<\/a>, on peut raisonnablement consid\u00e9rer qu\u2019elles n\u2019excluent pas de se servir d\u2019eux, \u00e0 nouveau, dans l\u2019avenir, contre le Congo. Le cas du g\u00e9n\u00e9ral Laurent Nkunda devrait particuli\u00e8rement attirer l\u2019attention des Congolais. Officiellement arr\u00eat\u00e9 en janvier 2009, il fait une apparition surprise dans la cha\u00eene de commandement du M23 trois ans plus tard, comme l\u2019ont relev\u00e9 les experts de l\u2019ONU dans leur rapport de novembre 2012<a title=\"\" href=\"http:\/\/www.agoravox.fr\/actualites\/international\/article\/rd-congo-presidentielle-mefiez-150014#_ftn6\" rel=\"nofollow\">[6]<\/a>,<a title=\"\" href=\"http:\/\/www.agoravox.fr\/actualites\/international\/article\/rd-congo-presidentielle-mefiez-150014#_ftn7\" rel=\"nofollow\">[7]<\/a>. En gros, ces combattants-l\u00e0 ne sont pas en train de dormir au Rwanda et en Ouganda. La victoire de l\u2019arm\u00e9e congolaise a \u00e9t\u00e9, en partie, arrang\u00e9e<a title=\"\" href=\"http:\/\/www.agoravox.fr\/actualites\/international\/article\/rd-congo-presidentielle-mefiez-150014#_ftn8\" rel=\"nofollow\">[8]<\/a>, s\u00fbrement pour \u00e9viter \u00e0 Kabila un soul\u00e8vement populaire \u00e0 Kinshasa ou une trop lourde sanction \u00e9lectorale en 2016. Mais une fois l\u2019\u00e9lection pass\u00e9e, la cacophonie dans le Kivu devrait\u00a0<em>\u00ab\u00a0recommencer comme avant\u00a0\u00bb<\/em>. En tout cas, tant que ces combattants ne sont pas traduits en justice et condamn\u00e9s pour leurs crimes, il faut s\u2019attendre \u00e0 ce qu\u2019ils fassent, \u00e0 nouveau, parler d\u2019eux au Congo. L\u2019agenda am\u00e9ricain \u00e9tant toujours ce qu\u2019il est, les combattants\u00a0<em>rwando<\/em>-ougandais ont la garantie de reprendre du service dans un avenir pr\u00e9visible.<\/p>\n<h3>Kabila, meilleur candidat des Am\u00e9ricains<\/h3>\n<p>Aussi p\u00e9nible pour les Congolais que cela puisse para\u00eetre, les Am\u00e9ricains, tout comme les Europ\u00e9ens avant eux, ont besoin d\u2019un homme\u00a0<em>\u00ab\u00a0facile \u00e0 man\u0153uvrer\u00a0\u00bb<\/em>\u00a0\u00e0 la pr\u00e9sidence du Congo. Les difficult\u00e9s qu\u2019ils ont \u00e9prouv\u00e9es face \u00e0 Patrice Lumumba et \u00e0 Laurent-D\u00e9sir\u00e9 Kabila leur ont appris \u00e0 prendre un maximum de pr\u00e9caution. Jean-Pierre Bemba en a fait les frais en 2006 au point d\u2019\u00eatre neutralis\u00e9 et enferm\u00e9 dans une prison de La Haye. Etienne Tshisekedi sera le suivant, cinq ans plus tard. Il faut un\u00a0<em>Pr\u00e9sident faible<\/em>\u00a0\u00e0 Kinshasa pour mener \u00e0 bien les\u00a0<em>\u00ab\u00a0complots\u00a0\u00bb<\/em>\u00a0contre le Congo.<\/p>\n<p>Et \u00e0 y voir de tr\u00e8s pr\u00e8s, Joseph Kabila se pr\u00e9sente comme le candidat id\u00e9al. Il a d\u00e9j\u00e0, sans \u00e9tat d\u2019\u00e2me, abandonn\u00e9 le peuple congolais entre les mains de l\u2019ennemi. Pas une fois, pas deux fois. Plusieurs fois. Abandon de Goma entre les mains du M23 en novembre 2012<a title=\"\" href=\"http:\/\/www.agoravox.fr\/actualites\/international\/article\/rd-congo-presidentielle-mefiez-150014#_ftn9\" rel=\"nofollow\">[9]<\/a>, abandon de Bukavu entre les mains de Laurent-Kunda et Jules Mutebutsi en juin 2004<a title=\"\" href=\"http:\/\/www.agoravox.fr\/actualites\/international\/article\/rd-congo-presidentielle-mefiez-150014#_ftn10\" rel=\"nofollow\">[10]<\/a>, abandon de Lodja en avril 1999 et de Pweto en d\u00e9cembre 2000 entre les mains du RCD<a title=\"\" href=\"http:\/\/www.agoravox.fr\/actualites\/international\/article\/rd-congo-presidentielle-mefiez-150014#_ftn11\" rel=\"nofollow\">[11]<\/a>, abandon de Mahagi<a title=\"\" href=\"http:\/\/www.agoravox.fr\/actualites\/international\/article\/rd-congo-presidentielle-mefiez-150014#_ftn12\" rel=\"nofollow\">[12]<\/a>,\u2026 Pour mener \u00e0 bien la balkanisation du Congo, Kabila est tout \u00e0 fait l\u2019homme de la situation.<\/p>\n<p>Bien \u00e9videmment, les Am\u00e9ricains n\u2019appara\u00eetront pas en premi\u00e8re ligne. D\u2019ailleurs, ils n\u2019h\u00e9siteront pas \u00e0 d\u00e9noncer les tentatives visant \u00e0 la modification de la Constitution comme l\u2019a fait Russ Feingold<a title=\"\" href=\"http:\/\/www.agoravox.fr\/actualites\/international\/article\/rd-congo-presidentielle-mefiez-150014#_ftn13\" rel=\"nofollow\">[13]<\/a>\u00a0apr\u00e8s la rencontre de Kingakati<a title=\"\" href=\"http:\/\/www.agoravox.fr\/actualites\/international\/article\/rd-congo-presidentielle-mefiez-150014#_ftn14\" rel=\"nofollow\">[14]<\/a>. Mais il ne faut pas se fier aux prises de position officielles. L\u2019hypocrisie est g\u00e9n\u00e9ralis\u00e9e dans les milieux diplomatiques. Un seul indice doit \u00eatre observ\u00e9\u00a0: si Kabila parvient \u00e0 faire modifier la Constitution pour se repr\u00e9senter, c\u2019est qu\u2019il aura, en coulisse, obtenu l\u2019aval des Am\u00e9ricains et des Europ\u00e9ens. Ceux-ci, bien \u00e9videmment, d\u00e9nonceront la man\u0153uvre du bout des l\u00e8vres et condamneront la r\u00e9pression des opposants \u00e0 la modification de la Loi fondamentale. Comme apr\u00e8s la r\u00e9pression de 2006 et celle de 2011, les r\u00e9criminations n\u2019iront pas plus loin. Car aujourd\u2019hui comme hier et demain, seuls les int\u00e9r\u00eats des multinationales comptent, et le Ra\u00efs s\u2019est toujours montr\u00e9 disponible, y compris pour garantir l\u2019ex\u00e9cution des contrats l\u00e9onins.<\/p>\n<h3>Que doivent faire les Congolais?<\/h3>\n<p>L\u2019id\u00e9al, dans ces conditions, est d\u2019\u00e9viter de l\u00e9gitimer par le vote un pouvoir dont on sait \u00e0 l\u2019avance qu\u2019il m\u00e8ne un peuple dans des d\u00e9sastres comme l\u2019abandon par l\u2019arm\u00e9e de Goma ou des humiliations nationales comme les pourparlers de Kampala. L\u2019id\u00e9al serait donc de boycotter cette \u00e9lection si Kabila se repr\u00e9sente puisque, raisonnablement, l\u2019apr\u00e8s 2016 ne peut \u00eatre que la reproduction de l\u2019apr\u00e8s 2006, le d\u00e9cor r\u00e9gional \u00e9tant toujours le m\u00eame\u00a0<em>(Kagam\u00e9 au pouvoir \u00e0 Kigali, Museveni au pouvoir \u00e0 Kampala et les combattants rwando-ougandais rest\u00e9s libres et pr\u00eats \u00e0 reprendre du service)<\/em>.<\/p>\n<p>L\u2019id\u00e9e du boycott fait son chemin notamment dans les milieux de la diaspora. Mais elle sera difficile \u00e0 faire accepter aux acteurs politiques \u00e0 Kinshasa pour qui la participation aux \u00e9lections, gagn\u00e9es ou perdues, est souvent le r\u00eave de toute une vie, et qu\u2019il est hors de question de rater l\u2019occasion qui se pr\u00e9sente, quelle qu\u2019elle soit. Par ailleurs, dans un contexte de crise o\u00f9 les partis politiques sont \u00e0 court de ressources, les moyens que l\u2019<em>\u00ab\u00a0Oncle Sam\u00a0\u00bb<\/em>\u00a0devrait investir dans cette \u00e9lection ne devraient qu\u2019inciter les\u00a0<em>&#8220;politiciens&#8221;<\/em>\u00a0\u00e0 la participation.<\/p>\n<p>Mais pour les Congolais, l\u2019important est d\u2019avoir \u00e9t\u00e9 pr\u00e9venus.<\/p>\n<p>&nbsp;<\/p>\n<p><em>Boniface MUSAVULI<\/em><\/p>\n<div>\n<hr size=\"1\" \/>\n<div>\n<p><a title=\"\" href=\"http:\/\/www.agoravox.fr\/actualites\/international\/article\/rd-congo-presidentielle-mefiez-150014#_ftnref1\" rel=\"nofollow\">[1]<\/a>\u00a0ONANA, Charles,\u00a0<em>Europe, Crimes et Censure au Congo, les documents qui accusent<\/em>, Ed. Duboiris, 2012.<\/p>\n<div>\n<p><a title=\"\" href=\"http:\/\/www.agoravox.fr\/actualites\/international\/article\/rd-congo-presidentielle-mefiez-150014#_ftnref2\" rel=\"nofollow\">[2]<\/a>\u00a0Laisser faire l\u2019arm\u00e9e rwandaise dans l\u2019Est du Congo \u00e9tait, selon Charles Onana, une demande expresse de Javier Solana, le Haut Repr\u00e9sentant pour la politique \u00e9trang\u00e8re et de s\u00e9curit\u00e9 commune\u00a0<em>(PESC)<\/em>de l&#8217;Union europ\u00e9enne. Lors de l\u2019occupation de Bukavu par les combattants rwandais men\u00e9s par Laurent Nkunda et Jules Mutebutsi, en juin 2004, le diplomate europ\u00e9en avait t\u00e9l\u00e9phon\u00e9 \u00e0 Kabila pour lui demander de ne rien faire. Kabila avait accept\u00e9 de laisser faire en \u00e9change de la promesse qu\u2019il serait soutenu par l\u2019Union europ\u00e9enne \u00e0 la pr\u00e9sidentielle de 2006. Voir ONANA, Charles,\u00a0<em>op. cit.,<\/em>\u00a0pp. 231-232. Promesse tenue du c\u00f4t\u00e9 de Bruxelles et silence radio sur le sort des victimes. Selon une ONG locale, durant l\u2019occupation de Bukavu, 294 femmes avaient \u00e9t\u00e9 viol\u00e9es et 359 personnes avaient \u00e9t\u00e9 tu\u00e9es.<\/p>\n<\/div>\n<div>\n<p><a title=\"\" href=\"http:\/\/www.agoravox.fr\/actualites\/international\/article\/rd-congo-presidentielle-mefiez-150014#_ftnref3\" rel=\"nofollow\">[3]<\/a>\u00a0Selon les pr\u00e9dictions et les r\u00e9v\u00e9lations du Professeur Jef Maton de l\u2019Universit\u00e9 de Gand, les experts du Pentagone tablaient, bien avant ao\u00fbt 1996, sur trois scenarios devant mener au d\u00e9membrement du Congo\u00a0: Sc\u00e9nario de la &#8220;d\u00e9rive autarcique&#8221;, Sc\u00e9nario de &#8220;l\u2019implosion-disparition&#8221;et Sc\u00e9nario de &#8220;l\u2019explosion-r\u00e9duction&#8221;. Cf. Shoyaka-Dj\u00e9sa, Joseph,\u00a0<em>\u00ab\u00a0Le projet de d\u00e9membrement du Congo et de rattachement du Kivu au Ruanda\u00a0\u00bb<\/em>, &lt;\u00a0<a href=\"http:\/\/www.congonline.com\/Forum1\/Forum00\/Shoyaka06.htm&amp;gt\" rel=\"nofollow\">http:\/\/www.congonline.com\/Forum1\/Fo&#8230;<\/a>\u00a0;<\/p>\n<\/div>\n<div>\n<p><a title=\"\" href=\"http:\/\/www.agoravox.fr\/actualites\/international\/article\/rd-congo-presidentielle-mefiez-150014#_ftnref4\" rel=\"nofollow\">[4]<\/a>\u00a0Schneider, Fr\u00e9d\u00e9ric,\u00a0<em>\u00ab\u00a0Les Etats-Unis doublent leur pr\u00e9sence militaire en Ouganda contre la LRA\u00a0\u00bb<\/em>, &lt;<a href=\"http:\/\/www.afrik.com\/les-etats-unis-doublent-leur-presence-militaire-en-ouganda-contre-la-lra?utm_source=feedburner&amp;utm_medium=feed&amp;utm_campaign=Feed%3A+afrikfr+(Afrik+VF\" rel=\"nofollow\">http:\/\/www.afrik.com\/les-etats-unis&#8230;<\/a>)&gt;<\/p>\n<\/div>\n<div>\n<p><a title=\"\" href=\"http:\/\/www.agoravox.fr\/actualites\/international\/article\/rd-congo-presidentielle-mefiez-150014#_ftnref5\" rel=\"nofollow\">[5]<\/a>\u00a0\u201cUS transports Rwandan soldiers into CAR\u201d, &lt;\u00a0<a href=\"http:\/\/www.dvidshub.net\/image\/1152664\/us-transports-rwandan-soldiers-into-car#.UzYJV_l5NtR&amp;gt\" rel=\"nofollow\">http:\/\/www.dvidshub.net\/image\/11526&#8230;<\/a>\u00a0;<\/p>\n<\/div>\n<div>\n<p><a title=\"\" href=\"http:\/\/www.agoravox.fr\/actualites\/international\/article\/rd-congo-presidentielle-mefiez-150014#_ftnref6\" rel=\"nofollow\">[6]<\/a>\u00a0<em>\u00ab\u00a0\u2026 le g\u00e9n\u00e9ral Laurent Nkunda, ancien pr\u00e9sident du CNDP vis\u00e9 par des sanctions internationales, pr\u00eate conseil aux commandants du M23 et s\u2019occupe de recruter des hommes au Rwanda pour le compte du Mouvement.\u00a0\u00bb<\/em>\u00a0Cf. Rapport du Groupe d\u2019experts sur la R\u00e9publique d\u00e9mocratique du Congo, S\/2012\/843, du 15 novembre 2012, p. 13.<\/p>\n<\/div>\n<div>\n<p><a title=\"\" href=\"http:\/\/www.agoravox.fr\/actualites\/international\/article\/rd-congo-presidentielle-mefiez-150014#_ftnref7\" rel=\"nofollow\">[7]<\/a>\u00a0<em>\u00ab\u00a0Des officiers du M23 ont d\u00e9clar\u00e9 que, malgr\u00e9 l\u2019interdiction de voyager, Nkunda s\u2019est rendu au camp militaire du M23 \u00e0 Runyonyi pour y encourager les officiers qui lui sont loyaux.\u00a0\u00bb<\/em>\u00a0Cf. Rapport du Groupe d\u2019experts sur la R\u00e9publique d\u00e9mocratique du Congo,\u00a0<em>op. cit<\/em>., p. 14.<\/p>\n<\/div>\n<div>\n<p><a title=\"\" href=\"http:\/\/www.agoravox.fr\/actualites\/international\/article\/rd-congo-presidentielle-mefiez-150014#_ftnref8\" rel=\"nofollow\">[8]<\/a>\u00a0Pour faciliter la victoire des FARDC\u00a0<em>(arm\u00e9e congolaise)<\/em>\u00a0sur le M23, le Secr\u00e9taire d\u2019Etat am\u00e9ricain, John Kerry, et le ministre britannique des affaires \u00e9trang\u00e8res, William Hague, avaient t\u00e9l\u00e9phon\u00e9 au Pr\u00e9sident rwandais Paul Kagam\u00e9 pour lui demander de retirer son soutien au M23. Cf. Pflanz, Mike et Blair, David,<em>\u00ab\u00a0DR Congo\u00a0: M23 rebels close to defeat after US and Britain urge Rwanda to stay out\u00a0\u00bb<\/em>, The Telegraph du 31 octobre 2013, &lt;\u00a0<a href=\"http:\/\/www.telegraph.co.uk\/news\/worldnews\/africaandindianocean\/democraticrepublicofcongo\/10417909\/DR-Congo-M23-rebels-close-to-defeat-after-US-and-Britain-urge-Rwanda-to-stay-out.html&amp;gt\" rel=\"nofollow\">http:\/\/www.telegraph.co.uk\/news\/wor&#8230;<\/a>\u00a0;<\/p>\n<\/div>\n<div>\n<p><a title=\"\" href=\"http:\/\/www.agoravox.fr\/actualites\/international\/article\/rd-congo-presidentielle-mefiez-150014#_ftnref9\" rel=\"nofollow\">[9]<\/a>\u00a0Selon la journaliste belge Collette Braeckman, l\u2019ordre de battre en retraite \u00e0 Goma avait \u00e9t\u00e9 donn\u00e9 par le g\u00e9n\u00e9ral Didier Etumba, Chef d\u2019Etat-major des FARDC.<\/p>\n<\/div>\n<div>\n<p><a title=\"\" href=\"http:\/\/www.agoravox.fr\/actualites\/international\/article\/rd-congo-presidentielle-mefiez-150014#_ftnref10\" rel=\"nofollow\">[10]<\/a>\u00a0Voir Onana, Charles, plus haut.<\/p>\n<\/div>\n<div>\n<p><a title=\"\" href=\"http:\/\/www.agoravox.fr\/actualites\/international\/article\/rd-congo-presidentielle-mefiez-150014#_ftnref11\" rel=\"nofollow\">[11]<\/a>\u00a0Wondo, Jean-Jacques,\u00a0<em>Les arm\u00e9es au Congo \u2013 Radioscopie de la Force Publique aux FARDC<\/em>, Ed. Monde Nouveau\/Afrique Nouvelle, Saint-L\u00e9gier\u00a0<em>(Suisse)<\/em>, Avril 2013, pp. 239 et svts.<\/p>\n<\/div>\n<div>\n<p><a title=\"\" href=\"http:\/\/www.agoravox.fr\/actualites\/international\/article\/rd-congo-presidentielle-mefiez-150014#_ftnref12\" rel=\"nofollow\">[12]<\/a>\u00a0\u00ab\u00a0RDC\u00a0: des militaires ougandais font une incursion \u00e0 Mahagi\u00a0\u00bb,<\/p>\n<p>&lt;\u00a0<a href=\"http:\/\/radiookapi.net\/actualite\/2013\/08\/26\/159420\/&amp;gt\" rel=\"nofollow\">http:\/\/radiookapi.net\/actualite\/201&#8230;<\/a>\u00a0;<\/p>\n<\/div>\n<div>\n<p><a title=\"\" href=\"http:\/\/www.agoravox.fr\/actualites\/international\/article\/rd-congo-presidentielle-mefiez-150014#_ftnref13\" rel=\"nofollow\">[13]<\/a>\u00a0<em>\u00ab\u00a0\u2026\u00a0ce n&#8217;est pas une bonne pratique de modifier la Constitution simplement pour le b\u00e9n\u00e9fice de celui ou de ceux qui sont au pouvoir.\u00a0\u00bb<\/em>\u00a0Russ Feingold sur RFI lundi 24 mars 2014. Cf.<a href=\"http:\/\/www.rfi.fr\/emission\/20140324-russ-feingold-envoye-special-etats-unis-grands-lacs\/\" rel=\"nofollow\">http:\/\/www.rfi.fr\/emission\/20140324&#8230;<\/a><\/p>\n<\/div>\n<div>\n<p><a title=\"\" href=\"http:\/\/www.agoravox.fr\/actualites\/international\/article\/rd-congo-presidentielle-mefiez-150014#_ftnref14\" rel=\"nofollow\">[14]<\/a>\u00a0<em>\u00ab\u00a0Pr\u00e9sidentielle en RDC\u00a0: \u00e0 Kingakati, Kabila \u00e9voque l&#8217;option d&#8217;un suffrage indirect d\u00e8s 2015\u00a0\u00bb<\/em>, Jeune Afrique du 21 mars 2014, &lt;\u00a0<a href=\"http:\/\/www.jeuneafrique.com\/Article\/ARTJAWEB20140321191810\/joseph-kabila-rdc-mp-presidentielle-rdc-constitution-de-la-rdc-presidentielle-en-rdc-a-kingakati-kabila-evoque-l-option-d-un-suffrage-indirect-des-2015.html&amp;gt\" rel=\"nofollow\">http:\/\/www.jeuneafrique.com\/Article&#8230;<\/a>\u00a0;<\/p>\n<\/div>\n<\/div>\n<\/div>\n","protected":false},"excerpt":{"rendered":"<p>Par Boniface Musavuli &nbsp; L\u2019\u00e9lection pr\u00e9sidentielle de 2006, en R\u00e9publique D\u00e9mocratique du Congo, avait \u00e9t\u00e9 pilot\u00e9e par les Europ\u00e9ens avec, \u00e0 la man\u0153uvre, le Commissaire Louis Michel. L\u2019Europe avait vers\u00e9 la grande partie des cinq cents millions de dollars que le scrutin avait co\u00fbt\u00e9s, et d\u00e9ploy\u00e9 des troupes (EUFOR RD Congo) \u00e0 Kinshasa. L\u2019enjeu de [&hellip;]<\/p>\n","protected":false},"author":1,"featured_media":6477,"comment_status":"open","ping_status":"open","sticky":false,"template":"","format":"standard","meta":{"_acf_changed":false,"content-type":"","footnotes":""},"categories":[107,124],"tags":[],"class_list":["post-6476","post","type-post","status-publish","format-standard","has-post-thumbnail","hentry","category-analyses-commentaires","category-politique-societe"],"acf":[],"_links":{"self":[{"href":"https:\/\/congolobilelo.com\/IN\/wp-json\/wp\/v2\/posts\/6476","targetHints":{"allow":["GET"]}}],"collection":[{"href":"https:\/\/congolobilelo.com\/IN\/wp-json\/wp\/v2\/posts"}],"about":[{"href":"https:\/\/congolobilelo.com\/IN\/wp-json\/wp\/v2\/types\/post"}],"author":[{"embeddable":true,"href":"https:\/\/congolobilelo.com\/IN\/wp-json\/wp\/v2\/users\/1"}],"replies":[{"embeddable":true,"href":"https:\/\/congolobilelo.com\/IN\/wp-json\/wp\/v2\/comments?post=6476"}],"version-history":[{"count":0,"href":"https:\/\/congolobilelo.com\/IN\/wp-json\/wp\/v2\/posts\/6476\/revisions"}],"wp:featuredmedia":[{"embeddable":true,"href":"https:\/\/congolobilelo.com\/IN\/wp-json\/"}],"wp:attachment":[{"href":"https:\/\/congolobilelo.com\/IN\/wp-json\/wp\/v2\/media?parent=6476"}],"wp:term":[{"taxonomy":"category","embeddable":true,"href":"https:\/\/congolobilelo.com\/IN\/wp-json\/wp\/v2\/categories?post=6476"},{"taxonomy":"post_tag","embeddable":true,"href":"https:\/\/congolobilelo.com\/IN\/wp-json\/wp\/v2\/tags?post=6476"}],"curies":[{"name":"wp","href":"https:\/\/api.w.org\/{rel}","templated":true}]}}