{"id":6473,"date":"2014-03-31T15:48:14","date_gmt":"2014-03-31T15:48:14","guid":{"rendered":"http:\/\/www.ingeta.com\/?p=6473"},"modified":"2014-03-31T15:48:14","modified_gmt":"2014-03-31T15:48:14","slug":"il-faut-faire-face-a-la-mort-organisee-contre-les-congolais","status":"publish","type":"post","link":"https:\/\/congolobilelo.com\/IN\/il-faut-faire-face-a-la-mort-organisee-contre-les-congolais\/","title":{"rendered":"Rencontre de Luanda, r\u00e9vision de la constitution et Diomi Ndongala: Il faut faire face \u00e0 la mort organis\u00e9e contre les congolais"},"content":{"rendered":"<p>\t\t\t\tL\u2019analyste politique Jean-Pierre Mbelu montre en quoi le d\u00e9bat sur la r\u00e9vision de la \u00ab constitution congolaise \u00bb est une distraction, rappelle comment, \u00e0 chaque fois qu\u2019un enjeu s\u00e9rieux doit \u00eatre r\u00e9solu au Congo par le trio Kagam\u00e9, Museveni et Kabila, on cr\u00e9e une distraction. Il d\u00e9crypte \u00e9galement la guerre qui est men\u00e9e contre les populations congolaises par le biais des n\u00e8gres de service et des institutions internationales et incite les congolais \u00e0 davantage r\u00e9fl\u00e9chir et travailler sur la direction, sur la vision, sur le mod\u00e8le de soci\u00e9t\u00e9 que nous voulons demain.<\/p>\n<p><iframe loading=\"lazy\" src=\"\/\/www.youtube.com\/embed\/LvPtad9Up88\" height=\"360\" width=\"560\" allowfullscreen=\"\" frameborder=\"0\"><\/iframe><\/p>\n<p><strong>Sur la r\u00e9vision de la constitution<\/strong><\/p>\n<blockquote><p>Nous sommes en train d\u2019\u00eatre distraits par un d\u00e9bat qui est faux. Certains compatriotes ont vite oubli\u00e9 que cette constitution, m\u00eame si elle a \u00e9t\u00e9 soumise au r\u00e9f\u00e9rendum, n\u2019a pas \u00e9t\u00e9 que le produit des congolais. C\u2019est une constitution fabriqu\u00e9e ailleurs. Pourquoi cette constitution a \u00e9t\u00e9 fabriqu\u00e9e ailleurs ?<br \/>\nDepuis la guerre de l\u2019AFDL, la RD Congo est engag\u00e9e dans un processus bas\u00e9 sur un mensonge \u00e9hont\u00e9. Depuis quelques ann\u00e9es les membres du FPR ayant travaill\u00e9 avec Kagam\u00e9 ne cessent de travailler \u00e0 fissurer ce mur de mensonges. Or la classe politique congolaise travaille avec une amn\u00e9sie qui ne dit pas son nom. Les congolais doivent travailler \u00e0 une v\u00e9ritable r\u00e9\u00e9criture de l\u2019histoire.<br \/>\nAinsi le d\u00e9bat sur la r\u00e9vision d\u2019une constitution qui n\u2019a jamais \u00e9t\u00e9 con\u00e7u par les congolais pour les congolais est faux.<br \/>\nIl y a une question s\u00e9rieuse de reprise de l\u2019initiative historique mais aussi, de la part de ceux que nous estimons aujourd\u2019hui \u00eatre des acteurs politiques, une question fondamentale de formation \u00e9thique et politique. Si ces questions ne sont pas abord\u00e9es, le Congo va aller dans le mur.<br \/>\nIl est peut-\u00eatre temps que les acteurs politiques et les acteurs de la soci\u00e9t\u00e9 civile congolaise puissent se ressaisir et penser que c\u2019est urgent qu\u2019ils r\u00e9\u00e9crivent leur histoire en essayant de mettre en parenth\u00e8ses ces mensonges et fausset\u00e9s qui ont \u00e9t\u00e9 hourdis, \u00e0 partir de Kampala et de Kigali, et dans lesquels le pays est en train de se vautrer aujourd\u2019hui.<\/p><\/blockquote>\n<p><strong>Sur le r\u00f4le de la CENI et de son pr\u00e9sident Malu Malu<\/strong><\/p>\n<blockquote><p>Comment voulez-vous qu\u2019un monsieur qui fait partie du r\u00e9seau qui a orchestr\u00e9 tous ces mensonges et fausset\u00e9s puisse travailler \u00e0 en faire sortir le pays ?<br \/>\nIl y a un travail de longue haleine \u00e0 faire : celui de repenser, s\u00e9rieusement et en des termes tr\u00e8s clairs, les objectifs poursuivis par la guerre de l\u2019AFDL. On ne peut pas refonder un Etat digne de ce nom sur des mensonges, sur du sable mouvant.<br \/>\nKabila et son \u00e9quipe ont tout faux. Et ceux qui sont en train de les rejoindre pour cr\u00e9er un d\u00e9bat sur la feuille de choux qu\u2019on appelle \u00ab constitution \u00bb, un d\u00e9bat sur une pr\u00e9sidentielle qui a \u00e9t\u00e9 usurp\u00e9e par un candidat sans l\u00e9gitimit\u00e9, mais un gangster de grand chemin.<br \/>\nTout ce qui se fait actuellement en Afrique centrale et au Congo, c\u2019est du blabla. Et c\u2019est li\u00e9 au fait que plusieurs de ceux que nous pensons \u00eatre des acteurs politiques au Congo ont rompu avec l\u2019\u00e9tude et l\u2019approfondissement de notre histoire collective.<br \/>\nLa conscience historique a d\u00e9sert\u00e9 les milieux politiques congolais mais aussi les milieux de la soci\u00e9t\u00e9 civile congolaise pour une large part.<\/p><\/blockquote>\n<p><strong>Sur les populations congolais face aux enjeux \u00e9lectoraux<\/strong><\/p>\n<blockquote><p>Les populations congolaises sont malmen\u00e9es \u00e0 partir de l\u2019ext\u00e9rieur parce qu\u2019elles sont cat\u00e9goris\u00e9es comme \u00e9tant souverainistes. C&#8217;est-\u00e0-dire que les majorit\u00e9s congolaises, quand elles sont bien pr\u00e9par\u00e9es, bien form\u00e9es, bien inform\u00e9es sur les enjeux de leur pays, optent toujours pour les leurs pouvant les aider \u00e0 sortir du bourbier et surtout \u00e0 rompre avec la crise de la l\u00e9gitimit\u00e9 dans laquelle notre pays est plong\u00e9 depuis les ann\u00e9es 1960.<br \/>\nCes majorit\u00e9s congolaises \u00e9tant soup\u00e7onn\u00e9es d\u2019\u00eatre patriotes, d\u2019\u00eatre souverainistes, d\u2019\u00eatre chauvines, sont malmen\u00e9es par les ma\u00eetres du monde avec leurs n\u00e8gres de service.<br \/>\nLorsqu\u2019on se r\u00e9f\u00e8re \u00e0 l\u2019histoire, nous nous rendons compte que nos populations ont su op\u00e9rer des choix allant dans le sens de la sauvegarde de la souverainet\u00e9 du Congo. Mais malheureusement, les rapports de force ont souvent jou\u00e9 \u00e0 leur encontre. Il n\u2019y a pas que le renversement de leurs \u00e9lus au suffrage universel qui peut \u00eatre pris en consid\u00e9ration, il y a aussi tous ces programmes d\u2019ajustements structurels qui leur ont \u00e9t\u00e9 impos\u00e9s pour pouvoir casser dans leurs c\u0153urs et dans leurs t\u00eates toute vell\u00e9it\u00e9 de r\u00e9sistance. Mais les majorit\u00e9s congolaises ont une telle capacit\u00e9 de rebondissement que ces programmes des institutions internationales n\u2019ont pas r\u00e9ussi \u00e0 casser le ressort de la r\u00e9sistance et de la lutte dans les c\u0153urs et les t\u00eates de plusieurs compatriotes.<\/p><\/blockquote>\n<p><strong>Sur la classe politique congolaise<\/strong><\/p>\n<blockquote><p>Il y a quelque chose de positif dans le travail que fait \u00ab sauvons le Congo \u00bb de Martin Fayulu. C\u2019est le fait que ces politiciens aient compris qu\u2019ils doivent se mettre ensemble.<br \/>\nMais l\u2019histoire du Congo ne commence pas avec la constitution de 2006. La question de la l\u00e9gitimit\u00e9 politique se pose depuis que Lumumba a \u00e9t\u00e9 assassin\u00e9.<br \/>\nCeux qui sont aux commandes au Congo aujourd\u2019hui, et restent tapis dans l\u2019ombre, pour faire jouer les r\u00f4les de premier plan \u00e0 leurs n\u00e8gres de service, essaient de tout manipuler pour que le pays ne puisse pas sortir de cette crise de l\u00e9gitimit\u00e9.<br \/>\nMais nous, congolais, avons aussi une part consid\u00e9rable dans cette descente aux enfers du Congo. Nous devrions travailler davantage avec nos masses populaires, pour les mettre de plus en plus ensemble et cr\u00e9er petit \u00e0 petit une masse critique. Si cette fameuse classe politique essaie de comprendre que la crise de l\u00e9gitimit\u00e9 date des ann\u00e9es 1960 et que pour renverser les rapports de force, nous avons besoin d\u2019une masse critique, bien pr\u00e9par\u00e9e, bien \u00e9duqu\u00e9e, bien form\u00e9e, bien inform\u00e9e, et une masse qui peut avoir une intelligentsia organique et responsable qui a une vision, petit \u00e0 petit, peut-\u00eatre \u00e0 moyen terme, le Congo pourrait se tirer d\u2019affaire.<\/p><\/blockquote>\n<p><strong>Sur la rencontre de Luanda des chefs d\u2019Etat de la r\u00e9gion en Angola (25 mars 2014)<\/strong><\/p>\n<blockquote><p>Pendant que les congolais sont distraits avec le d\u00e9bat sur la r\u00e9vision de la constitution, Kagame et Museveni se plaignent. Ils demandent \u00e0 Kabila de pouvoir tout faire pour r\u00e9cup\u00e9rer les membres du M23 qui commencent \u00e0 peser sur leurs pays. Quand vous relisez pos\u00e9ment, froidement, l\u2019histoire de la RDC de ces 20 derni\u00e8res ann\u00e9es, vous remarquez que chaque fois qu\u2019il y a un probl\u00e8me s\u00e9rieux qui doit \u00eatre r\u00e9solu \u00e0 huis clos, on cr\u00e9e une distraction. Ainsi, aucun d\u00e9bat n\u2019a \u00e9t\u00e9 fait, dans les milieux politiques congolais, sur cette r\u00e9cup\u00e9ration des membres du M23 qui sont en Ouganda et au Rwanda. Or nous savons que plusieurs de ces membres appartiennent aux arm\u00e9es de l\u2019Ouganda et du Rwanda.<br \/>\nCela signifie que Kabila accepte de r\u00e9cup\u00e9rer les membres des arm\u00e9es r\u00e9guli\u00e8res de l\u2019Ouganda et du Rwanda, comme il l\u2019a d\u00e9j\u00e0 fait, par le pass\u00e9, avec les infiltr\u00e9s du RCD et du CNDP pour pouvoir mater les populations congolaises.<br \/>\nSouvent d\u2019ailleurs, les huis-clos de ces gens sont suivis de massacres dans notre pays.<br \/>\nTant que nous ne comprendrons pas que Museveni, Kagam\u00e9, Kabila travaillent main dans la main et que leur conqu\u00eate de l\u2019Afrique des Grands Lacs est fond\u00e9e sur les mensonges, les massacres et la mort, nous ne pourrons pas r\u00e9\u00e9crire convenablement l\u2019histoire de cette r\u00e9gion.<\/p><\/blockquote>\n<p><strong>Sur la condamnation de Ndongala \u00e0 10 ans de prison<\/strong><\/p>\n<blockquote><p>Il n\u2019y a pas de politique au Congo. Il y a une mort organis\u00e9e contre les congolais. Au m\u00eame moment que ces messieurs sont all\u00e9s travailler en Angola pour r\u00e9cup\u00e9rer les assassins et les violeurs du M23 qui sont en Ouganda et au Rwanda (pour les ramener au Congo), on condamne dans une parodie de justice un digne fils du Congo pour pouvoir le tuer, physiquement et politiquement.<br \/>\nNous avons l\u00e0 l\u2019exemple de la guerre multiforme qui est men\u00e9e contre les populations congolaises. Diomi r\u00e9sume en lui ce qui est fait aux populations congolaises, et pour la plupart aux populations congolaises silencieuses. Diomi Ndongala nous en parlons parce qu\u2019il est acteur politique. Mais nos populations qui sont tu\u00e9es sans proc\u00e8s aujourd\u2019hui au Congo, ce sont des masses \u00e9normes !<br \/>\nS\u2019il avait une v\u00e9ritable libert\u00e9 d\u2019expression chez nous, s\u2019il y avait des m\u00e9dias r\u00e9ellement libres chez nous, s\u2019il y avait une v\u00e9ritable libert\u00e9 de mouvement et que les autres Diomi de province se l\u00e8vent pour parler, ces messieurs l\u00e0 fuiraient le Congo du jour au lendemain. Mais justement, ce qu\u2019on fait \u00e0 Diomi, c\u2019est pour dire aux autres Diomi : \u00ab Attention, voyez ce qui peut vous arriver si vous continuez \u00e0 croire que le Congo vous appartient. \u00bb<\/p><\/blockquote>\n<p><strong>Sur l\u2019identification des acteurs de la communaut\u00e9 internationale<\/strong><\/p>\n<blockquote><p>Certains congolais ont tendance \u00e0 aller vers ceux qui ont plong\u00e9 le Congo dans le chaos o\u00f9 il se retrouve aujourd\u2019hui. Pour plusieurs d\u2019entre nous, nous avons un r\u00e9el probl\u00e8me d\u2019acteurs mais aussi d\u2019identification d\u2019alli\u00e9s. Tous les membres de la communaut\u00e9 internationale ne sont pas n\u00e9cessairement les alli\u00e9s des patriotes et r\u00e9sistants congolais.<br \/>\nNous devons apprendre \u00e0 identifier les v\u00e9ritables acteurs tout en comptant un peu plus sur nous-m\u00eames. Le complot est tellement international que si nous ne comptons pas sur nous-m\u00eames prioritairement, nous risquons de faire fausse route.<\/p><\/blockquote>\n<p><strong>Sur le mod\u00e8le de soci\u00e9t\u00e9 \u00e0 mettre en place<\/strong><\/p>\n<blockquote><p>Le pays est tomb\u00e9 si bas. Aujourd\u2019hui au Congo, c\u2019est le r\u00e8gne des imposteurs, de gens qui ont perdu la t\u00eate, qui ont perdu l\u2019\u00eatre. Nous avons des compatriotes qui, pour avoir amass\u00e9 un peu de sous, ont cru qu\u2019ils pouvaient exercer n\u2019importe quelle profession et avoir acc\u00e8s \u00e0 n\u2019importe quel dipl\u00f4me. Et c\u2019est trop dommageable pour l\u2019avenir du pays. Heureusement que le Congo a encore beaucoup de ses filles et fils en dehors du pays et au pays, qui sont conscients des limites \u00e0 l\u2019usurpation et \u00e0 l\u2019imposture. Mais il y a cette inversion des valeurs, qui fait qu\u2019aujourd\u2019hui, plusieurs d\u2019entre nous causent beaucoup plus sur ce qu\u2019ils ont que sur ce qu\u2019ils sont. Il y a l\u2019avoir qui passe de plus en plus avant l\u2019\u00eatre.<br \/>\nNous avons un probl\u00e8me s\u00e9rieux de r\u00e9volution en profondeur \u00e0 faire, mais aussi et surtout du point de vue de la connaissance, de la pens\u00e9e, et du point de vue culturel. Quel est le mod\u00e8le de soci\u00e9t\u00e9 que nous voulons pour nous, pour nos enfants, demain ? Quelles seraient les fondations politiques, culturelles et sociales de notre soci\u00e9t\u00e9 de demain ?<br \/>\nSouvent nous ne faisons que copier les mod\u00e8les qui nous sont vant\u00e9s et qui viennent d\u2019ailleurs, le temps est peut-\u00eatre venu de pouvoir r\u00e9fl\u00e9chir pos\u00e9ment sur la direction, sur la vision, sur le mod\u00e8le de soci\u00e9t\u00e9 que nous voulons demain.<br \/>\nIl y a un travail de r\u00e9\u00e9ducation, de reformatage qui devra \u00eatre fait dans le chef de presque tous les congolais.<br \/>\nIl faut reconstruire l\u2019homme congolais et la femme congolaise de l\u2019int\u00e9rieur, lui redonner son \u00eatre.<\/p><\/blockquote>\n","protected":false},"excerpt":{"rendered":"<p>L\u2019analyste politique Jean-Pierre Mbelu montre en quoi le d\u00e9bat sur la r\u00e9vision de la \u00ab constitution congolaise \u00bb est une distraction, rappelle comment, \u00e0 chaque fois qu\u2019un enjeu s\u00e9rieux doit \u00eatre r\u00e9solu au Congo par le trio Kagam\u00e9, Museveni et Kabila, on cr\u00e9e une distraction. Il d\u00e9crypte \u00e9galement la guerre qui est men\u00e9e contre les [&hellip;]<\/p>\n","protected":false},"author":1,"featured_media":6474,"comment_status":"open","ping_status":"open","sticky":false,"template":"","format":"standard","meta":{"_acf_changed":false,"content-type":"","footnotes":""},"categories":[107,124],"tags":[],"class_list":["post-6473","post","type-post","status-publish","format-standard","has-post-thumbnail","hentry","category-analyses-commentaires","category-politique-societe"],"acf":[],"_links":{"self":[{"href":"https:\/\/congolobilelo.com\/IN\/wp-json\/wp\/v2\/posts\/6473","targetHints":{"allow":["GET"]}}],"collection":[{"href":"https:\/\/congolobilelo.com\/IN\/wp-json\/wp\/v2\/posts"}],"about":[{"href":"https:\/\/congolobilelo.com\/IN\/wp-json\/wp\/v2\/types\/post"}],"author":[{"embeddable":true,"href":"https:\/\/congolobilelo.com\/IN\/wp-json\/wp\/v2\/users\/1"}],"replies":[{"embeddable":true,"href":"https:\/\/congolobilelo.com\/IN\/wp-json\/wp\/v2\/comments?post=6473"}],"version-history":[{"count":0,"href":"https:\/\/congolobilelo.com\/IN\/wp-json\/wp\/v2\/posts\/6473\/revisions"}],"wp:featuredmedia":[{"embeddable":true,"href":"https:\/\/congolobilelo.com\/IN\/wp-json\/"}],"wp:attachment":[{"href":"https:\/\/congolobilelo.com\/IN\/wp-json\/wp\/v2\/media?parent=6473"}],"wp:term":[{"taxonomy":"category","embeddable":true,"href":"https:\/\/congolobilelo.com\/IN\/wp-json\/wp\/v2\/categories?post=6473"},{"taxonomy":"post_tag","embeddable":true,"href":"https:\/\/congolobilelo.com\/IN\/wp-json\/wp\/v2\/tags?post=6473"}],"curies":[{"name":"wp","href":"https:\/\/api.w.org\/{rel}","templated":true}]}}