{"id":6457,"date":"2014-03-28T17:49:49","date_gmt":"2014-03-28T17:49:49","guid":{"rendered":"http:\/\/www.ingeta.com\/?p=6457"},"modified":"2014-03-28T17:49:49","modified_gmt":"2014-03-28T17:49:49","slug":"campus-congo-3eme-edition","status":"publish","type":"post","link":"https:\/\/congolobilelo.com\/IN\/campus-congo-3eme-edition\/","title":{"rendered":"Campus Congo (3\u00e8me \u00e9dition,  printemps &#8211; \u00e9t\u00e9 2014) &#8211; Du 25 au 27 avril 2014"},"content":{"rendered":"<p>\t\t\t\t<a href=\"http:\/\/www.mbuze.com\/campus\">Campus Congo<\/a> est l\u2019initiative des jeunes de la diaspora congolaise de Belgique. Elle vise essentiellement \u00e0 offrir aux congolais(es) entre 25 et 40 ans un espace de connexion, de discussion, de formation et de transmission de connaissance.Le programme de cette 3i\u00e8me \u00e9dition vous offre des d\u00e9bats-\u00e9changes, des films,\u00a0des jeux, de la d\u00e9tente et de la gastronomie. La rencontre se d\u00e9roulera tout le w-e\u00a0<b>du 25 au 27 avril 2014<\/b>.<br \/>\nCette \u00e9dition accordera une attention particuli\u00e8re \u00e0 la<b>\u00a0situation sociale et \u00e9conomique de la communaut\u00e9 congolaise de Belgique et son r\u00f4le lors des \u00e9lections du 25 mai<\/b>\u00a02014.\u00a0Les personnes d&#8217;origine congolaise vivant hors de Belgique sont aussi les bienvenues.<\/p>\n<p><b>TRES IMPORTANT A SAVOIR<\/b><br \/>\n<b><br \/>\n<span style=\"font-family: Helvetica, Arial, 'lucida grande', tahoma, verdana, arial, sans-serif;\">L&#8217;inscription n&#8217;est valable qu&#8217;apr\u00e8s\u00a0<\/span><span style=\"font-family: 'arial black', sans-serif;\">INSCRIPTION<\/span><span style=\"font-family: Helvetica, Arial, 'lucida grande', tahoma, verdana, arial, sans-serif;\">\u00a0&amp;\u00a0<\/span><span style=\"font-family: 'arial black', sans-serif;\">VERSEMENT\u00a0<\/span><span style=\"font-family: Helvetica, Arial, 'lucida grande', tahoma, verdana, arial, sans-serif;\">de 50 euros sur le compte ;\u00a0<\/span><\/b><br \/>\n<b>IBAN: BE 89 0632 2520 0285 Communication: CAMPUS CONGO 2014 + nom\u00a0<\/b><\/p>\n<p><b><span style=\"font-family: Helvetica, Arial, 'lucida grande', tahoma, verdana, arial, sans-serif;\">Formulaire sur\u00a0<\/span><a href=\"http:\/\/www.mbuze.com\/campus\/evenement\/inscription\" target=\"_blank\" rel=\"nofollow noopener\">www.mbuze.com\/campus\/<wbr \/>evenement\/inscription<\/a><\/b><\/p>\n<p><b>INTERVENANTS<\/b>:<\/p>\n<p><b>Patrick Ifonge<\/b>\u00a0(Facilitateur &amp; Consultant en Communication globale):<br \/>\nCommunaut\u00e9, organisation, impact: Le r\u00f4le de la diaspora<\/p>\n<p><b>Louise Ngandu<\/b>\u00a0(Politologue):<br \/>\nLes enjeux des \u00e9lections belges et europ\u00e9ennes du 25 mai 2014 pour la communaut\u00e9 congolaise.<\/p>\n<p><strong>Patrick Mbeko <\/strong>(analyste politique, auteur):<br \/>\nLes enjeux internationaux touchant la R\u00e9publique D\u00e9mocratique du Congo.<\/p>\n<p><b>AU PROGRAMME<\/b>:<\/p>\n<p>Des Projections vid\u00e9os + d\u00e9bat<br \/>\nDes Ateliers avec les intervenants + Q\/A<br \/>\nDes Ateliers de r\u00e9flexion en groupe entre participants (Brainstorming)<br \/>\nQuizz sur le Congo (Histoire, g\u00e9ographie, culture, personnalit\u00e9, etc&#8230;)<br \/>\nD\u00e9tente en ext\u00e9rieur<br \/>\nChaque soir: repas congolais<\/p>\n<p><b>INFOS &amp; CONTACTS:<\/b><\/p>\n<p>mail: campus.congo.belgium@gmail.<wbr \/>com<br \/>\nweb:\u00a0<a href=\"http:\/\/www.facebook.com\/l.php?u=http%3A%2F%2Fwww.mbuze.com%2Fcampus&amp;h=CAQG77583&amp;enc=AZO07tGOB1wMcO5-I0mBBohu1_QfYEL3rRlTbxJ8v6wbqSF1uE_7HbuC15P7BgDXAjU&amp;s=1\" target=\"_blank\" rel=\"nofollow noopener\">www.mbuze.com\/campus<\/a><\/p>\n<p>NB: Campus Congo est un \u00e9v\u00e9nement fait \u00e0 l&#8217;attention des personnes d&#8217;origine congolaise uniquement.<\/p>\n<p><a href=\"http:\/\/www.ingeta.com\/wp-content\/uploads\/2014\/03\/thinktank-ingeta.jpg\"><img loading=\"lazy\" decoding=\"async\" alt=\"thinktank-ingeta\" src=\"http:\/\/www.ingeta.com\/wp-content\/uploads\/2014\/03\/thinktank-ingeta-300x211.jpg\" width=\"300\" height=\"211\" \/><\/a>\t\t<\/p>\n","protected":false},"excerpt":{"rendered":"<p>Campus Congo est l\u2019initiative des jeunes de la diaspora congolaise de Belgique. Elle vise essentiellement \u00e0 offrir aux congolais(es) entre 25 et 40 ans un espace de connexion, de discussion, de formation et de transmission de connaissance.Le programme de cette 3i\u00e8me \u00e9dition vous offre des d\u00e9bats-\u00e9changes, des films,\u00a0des jeux, de la d\u00e9tente et de la [&hellip;]<\/p>\n","protected":false},"author":1,"featured_media":5182,"comment_status":"open","ping_status":"open","sticky":false,"template":"","format":"standard","meta":{"_acf_changed":false,"content-type":"","footnotes":""},"categories":[167,124,127],"tags":[],"class_list":["post-6457","post","type-post","status-publish","format-standard","has-post-thumbnail","hentry","category-belgique","category-politique-societe","category-rencontresdebats"],"acf":[],"_links":{"self":[{"href":"https:\/\/congolobilelo.com\/IN\/wp-json\/wp\/v2\/posts\/6457","targetHints":{"allow":["GET"]}}],"collection":[{"href":"https:\/\/congolobilelo.com\/IN\/wp-json\/wp\/v2\/posts"}],"about":[{"href":"https:\/\/congolobilelo.com\/IN\/wp-json\/wp\/v2\/types\/post"}],"author":[{"embeddable":true,"href":"https:\/\/congolobilelo.com\/IN\/wp-json\/wp\/v2\/users\/1"}],"replies":[{"embeddable":true,"href":"https:\/\/congolobilelo.com\/IN\/wp-json\/wp\/v2\/comments?post=6457"}],"version-history":[{"count":0,"href":"https:\/\/congolobilelo.com\/IN\/wp-json\/wp\/v2\/posts\/6457\/revisions"}],"wp:featuredmedia":[{"embeddable":true,"href":"https:\/\/congolobilelo.com\/IN\/wp-json\/"}],"wp:attachment":[{"href":"https:\/\/congolobilelo.com\/IN\/wp-json\/wp\/v2\/media?parent=6457"}],"wp:term":[{"taxonomy":"category","embeddable":true,"href":"https:\/\/congolobilelo.com\/IN\/wp-json\/wp\/v2\/categories?post=6457"},{"taxonomy":"post_tag","embeddable":true,"href":"https:\/\/congolobilelo.com\/IN\/wp-json\/wp\/v2\/tags?post=6457"}],"curies":[{"name":"wp","href":"https:\/\/api.w.org\/{rel}","templated":true}]}}