{"id":6453,"date":"2014-03-28T17:30:16","date_gmt":"2014-03-28T17:30:16","guid":{"rendered":"http:\/\/www.ingeta.com\/?p=6453"},"modified":"2014-03-28T17:30:16","modified_gmt":"2014-03-28T17:30:16","slug":"debat-masolo-25-05-2014-le-2-avril-a-bruxelles","status":"publish","type":"post","link":"https:\/\/congolobilelo.com\/IN\/debat-masolo-25-05-2014-le-2-avril-a-bruxelles\/","title":{"rendered":"D\u00e9bat : Masolo* 25.05.2014 &#8211; Le 2 avril \u00e0 Bruxelles"},"content":{"rendered":"<p>\t\t\t\tEn vue des \u00e9lections r\u00e9gionales, f\u00e9d\u00e9rales et europ\u00e9ennes du 25 mai 2014, KUUMBA et <a href=\"http:\/\/www.mbuze.com\/campus\">CAMPUS CONGO<\/a> organisent \u00ab\u00a0MASOLO\u00a025.05.2014\u00a0\u00bb, une s\u00e9rie de soir\u00e9es \u00e9lectorales avec des candidats d\u2019origine congolaise qui auront lieu tous les mercredi du 2 avril au 21 mai en soir\u00e9e.<\/p>\n<p><span style=\"text-decoration: underline;\"><b>Mercredi 2 avril 2014 nous invitons deux candidats du parti politique flamand N-VA:\u00a0SEVA NDIBESCHE\u00a0<\/b><b>et\u00a0LAURENT\u00a0<\/b><b>MUTAMBAYI<\/b><b><wbr \/>.<\/b><\/span><\/p>\n<p><a href=\"http:\/\/www.ingeta.com\/wp-content\/uploads\/2014\/03\/masolo-02042014.jpg\"><img loading=\"lazy\" decoding=\"async\" class=\"alignnone size-full wp-image-6455\" alt=\"masolo-02042014\" src=\"http:\/\/www.ingeta.com\/wp-content\/uploads\/2014\/03\/masolo-02042014.jpg\" width=\"360\" height=\"360\" \/><\/a><\/p>\n<p><i>Pourquoi ont-ils choisi la N-VA?<\/i><br \/>\n<i>Que sont leurs th\u00e8mes prioritaires en tant que candidat?<\/i><br \/>\n<i>Quelle est leur vision sur l\u2019avenir de la Belgique et de l\u2019Europe?<\/i><br \/>\n<i>Comment veulent-ils peser sur des dossiers \u2018congolais\u2019 au sein de la N-VA\u00a0?<\/i><\/p>\n<p>Venez \u00e9couter les r\u00e9ponses! Venez poser vos questions\u00a0!<\/p>\n<p><b>MASOLO<i>\u00a0<\/i>aura lieu de 19h00 \u00e0 21h00 \u00e0 la maison flamande africaine KUUMBA, Rue de la Paix 35 \u2013 1050 Bruxelles (m\u00e9tro Porte de Namur).<\/b><\/p>\n<p>Plus d\u2019informations\u00a0? Contactez Momi M\u2019Buze (<a href=\"mailto:momi.mbuze@gmail.com\" target=\"_blank\" rel=\"noopener\"><span style=\"color: #0072c6;\">momi.mbuze@gmail.com<\/span><\/a>,\u00a0<a href=\"tel:0487%2F439423\" target=\"_blank\" rel=\"noopener\">0487\/<wbr \/>439423<\/a>) ou\u00a0\u00a0Nadia Nsayi (<a href=\"mailto:nadia.nsayi@hotmail.com\" target=\"_blank\" rel=\"noopener\"><span style=\"color: #0072c6;\">nadia.nsayi@hotmail.com<\/span><\/a>,<a href=\"tel:0479%2F516898\" target=\"_blank\" rel=\"noopener\">0479\/<wbr \/>516898<\/a>).<\/p>\n<p>Trouvez l\u2019\u00e9venement sur facebook:\u00a0<a href=\"https:\/\/www.facebook.com\/events\/352111988260375\/352170668254507\/\" target=\"_blank\" rel=\"noopener\"><span style=\"color: #0072c6;\">https:\/\/www.<wbr \/>facebook.com\/events\/<wbr \/>352111988260375\/<wbr \/>352170668254507\/<\/span><\/a><\/p>\n<p>&nbsp;<\/p>\n<p><em>*Causerie<\/em><\/p>\n<div><\/div>\n","protected":false},"excerpt":{"rendered":"<p>En vue des \u00e9lections r\u00e9gionales, f\u00e9d\u00e9rales et europ\u00e9ennes du 25 mai 2014, KUUMBA et CAMPUS CONGO organisent \u00ab\u00a0MASOLO\u00a025.05.2014\u00a0\u00bb, une s\u00e9rie de soir\u00e9es \u00e9lectorales avec des candidats d\u2019origine congolaise qui auront lieu tous les mercredi du 2 avril au 21 mai en soir\u00e9e. Mercredi 2 avril 2014 nous invitons deux candidats du parti politique flamand N-VA:\u00a0SEVA [&hellip;]<\/p>\n","protected":false},"author":1,"featured_media":6454,"comment_status":"open","ping_status":"open","sticky":false,"template":"","format":"standard","meta":{"_acf_changed":false,"content-type":"","footnotes":""},"categories":[167,124,127],"tags":[],"class_list":["post-6453","post","type-post","status-publish","format-standard","has-post-thumbnail","hentry","category-belgique","category-politique-societe","category-rencontresdebats"],"acf":[],"_links":{"self":[{"href":"https:\/\/congolobilelo.com\/IN\/wp-json\/wp\/v2\/posts\/6453","targetHints":{"allow":["GET"]}}],"collection":[{"href":"https:\/\/congolobilelo.com\/IN\/wp-json\/wp\/v2\/posts"}],"about":[{"href":"https:\/\/congolobilelo.com\/IN\/wp-json\/wp\/v2\/types\/post"}],"author":[{"embeddable":true,"href":"https:\/\/congolobilelo.com\/IN\/wp-json\/wp\/v2\/users\/1"}],"replies":[{"embeddable":true,"href":"https:\/\/congolobilelo.com\/IN\/wp-json\/wp\/v2\/comments?post=6453"}],"version-history":[{"count":0,"href":"https:\/\/congolobilelo.com\/IN\/wp-json\/wp\/v2\/posts\/6453\/revisions"}],"wp:featuredmedia":[{"embeddable":true,"href":"https:\/\/congolobilelo.com\/IN\/wp-json\/"}],"wp:attachment":[{"href":"https:\/\/congolobilelo.com\/IN\/wp-json\/wp\/v2\/media?parent=6453"}],"wp:term":[{"taxonomy":"category","embeddable":true,"href":"https:\/\/congolobilelo.com\/IN\/wp-json\/wp\/v2\/categories?post=6453"},{"taxonomy":"post_tag","embeddable":true,"href":"https:\/\/congolobilelo.com\/IN\/wp-json\/wp\/v2\/tags?post=6453"}],"curies":[{"name":"wp","href":"https:\/\/api.w.org\/{rel}","templated":true}]}}