{"id":6448,"date":"2014-03-25T19:04:47","date_gmt":"2014-03-25T19:04:47","guid":{"rendered":"http:\/\/www.ingeta.com\/?p=6448"},"modified":"2014-03-25T19:04:47","modified_gmt":"2014-03-25T19:04:47","slug":"kingakati-goma-et-les-contre-verites-de-martin-kobler","status":"publish","type":"post","link":"https:\/\/congolobilelo.com\/IN\/kingakati-goma-et-les-contre-verites-de-martin-kobler\/","title":{"rendered":"Kingakati, Goma et les contre-v\u00e9rit\u00e9s de Martin Kobler"},"content":{"rendered":"<p>\t\t\t\tPar Jean-Pierre Mbelu<\/p>\n<p><strong>Depuis la guerre de l\u2019AFDL, l\u2019ouverture de la RDC au n\u00e9olib\u00e9ralisme est au c\u0153ur de plusieurs rencontres au sommet. La permanence de cette guerre de basse intensit\u00e9 semble participer de la th\u00e9rapie de choc administr\u00e9 \u00e0 un pays aux habitants soup\u00e7onn\u00e9s d\u2019\u00eatre majoritairement \u2018\u2019souverainistes\u2019\u2019. Les convaincre des bienfaits de l\u2019application du \u2018\u2019consensus de Washington\u2019\u2019 dans la partie orientale de leur pays est une pr\u00e9occupation partag\u00e9e au c\u0153ur de la communaut\u00e9 internationale voulant \u00e0 tout prix \u2018\u2019n\u00e9ocoloniser\u2019\u2019 l\u2019Afrique et la RDC ad vitam aeternam.<\/strong><\/p>\n<p>Apr\u00e8s \u2018\u2019la messe noire\u2019\u2019 (du jeudi 20 mars 2014) de Kingakati r\u00e9unissant 500 Congolais dispos\u00e9s, pour un certain nombre d\u2019entre eux, \u00e0 mourir pour \u2018\u2019le rais\u2019\u2019 si un quidam l\u2019emp\u00eachait d\u2019ajouter des mandats suppl\u00e9mentaires aux deux frauduleux qu\u2019il a d\u00e9j\u00e0 eus, une rencontre sur la gestion \u2018\u2019r\u00e9gul\u00e9e\u2019\u2019 et \u2018\u2019juste\u2019\u2019 des mati\u00e8res premi\u00e8res a eu lieu \u00e0 Goma \u00e0 partir du dimanche 23 mars ; une date lourde historiquement pour le pays de Patrice Lumumba. Parmi les personnes ayant pris la parole \u00e0 Goma, il y a Martin Kobler. Voici ce qu\u2019il a (entre autres) dit selon la radio Okapi : \u00ab Il faut produire plus, vendre plus, gagner plus. L\u2019investissement au secteur priv\u00e9 est une condition sine qua non du d\u00e9veloppement durable et p\u00e9renne du secteur minier dans l\u2019Est de la RDC. \u00bb Qu\u2019est-ce qui pousse Martin Kobler \u00e0 soutenir cette contre-v\u00e9rit\u00e9 ? La Monusco est-elle la vendeuse du \u2018\u2019consensus de Wahsington\u2019\u2019 fond\u00e9 sur les principes de la d\u00e9r\u00e9gulation, de la lib\u00e9ralisation et de la privatisation ? O\u00f9 Martin Kobler a-t-il vu la privatisation marcher de pair avec une \u00e9conomie r\u00e9gul\u00e9e par l\u2019Etat et \u2018\u2019juste\u2019\u2019, c\u2019est-\u00e0-dire r\u00e9pondant aux exigences de la souverainet\u00e9 \u00e9tatique et de la justice sociale ? Comment un ressortissant d\u2019une Europe o\u00f9 les transnationales occupent des pans entiers de l\u2019espace public apr\u00e8s avoir ravi aux Etats et aux parlements nationaux leurs comp\u00e9tences souveraines peut vouloir berner les Congolais(es) en leur faisant croire que \u2018\u2019la privatisation\u2019\u2019 a des vertus d\u00e9veloppementales durables et p\u00e9rennes ?<\/p>\n<p>L\u2019Europe, elle-m\u00eame, pour y avoir cru est en train d\u2019imposer \u00e0 ses citoyens des programmes d\u2019ajustements structurels dans une aust\u00e9rit\u00e9 g\u00e9n\u00e9ratrice de la famine, de la mis\u00e8re et du fascisme ; les extr\u00eames y explosent[1] et des citoyens abandonn\u00e9s \u00e0 leur triste sort ne savent plus \u00e0 quel saint se vouer ! Raf Custers en t\u00e9moigne quand il \u00e9crit : \u00ab Chez nous aussi, on bricole fr\u00e9n\u00e9tiquement un Etat de d\u00e9veloppement, mais celui des transnationales. L\u2019union europ\u00e9enne et ses partisans dans les Etats membres imposent au peuple une politique de privatisations et de famine. Cette th\u00e9rapie de choc est la variante europ\u00e9enne des Ajustements structurels qui ont \u00e9t\u00e9 appliqu\u00e9s \u00e0 l\u2019Afrique, l\u2019Asie, l\u2019Am\u00e9rique latine, l\u2019Europe centrale et de l\u2019Est. L\u00e0 aussi cette politique a d\u00e9bouch\u00e9 sur l\u2019appauvrissement de la population et l\u2019extension d\u00e9mesur\u00e9e des transnationales. Celles-ci font main basse sur une part de plus en plus grande du domaine public. \u00bb[2] Et elles b\u00e9n\u00e9ficient de l\u2019appui de la tro\u00efka compos\u00e9e de la Commission europ\u00e9enne, du Fonds mon\u00e9taire international et de la Banque centrale europ\u00e9enne ligu\u00e9s comme une seule institution contre le peuple europ\u00e9en. L\u2019Espagne, la Gr\u00e8ce, le Portugal, etc. en paient d\u00e9j\u00e0 le prix. Et un prix fort. Dans ces pays, les peuples descendent dans les rues pour r\u00e9sister contre la destruction europ\u00e9enne des acquis sociaux au nom du fondamentalisme du march\u00e9. Martin Kobler propose donc \u00e0 l\u2019Est de la RDC, une recette qui a d\u00e9j\u00e0 \u00e9chou\u00e9 en Afrique et qui est en train d\u2019\u00e9chou\u00e9e en Europe en cr\u00e9ant de graves in\u00e9galit\u00e9s.<\/p>\n<p>Depuis qu\u2019il a parl\u00e9, aucune voix ne s\u2019est lev\u00e9e, parmi \u2018\u2019les gouvernants congolais\u2019\u2019, pour fustiger cette contre-v\u00e9rit\u00e9.<br \/>\nPourquoi ? L\u2019une des raisons serait que la RDC est un \u2018\u2019Etat-manqu\u00e9\u2019\u2019 ; et dans \u2018\u2019un Etat-manqu\u00e9\u2019\u2019, l\u2019application du \u2018\u2019consensus de Washington\u2019\u2019 conduit \u00e0 une th\u00e9rapie de choc dont \u2018\u2019les \u00e9lites compradores\u2019\u2019 tirent un profit \u00e9norme. Cela d\u2019autant plus qu\u2019un \u2018\u2019Etat-manqu\u00e9\u2019\u2019 ou \u2018\u2019failli\u2019\u2019 est le produit de l\u2019application des politiques n\u00e9olib\u00e9rales par le r\u00e9seau transnational de pr\u00e9dation auquel appartiennent lesdites \u00e9lites. Dans une certaine mesure, \u2018\u2019le coup d\u2019Etat\u2019\u2019 pr\u00e9par\u00e9 \u00e0 Kingakati pourrait \u00eatre mis au service de l\u2019application de la privatisation ch\u00e8re \u00e0 Martin Kobler. Lui comme les autres parrains du pouvoir fantoche de Kinshasa sont contre \u2018\u2019l\u2019\u00e9tatisme\u2019\u2019, \u2018\u2019la nationalisation des entreprises publiques\u2019\u2019 et le contr\u00f4le sociale et strat\u00e9gique de la gestion des mati\u00e8res premi\u00e8res. L\u2019une des raisons justifiant cet \u00e9tat d\u2019esprit est que ce beau monde ob\u00e9it au principe selon lequel \u2018\u2019les mati\u00e8res premi\u00e8res appartiennent \u00e0 toute l\u2019humanit\u00e9[3]\u2019\u2019. Il y en a m\u00eame qui estiment qu\u2019elles leur appartiennent et qu\u2019elles se retrouvent ailleurs par erreur g\u00e9ographique.<\/p>\n<p>Tout ce qui pr\u00e9c\u00e8de est un constat r\u00e9v\u00e9lateur d\u2019une question grave : \u00ab Qui gouverne le Congo ? \u00bb Ce pays est sous l\u2019occupation des pays voisins et sous la tutelle de la communaut\u00e9 dite internationale par \u2018\u2019les chevaux de Troie\u2019\u2019 interpos\u00e9s.<br \/>\nComment mettre fin \u00e0 cette occupation et cette tutelle ? Ici, les compatriotes s\u2019empoignent. Il y en a qui estiment que \u2018\u2019les chevaux de Troie\u2019\u2019 ayant usurp\u00e9 le pouvoir apr\u00e8s l\u2019assassinat de Laurent-D\u00e9sir\u00e9 Kabila doivent \u00eatre eux-aussi assassin\u00e9s pour que le Congo soit finalement dirig\u00e9 par ses dignes filles et fils. Pour ces compatriotes, le changement des rapports de force n\u2019est qu\u2019\u00e0 ce prix. Pour d\u2019autres, une justice transitionnelle r\u00e9paratrice des torts caus\u00e9s au pays et \u00e0 ses habitants peut d\u00e9boucher sur un Etat de droit. Pour d\u2019autres encore, une formation s\u00fbre et patiente des masses critiques \u00e0 partir des luttes citoyennes et partisanes port\u00e9es par quelques d\u00e9fis dont celui du respect de la souverainet\u00e9 de la RDC pourraient \u00eatre, \u00e0 moyen terme, \u00e0 la base de la refondation d\u2019une v\u00e9ritable R\u00e9publique au c\u0153ur de l\u2019Afrique. Le d\u00e9bat est toujours en cours\u2026<br \/>\nComment cr\u00e9er des espaces o\u00f9 ces diff\u00e9rentes hypoth\u00e8ses peuvent \u00eatre d\u00e9battues froidement et leurs porteurs tant soit peu identifi\u00e9s ? La m\u00e9fiance cr\u00e9\u00e9e par les trahisons dont plusieurs compatriotes ont \u00e9t\u00e9 victimes tout au long du \u2018\u2019g\u00e9nocide congolais\u2019\u2019 ne facilite pas la t\u00e2che. Ce qui est plus ou moins s\u00fbr est que plusieurs \u2018\u2019minorit\u00e9s organis\u00e9es en conscience\u2019\u2019 se rencontrent, tentent des synergies, d\u00e9battent et essaient, malgr\u00e9 les \u00e9checs et les trahisons d\u2019avancer dans la recherche d\u2019une meilleure orientation facilitant le renversement des rapports de force. Les m\u00e9dias alternatifs, au pays comme dans la diaspora, jouent un r\u00f4le important dans cette lutte d\u2019\u00e9mancipation politique. Tout ceci finira par donner naissance \u00e0 un imaginaire alternatif collectivement partag\u00e9, \u00e0 m\u00eame de relativiser les discours des Kobler et de bien d\u2019autres \u2018\u2019ma\u00eetres du monde\u2019\u2019. Une jonction avec des alli\u00e9s du Nord, victimes \u2018\u2019conscientes\u2019\u2019 du \u2018\u2019consensus de Washington\u2019\u2019, peut \u00eatre de quelque utilit\u00e9 dans cette lutte.<br \/>\n<\/br><br \/>\n<em>Mbelu Babanya Kabudi<\/em><\/p>\n<div><\/div>\n<div>\n<hr align=\"left\" size=\"1\" width=\"33%\" \/>\n<div>[1]\u00a0Lire E. DREYFUS, Extr\u00eames droites europ\u00e9ennes. En Ukraine, les ultras du nationalisme, dans\u00a0<b>Le Monde diplomatique<\/b>, n\u00b0 720, mars 2014. Lire aussi Belgique, France, Gr\u00e8ce, Hongrie, Inde, Japon..Nouveaux visages des extr\u00eames droites, dans\u00a0<b>Le Monde diplomatiques. Mani\u00e8re de voir<\/b>, 134, Avril-Mai 2014.<\/div>\n<div>\n<div>[2]\u00a0R. CUSTERS,\u00a0<i>Chasseurs de mati\u00e8res premi\u00e8res<\/i>, Bruxelles, Investig\u2019action, 2013, p. 236.<\/div>\n<div><\/div>\n<\/div>\n<div>[3]\u00a0<i>Ibidem<\/i>, p. 225.<\/div>\n<\/div>\n","protected":false},"excerpt":{"rendered":"<p>Par Jean-Pierre Mbelu Depuis la guerre de l\u2019AFDL, l\u2019ouverture de la RDC au n\u00e9olib\u00e9ralisme est au c\u0153ur de plusieurs rencontres au sommet. La permanence de cette guerre de basse intensit\u00e9 semble participer de la th\u00e9rapie de choc administr\u00e9 \u00e0 un pays aux habitants soup\u00e7onn\u00e9s d\u2019\u00eatre majoritairement \u2018\u2019souverainistes\u2019\u2019. Les convaincre des bienfaits de l\u2019application du \u2018\u2019consensus [&hellip;]<\/p>\n","protected":false},"author":1,"featured_media":6449,"comment_status":"open","ping_status":"open","sticky":false,"template":"","format":"standard","meta":{"_acf_changed":false,"content-type":"","footnotes":""},"categories":[107,124],"tags":[],"class_list":["post-6448","post","type-post","status-publish","format-standard","has-post-thumbnail","hentry","category-analyses-commentaires","category-politique-societe"],"acf":[],"_links":{"self":[{"href":"https:\/\/congolobilelo.com\/IN\/wp-json\/wp\/v2\/posts\/6448","targetHints":{"allow":["GET"]}}],"collection":[{"href":"https:\/\/congolobilelo.com\/IN\/wp-json\/wp\/v2\/posts"}],"about":[{"href":"https:\/\/congolobilelo.com\/IN\/wp-json\/wp\/v2\/types\/post"}],"author":[{"embeddable":true,"href":"https:\/\/congolobilelo.com\/IN\/wp-json\/wp\/v2\/users\/1"}],"replies":[{"embeddable":true,"href":"https:\/\/congolobilelo.com\/IN\/wp-json\/wp\/v2\/comments?post=6448"}],"version-history":[{"count":0,"href":"https:\/\/congolobilelo.com\/IN\/wp-json\/wp\/v2\/posts\/6448\/revisions"}],"wp:featuredmedia":[{"embeddable":true,"href":"https:\/\/congolobilelo.com\/IN\/wp-json\/"}],"wp:attachment":[{"href":"https:\/\/congolobilelo.com\/IN\/wp-json\/wp\/v2\/media?parent=6448"}],"wp:term":[{"taxonomy":"category","embeddable":true,"href":"https:\/\/congolobilelo.com\/IN\/wp-json\/wp\/v2\/categories?post=6448"},{"taxonomy":"post_tag","embeddable":true,"href":"https:\/\/congolobilelo.com\/IN\/wp-json\/wp\/v2\/tags?post=6448"}],"curies":[{"name":"wp","href":"https:\/\/api.w.org\/{rel}","templated":true}]}}