{"id":6445,"date":"2014-03-24T16:30:21","date_gmt":"2014-03-24T16:30:21","guid":{"rendered":"http:\/\/www.ingeta.com\/?p=6445"},"modified":"2014-03-24T16:30:21","modified_gmt":"2014-03-24T16:30:21","slug":"pourquoi-la-rdc-a-besoin-dune-intelligentsia-organique-et-responsable","status":"publish","type":"post","link":"https:\/\/congolobilelo.com\/IN\/pourquoi-la-rdc-a-besoin-dune-intelligentsia-organique-et-responsable\/","title":{"rendered":"Kabila, la majorit\u00e9 pr\u00e9sidentielle et le processus \u00e9lectoral : Pourquoi la RDC a besoin d\u2019une intelligentsia organique et responsable"},"content":{"rendered":"<p>\t\t\t\tL\u2019analyste politique Jean-Pierre Mbelu revient sur l\u2019option qu\u2019aurait pris Kabila de modifier la constitution afin de changer le mode de scrutin et la date de la prochaine pr\u00e9sidentielle, d\u00e9nonce le coup d\u2019Etat qui est en train de se pr\u00e9parer, rappelle l\u2019enjeu de l\u2019\u00e9veil des consciences, expose, et explique pourquoi les congolais doivent cr\u00e9er une intelligentsia organique capable de travailler de mani\u00e8re synergique avec son peuple.<\/p>\n<p><iframe loading=\"lazy\" src=\"\/\/www.youtube.com\/embed\/2CK6ewOnvlQ\" height=\"315\" width=\"560\" allowfullscreen=\"\" frameborder=\"0\"><\/iframe><\/p>\n<p><strong>Sur l\u2019option de modification constitutionnelle pour changer le mode de scrutin pour la pr\u00e9sidentielle en RDC<\/strong><\/p>\n<blockquote><p>Les \u00e9lections dans notre pays vont rester pendant tr\u00e8s longtemps un pi\u00e8ge \u00e0 cons dans la mesure o\u00f9 il y a une question de l\u00e9gitimit\u00e9 qui se pose au Congo depuis les ann\u00e9es 1960 jusqu\u2019\u00e0 ce jour. Tant que cette question n\u2019aura pas trouv\u00e9 de r\u00e9ponses dans le chef d\u2019une intelligentsia organique \u00e0 m\u00eame de donner une direction convenable \u00e0 la RDC, nous n\u2019irons nulle part.<br \/>\nNous ne pouvons rien attendre de Kabila qui aille dans le respect des textes et de la sauvegarde de la vie de nos populations.<br \/>\nComment voulez-vous croire un seul instant que le mode op\u00e9ratoire de Kabila et de son r\u00e9seau va changer du jour au lendemain ou quand on aura programm\u00e9 les \u00e9lections en 2015 ?<br \/>\nCertains congolais avertis sont d\u2019avis que tant que les rapports de force ne changeront en faveur des congolais patriotes, r\u00e9sistants, \u00e9pris d\u2019amour et de civisme pour leur pays, il n\u2019y a rien \u00e0 attendre du r\u00e9seau de pr\u00e9dation op\u00e9rant au Congo. Il n\u2019y a rien \u00e0 attendre du processus \u00e9lectoral au Congo. L\u2019enjeu est le renversement des rapports de force.<\/p><\/blockquote>\n<p><strong>Sur le r\u00f4le de la \u00ab majorit\u00e9 pr\u00e9sidentielle \u00bb<\/strong><\/p>\n<blockquote><p>Ce qui int\u00e9resse la majorit\u00e9 pr\u00e9sidentielle au Congo, c\u2019est l\u2019argent, les billets de banque. Elle n\u2019a cependant aucun pouvoir. Elle est entretenue, corrompue pour donner l\u2019impression qu\u2019il y a un certain r\u00e9gime politique qui existe au Congo. Et pourtant, il n\u2019en est rien.<br \/>\nAvec les congolais de l\u2019acabit de Claude Mashala, nous sommes en train de revivre les p\u00e9riodes les plus noires du Mobutisme. Nous revenons de plus en plus au culte de la personnalit\u00e9. Si nous ne faisons pas attention, nous allons nous laisser distraire par ce culte de la personnalit\u00e9 pendant que le pays est en train d\u2019\u00eatre vendu comme carr\u00e9s miniers et pendant que des contrats sont en train d\u2019\u00eatre sign\u00e9s sur le dos des congolais.<br \/>\nPourquoi \u00e0 chaque fois, qu\u2019on fait allusion \u00e0 une \u00e9lection possible au Congo, les kabilistes purs et durs ou les faucons comme les appelle le quotidien Le Potentiel, se sentent oblig\u00e9s de travailler \u00e0 la r\u00e9vision de la constitution ?<br \/>\nAujourd\u2019hui, nous avons des congolais et des congolaises qui travaillent non pour la cause du Congo mais pour un individu qui s\u2019appelle Joseph Kabila, un individu au pass\u00e9 sulfureux.<\/p><\/blockquote>\n<p><strong>Sur le coup d\u2019Etat en cours<\/strong><\/p>\n<blockquote><p>Un coup d\u2019Etat est en train de se pr\u00e9parer au Congo. Il ne faudrait pas que nos filles et nos fils aillent comme des chairs \u00e0 canon devant les assassins qui sont en train de s\u2019activer pour organiser un passage en force.<br \/>\nIl y a eu des commandes de mat\u00e9riels militaires qui sont arriv\u00e9s \u00e0 Kinshasa. Kabila, qui depuis plus de 10 ans travaille \u00e0 l\u2019extermination des congolais, dit, au vu et au su de la majorit\u00e9 pr\u00e9sidentielle, qu\u2019il n\u2019a peur de personne et voudrait organiser un nouveau coup d\u2019Etat pour pouvoir poursuivre son r\u00f4le de cheval de Troie \u00e0 la t\u00eate de la RDC. Il faut amorcer une \u00e9ducation civique qui aide nos masses populaires \u00e0 comprendre l\u2019enjeu du moment. Ensuite, il faut pouvoir refuser de s\u2019engager dans un processus d\u00e9j\u00e0 initi\u00e9 \u00e0 l\u2019avance, qui devra aboutir \u00e0 un coup d\u2019Etat. Si nous avions encore un contre-pouvoir digne de ce nom au Congo, il s\u2019engagerait d\u00e9j\u00e0 ici et maintenant, dans un travail de sensibilisation qui aide nos populations \u00e0 refuser le fameux r\u00e9f\u00e9rendum, mais aussi au besoin, \u00e0 refuser ce fameux processus \u00e9lectoral tel qu\u2019il est en train d\u2019\u00eatre pr\u00e9par\u00e9.<br \/>\nIl arrive souvent que nous puissions condamner les forces ext\u00e9rieures dans les interventions qu\u2019ils font dans notre pays. Mais nous avons aussi la preuve qu\u2019il y a des compatriotes qui travaillent pour leur ventre et \u00e0 la mort de leur propre pays.<\/p><\/blockquote>\n<p><strong>Sur l\u2019\u00e9veil des consciences congolaises<\/strong><\/p>\n<blockquote><p>Il ne faut pas rester passif. Il est important de travailler maintenant, de plus en plus, \u00e0 l\u2019\u00e9veil des consciences et \u00e0 la fabrication d\u2019une conscience historique, qui op\u00e8re avec la puissance d\u2019un ressort. Il faut arriver, petit \u00e0 petit, \u00e0 mettre debout des masses critiques, qui m\u00eame si en derni\u00e8re analyse, elles d\u00e9cidaient par elles-m\u00eames de pouvoir marcher devant les canons de ce pouvoir usurpateur, qu\u2019elles le fassent en connaissance de cause. Et la cause qu\u2019elle pourrait d\u00e9fendre demain est celle d\u2019un Congo souverain, libre et \u00e9mancip\u00e9 de toutes les marionnettes de la fameuse communaut\u00e9 internationale et des chevaux de Troie des pays limitrophes.<br \/>\nLe Congo est un pays sous r\u00e9gime d\u2019occupation et sous-tutelle. Le Congo est un \u00e9tat manqu\u00e9. Et dans un \u00e9tat manqu\u00e9, la libert\u00e9 d\u2019expression est combattue. La libert\u00e9 d\u2019expression comme les autres libert\u00e9s appartiennent aux pays qui respectent leurs populations, qui respectent la dignit\u00e9 de leurs peuples. Ce r\u00e9gime banalise la mort, il est l\u00e0 pour exterminer les congolais. Quand il n\u2019arrive pas \u00e0 les tuer et \u00e0 les exterminer par les armes, ils les exterminent par la famine, par l\u2019appauvrissement et les in\u00e9galit\u00e9s qui deviennent de plus en plus galopantes. Et du moment qu\u2019il peut fermer les yeux ou offrir pour une bouch\u00e9e de pain nos mati\u00e8res premi\u00e8res aux entreprises multinationales, il est quitte.<\/p><\/blockquote>\n<p><strong>Sur le drame du peuple congolais<\/strong><\/p>\n<blockquote><p>Il y a quelque chose de dramatique, de tragique qui se d\u00e9roule au Congo. Nous regardons les choses telles qu\u2019elles arrivent et nous faisons semblant de ne rien voir. Comment pouvez-vous croire que des personnes r\u00e9fl\u00e9chies puissent, malgr\u00e9 tout cela, croire demain que Kabila peut s\u2019engager dans un processus \u00e9lectoral. Ou nous avons perdu toute sensibilit\u00e9 et toute humanit\u00e9, pour plusieurs d\u2019entre nous. Ou nous ne sommes plus un peuple digne de pouvoir exister sur la face de la terre. Il y a des gens aujourd\u2019hui qui disent qu\u2019ils n\u2019ont jamais rencontr\u00e9 un peuple capable de supporter ce que les congolais supportent aujourd\u2019hui. On peut monter n\u2019importe quel coup sur leur t\u00eate, ils supportent. Ou ils supportent, ou ils ne sont pas au courant. La majorit\u00e9 de nos populations est tomb\u00e9e dans une ignorance crasse qui la rend incapable d\u2019une action efficace. Ou nous avons une intelligentsia qui n\u2019a pas encore r\u00e9ussi \u00e0 prendre sa place de levain dans la p\u00e2te. Il y a un travail \u00e0 faire pour pouvoir cr\u00e9er une intelligentsia organique capable de travailler de mani\u00e8re synergique avec son peuple pour qu\u2019il devienne responsable de son destin.<\/p><\/blockquote>\n<p><strong>Sur le r\u00f4le de l\u2019intelligentsia congolaise<\/strong><\/p>\n<blockquote><p>Dans l\u2019\u00e9tat actuel des choses, les congolais doivent \u00eatre plusieurs \u00e0 mener des analyses froides sans \u00e9motion. Ils doivent se dire ceci : Le probl\u00e8me fondamentale que le Congo a aujourd\u2019hui est un probl\u00e8me de direction. Si ce probl\u00e8me de direction n\u2019est pas r\u00e9solu par une intelligentsia organique et responsable, nous allons continuer \u00e0 pousser des cris, \u00e0 nous plaindre, \u00e0 constater, \u00e0 analyser les cons\u00e9quences tout en oubliant qu\u2019il y a un probl\u00e8me fondamental qui se pose, celui de la direction, celui d\u2019un leadership visionnaire et responsable. Vous n\u2019allez pas compter sur les membres d\u2019un r\u00e9seau cynique, amoral et psychopathe pour sortir le Congo du bourbier dans lequel il se trouve actuellement.<\/p><\/blockquote>\n<p><strong>Sur la condamnation de Diomi Ndongala<\/strong><\/p>\n<blockquote><p>Diomi Ndongala est le symbole du congolais \u00e9veill\u00e9, averti des enjeux et \u00e0 qui les occupants voudraient fermer la bouche pour qu\u2019il n\u2019y ait pas d\u2019autres Diomi. Ces gens l\u00e0 avec leurs parrains ont peur de la th\u00e9orie des dominos. Si d\u2019autres Diomi \u00e9mergeaient \u00e0 Kinshasa ou au Congo, ils risqueraient de travailler contre l\u2019occupation et la mise sous-tutelle du Congo.<br \/>\nDiomi est malmen\u00e9, maltrait\u00e9 et emprisonn\u00e9 pour la cause du Congo.<\/p><\/blockquote>\n","protected":false},"excerpt":{"rendered":"<p>L\u2019analyste politique Jean-Pierre Mbelu revient sur l\u2019option qu\u2019aurait pris Kabila de modifier la constitution afin de changer le mode de scrutin et la date de la prochaine pr\u00e9sidentielle, d\u00e9nonce le coup d\u2019Etat qui est en train de se pr\u00e9parer, rappelle l\u2019enjeu de l\u2019\u00e9veil des consciences, expose, et explique pourquoi les congolais doivent cr\u00e9er une intelligentsia [&hellip;]<\/p>\n","protected":false},"author":1,"featured_media":6446,"comment_status":"open","ping_status":"open","sticky":false,"template":"","format":"standard","meta":{"_acf_changed":false,"content-type":"","footnotes":""},"categories":[107,124],"tags":[],"class_list":["post-6445","post","type-post","status-publish","format-standard","has-post-thumbnail","hentry","category-analyses-commentaires","category-politique-societe"],"acf":[],"_links":{"self":[{"href":"https:\/\/congolobilelo.com\/IN\/wp-json\/wp\/v2\/posts\/6445","targetHints":{"allow":["GET"]}}],"collection":[{"href":"https:\/\/congolobilelo.com\/IN\/wp-json\/wp\/v2\/posts"}],"about":[{"href":"https:\/\/congolobilelo.com\/IN\/wp-json\/wp\/v2\/types\/post"}],"author":[{"embeddable":true,"href":"https:\/\/congolobilelo.com\/IN\/wp-json\/wp\/v2\/users\/1"}],"replies":[{"embeddable":true,"href":"https:\/\/congolobilelo.com\/IN\/wp-json\/wp\/v2\/comments?post=6445"}],"version-history":[{"count":0,"href":"https:\/\/congolobilelo.com\/IN\/wp-json\/wp\/v2\/posts\/6445\/revisions"}],"wp:featuredmedia":[{"embeddable":true,"href":"https:\/\/congolobilelo.com\/IN\/wp-json\/"}],"wp:attachment":[{"href":"https:\/\/congolobilelo.com\/IN\/wp-json\/wp\/v2\/media?parent=6445"}],"wp:term":[{"taxonomy":"category","embeddable":true,"href":"https:\/\/congolobilelo.com\/IN\/wp-json\/wp\/v2\/categories?post=6445"},{"taxonomy":"post_tag","embeddable":true,"href":"https:\/\/congolobilelo.com\/IN\/wp-json\/wp\/v2\/tags?post=6445"}],"curies":[{"name":"wp","href":"https:\/\/api.w.org\/{rel}","templated":true}]}}