{"id":6439,"date":"2014-03-22T23:38:39","date_gmt":"2014-03-22T23:38:39","guid":{"rendered":"http:\/\/www.ingeta.com\/?p=6439"},"modified":"2014-03-22T23:38:39","modified_gmt":"2014-03-22T23:38:39","slug":"les-elections-de-2016-et-ces-congolaises-qui-ont-perdu-la-vue","status":"publish","type":"post","link":"https:\/\/congolobilelo.com\/IN\/les-elections-de-2016-et-ces-congolaises-qui-ont-perdu-la-vue\/","title":{"rendered":"Les \u00e9lections  de 2016 et ces Congolais(es) qui ont perdu la vue !"},"content":{"rendered":"<p>\t\t\t\tPar Jean-Pierre Mbelu<\/p>\n<p><strong>\u00abIls nous dominent plus par l\u2019ignorance que par la force.\u00bb &#8211; S. BOLIVAR<\/strong><\/p>\n<p>Nous avons un probl\u00e8me. Un probl\u00e8me tr\u00e8s s\u00e9rieux. Plusieurs d\u2019entre nous doivent avoir perdu ou la t\u00eate ou la vue. Ou les deux \u00e0 la fois. Que ceux qui en doutent suivent attentivement la vid\u00e9o de la derni\u00e8re conf\u00e9rence du Pr\u00e9sident de\u00a0la CENI\u00a0aux USA. Ils verront que la d\u00e9nomination \u2018\u2019NED\u2019\u2019\u00a0 (la Fondation\u00a0 pour le d\u00e9veloppement de\u00a0la D\u00e9mocratie) appara\u00eet sur un mur. Il n\u2019est donc pas exclu que cette organisation am\u00e9ricaine soit parmi les organisateurs de cette conf\u00e9rence sur les futures \u00e9lections en RDC.\u00a0 D\u2019ailleurs, ce n\u2019est un secret pour personne que plusieurs ONG de droits de l\u2019homme et certains partis politiques en RDC b\u00e9n\u00e9ficient du soutien de\u00a0la NED\u00a0et de l\u2019USAID.<\/p>\n<p>Revenons \u00e0\u00a0la NED.\u00a0Qui\u00a0\u00a0ont \u00e9t\u00e9 et sont les membres de son Directoire\u00a0? Plusieurs figures de l\u2019establishment conservateur US dont Henry Kissinger, Madeleine Albright, Francis Fukuyama, Zbigniew Brzezinski, John McCain, Paul Wolfowitz, etc. Et voici ce que l\u2019un de ses directeurs, Allen Weistein, confie au journal am\u00e9ricain, le\u00a0<i>Washington Post<\/i>, le 22 septembre 1991\u00a0: \u00ab\u00a0 Beaucoup de ce que nous faisons aujourd\u2019hui a \u00e9t\u00e9 fait de mani\u00e8re occulte par\u00a0la CIA, il y a 25 ans\u00a0\u00bb[1].\u00a0 L\u2019inversion s\u00e9mantique fait que plusieurs compatriotes, membres des ONG ou des partis politiques b\u00e9n\u00e9ficiant de l\u2019aide de\u00a0la NED,\u00a0 ne comprennent pas qu\u2019ils travaillent avec \u2018\u2019une petite main\u2019\u2019 des services secrets am\u00e9ricains. Et\u00a0la NED\u00a0travaille avec tout un r\u00e9seau d\u2019autres Fondations et Instituts qui d\u00e9stabilisent les pays et les Etats s\u2019opposant au fondamentalisme du march\u00e9 et disposant \u00e0 mettre leurs richesses au service de leurs peuples. En d\u2019autres mots,\u00a0la NED\u00a0comme l\u2019USAID font partie des \u2018\u2019agences et instruments \u00ab\u00a0made in USA\u00a0\u00bb de la s\u00e9dition\u2019\u2019 dans plusieurs pays r\u00e9volutionnaires et progressistes. A travers ces Fondations et Instituts, les USA et leurs alli\u00e9s v\u00e9hiculent un message\u00a0: \u00ab\u00a0Les peuples\u00a0 et les Etats qui sont contre le fondamentalisme du march\u00e9, les programmes d\u2019ajustement structurel et les mesures d\u2019aust\u00e9rit\u00e9 \u00e9dict\u00e9s par le FMI et\u00a0la Banque\u00a0mondiale sont contre nous et doivent \u00eatre combattus.\u00a0\u00bb Car, estiment-ils, celui qui n\u2019est pas avec nous et contre nous. Et \u00eatre avec eux, c\u2019est travailler pour l\u2019enrichissement du 1% des oligarques d\u2019argent, pour l\u2019explosion des in\u00e9galit\u00e9s et contre la justice sociale et l\u2019\u00e9galit\u00e9 des chances.<\/p>\n<p>Se laisser financer et contr\u00f4ler par eux, c\u2019est \u00eatre pour eux et contre l\u2019\u00e9mancipation des peuples du fondamentalisme du march\u00e9.<br \/>\nDivaguer sur les futures \u00e9lections en RDC en restant aveugles \u00e0 l\u2019endroit de tous ces voyages effectu\u00e9s par le Pr\u00e9sident de\u00a0la CENI\u00a0est une b\u00eatise. M\u00eame si Internet est devenu une machette \u00e0 double tranchant, il nous permet aujourd\u2019hui de visiter des m\u00e9dias alternatifs pouvant nous aider \u00e0 lire autre chose que la sauce aveuglante que nous servent les m\u00e9dias dominants. La guerre dite de \u2018\u2019la quatri\u00e8me g\u00e9n\u00e9ration\u2019\u2019 m\u00e9rite d\u2019\u00eatre ma\u00eetris\u00e9e dans son<i>modus operandi<\/i>. Elle se m\u00e8ne par le truchement ou des proxys ou des mouvements de jeunes et d\u2019opposition[2]fabriqu\u00e9s dans les universit\u00e9s et les laboratoires occidentaux.<\/p>\n<p>Lutter contre la manducation des c\u0153urs\u00a0 et des esprits exigera aux compatriotes africains et congolais de rester attentifs \u00e0 tout ce qui se passe dans notre monde d\u2019aujourd\u2019hui.<br \/>\nLes ma\u00eetres du monde ont des difficult\u00e9s dans leur projet de domination avec\u00a0la Russie,\u00a0la Chine, l\u2019Inde, l\u2019Iran,\u00a0la Syrie\u00a0et plusieurs pays de l\u2019Am\u00e9rique Latine regroup\u00e9s dans\u00a0la CELAC\u00a0ou l\u2019ALBA. Franchement, l\u2019Am\u00e9rique Latine est en train de leur \u00e9chapper comme \u2018\u2019arri\u00e8re-cour\u2019\u2019. Il ne leur reste plus que certains pays du Moyen-Orient\u00a0 et l\u2019Afrique. Ils ont un s\u00e9rieux besoin de p\u00e9trole et de ressources min\u00e9rales pour leurs industries. Ils ont des plans d\u00e9j\u00e0 \u00e9labor\u00e9s sur la mani\u00e8re dont ils doivent proc\u00e9der pour avoir un acc\u00e8s permanent \u00e0 ce march\u00e9 qu\u2019ils souhaitent non-r\u00e9gul\u00e9. Qu\u2019ont-ils comme armes\u00a0? Le m\u00e9pris racial, l\u2019exacerbation de la haine entre les peuples d\u2019Afrique, n\u00e9cessaire \u00e0 la politique du \u2018\u2019diviser pour r\u00e9gner\u2019\u2019, la corruption des \u00e9lites form\u00e9es dans leurs \u00e9coles et universit\u00e9s, l\u2019instrumentalisation des minorit\u00e9s, etc. A partir d\u2019o\u00f9 agissent-ils\u00a0? De l\u2019ombre. De plus en plus au vu et au su de tous. Ou du moins de ceux qui ont des yeux et voient. Quels sont leurs moyens\u00a0? L\u2019argent confi\u00e9 aux ONG et \u00a0aux IFI, l\u2019ONU, \u00a0la culture de l\u2019ignorance au nom du pragmatisme, la d\u00e9sinformation par les m\u00e9dias dominants interpos\u00e9s et les autres \u2018\u2019petites mains du capital\u2019\u2019.<\/p>\n<p>Revenons \u00e0\u00a0la RDC.\u00a0Les\u00a0fr\u00e9quentations actuelles du Pr\u00e9sident de\u00a0la CENI, de plusieurs organisations de la soci\u00e9t\u00e9 civile et de certains partis politiques congolais donnent un mauvais signal. Il ne faudra pas attendre 2016 pour comprendre cela.\u00a0La RDC\u00a0est encore tr\u00e8s mal partie. Compter uniquement sur ces \u00e9lections, c\u2019est attester que la sorcellerie n\u00e9olib\u00e9rale et l\u2019ignorance qu\u2019elle entra\u00eene sont \u00a0plus fortes que tout. Comme Simon Bolivar l\u2019avait d\u00e9j\u00e0 compris\u00a0: \u00ab\u00a0Ils (les ma\u00eetres du monde) nous dominent plus par l\u2019ignorance que par la force.\u00a0\u00bb Une ignorance voulue, entretenue \u00e0 coup de propagande mensong\u00e8re par des \u00e9lites ayant fait de leur ventre leur dieu ou subie par des masses populaires livr\u00e9es \u00e0 elles-m\u00eames et\/ou \u00e0 des spiritualit\u00e9s\u00a0<i>imb\u00e9cilisantes<\/i>\u00a0\u00a0par manque d\u2019\u2019\u2019intellectuels organiques\u2019\u2019 et patriotes,\u00a0 h\u00e9ritiers de spiritualit\u00e9s vivantes et traditionnelles.<\/p>\n<p>&nbsp;<\/p>\n<p><em>Mbelu Babanya Kabudi<\/em><\/p>\n<hr align=\"left\" size=\"1\" width=\"33%\" \/>\n<div>[1]\u00a0Lire A. BORON, Agences et instruments \u00ab\u00a0made in USA\u00a0\u00bb de la s\u00e9dition au Venezuela, dans\u00a0<b>Legrandsoir.info<\/b>, du 06 mars 2014.<\/div>\n<div>[2]\u00a0A. VITCHEK, Comment l\u2019Occident fabrique les mouvements d\u2019opposition, dans\u00a0<b>Le\u00a0<a href=\"http:\/\/grandsoir.info\/\" target=\"_blank\" rel=\"noopener\">grandsoir.info<\/a><\/b>, du 21 mars 2014.<\/div>\n<div><\/div>\n<div><\/div>\n","protected":false},"excerpt":{"rendered":"<p>Par Jean-Pierre Mbelu \u00abIls nous dominent plus par l\u2019ignorance que par la force.\u00bb &#8211; S. BOLIVAR Nous avons un probl\u00e8me. Un probl\u00e8me tr\u00e8s s\u00e9rieux. Plusieurs d\u2019entre nous doivent avoir perdu ou la t\u00eate ou la vue. Ou les deux \u00e0 la fois. Que ceux qui en doutent suivent attentivement la vid\u00e9o de la derni\u00e8re conf\u00e9rence [&hellip;]<\/p>\n","protected":false},"author":1,"featured_media":6440,"comment_status":"open","ping_status":"open","sticky":false,"template":"","format":"standard","meta":{"_acf_changed":false,"content-type":"","footnotes":""},"categories":[107,124],"tags":[],"class_list":["post-6439","post","type-post","status-publish","format-standard","has-post-thumbnail","hentry","category-analyses-commentaires","category-politique-societe"],"acf":[],"_links":{"self":[{"href":"https:\/\/congolobilelo.com\/IN\/wp-json\/wp\/v2\/posts\/6439","targetHints":{"allow":["GET"]}}],"collection":[{"href":"https:\/\/congolobilelo.com\/IN\/wp-json\/wp\/v2\/posts"}],"about":[{"href":"https:\/\/congolobilelo.com\/IN\/wp-json\/wp\/v2\/types\/post"}],"author":[{"embeddable":true,"href":"https:\/\/congolobilelo.com\/IN\/wp-json\/wp\/v2\/users\/1"}],"replies":[{"embeddable":true,"href":"https:\/\/congolobilelo.com\/IN\/wp-json\/wp\/v2\/comments?post=6439"}],"version-history":[{"count":0,"href":"https:\/\/congolobilelo.com\/IN\/wp-json\/wp\/v2\/posts\/6439\/revisions"}],"wp:featuredmedia":[{"embeddable":true,"href":"https:\/\/congolobilelo.com\/IN\/wp-json\/"}],"wp:attachment":[{"href":"https:\/\/congolobilelo.com\/IN\/wp-json\/wp\/v2\/media?parent=6439"}],"wp:term":[{"taxonomy":"category","embeddable":true,"href":"https:\/\/congolobilelo.com\/IN\/wp-json\/wp\/v2\/categories?post=6439"},{"taxonomy":"post_tag","embeddable":true,"href":"https:\/\/congolobilelo.com\/IN\/wp-json\/wp\/v2\/tags?post=6439"}],"curies":[{"name":"wp","href":"https:\/\/api.w.org\/{rel}","templated":true}]}}