{"id":6435,"date":"2014-03-18T19:27:22","date_gmt":"2014-03-18T19:27:22","guid":{"rendered":"http:\/\/www.ingeta.com\/?p=6435"},"modified":"2014-03-18T19:27:22","modified_gmt":"2014-03-18T19:27:22","slug":"la-rdc-est-le-miroir-du-monde-neoliberal","status":"publish","type":"post","link":"https:\/\/congolobilelo.com\/IN\/la-rdc-est-le-miroir-du-monde-neoliberal\/","title":{"rendered":"Lutte contre la d\u00e9mocratie, chasse aux ressources strat\u00e9giques et maintien du statu quo : La RDC est le miroir du monde n\u00e9olib\u00e9ral"},"content":{"rendered":"<p>\t\t\t\tL\u2019analyste politique Jean-Pierre Mbelu expose l\u2019importance des enjeux g\u00e9ostrat\u00e9giques internationaux et des march\u00e9s non r\u00e9gul\u00e9s r\u00e9gionaux dans les questions de la pr\u00e9sidentielle et de la d\u00e9mocratie au Congo, d\u00e9crypte le pi\u00e8ge du projet de r\u00e9vision de la constitution, montre comment ce qui se passe dans la R\u00e9publique d\u00e9mocratique du Congo est un reflet de la marche actuelle du monde dict\u00e9e par les \u00e9lites dominantes de la communaut\u00e9 internationale et nous invite \u00e0 relever le d\u00e9fi qui consiste \u00e0 faire passer le Congo de l\u2019Etat (n\u00e9o)colonial \u00e0 l\u2019Etat national.<\/p>\n<p><iframe loading=\"lazy\" src=\"\/\/www.youtube.com\/embed\/oltU33sehU0\" height=\"360\" width=\"560\" allowfullscreen=\"\" frameborder=\"0\"><\/iframe><\/p>\n<p><strong>Sur le parcours politique de Kabila<\/strong><\/p>\n<blockquote><p>La donne n\u2019est pas nouvelle. Il y a certaines questions que plusieurs d\u2019entre nous n\u2019arrivent plus \u00e0 se poser : Comment Kabila est-il venu \u00e0 la t\u00eate de notre pays ? Quelles proc\u00e9dures a-t-il utilis\u00e9 ? Plusieurs d\u2019entre nous ont oubli\u00e9 qu\u2019apr\u00e8s l\u2019assassinat de Laurent-D\u00e9sir\u00e9 Kabila, c\u2019est Joseph Kabila qui l\u2019a succ\u00e9d\u00e9 de mani\u00e8re aventureuse. Mais qui l\u2019a propuls\u00e9 l\u00e0 ?<br \/>\nEnsuite, il y a eu la mascarade \u00e9lectorale de 2006. Charles Onana dans son livre \u00ab Europe, crimes et censure au Congo : Les documents qui accusent \u00bb montre qu\u2019il y a eu des arrangements de la communaut\u00e9 dite internationale pour que ce monsieur puisse demeurer \u00e0 la t\u00eate du Congo en 2006. Ces documents n\u2019ont jamais \u00e9t\u00e9 d\u00e9mentis jusqu\u2019\u00e0 ce jour.<br \/>\nEnfin, il y a eu les tricheries de la pr\u00e9sidentielle de 2011.<br \/>\nQuand on analyse le parcours de Joseph Kabila, comment peut-on, en ayant un peu de jugeotte, croire que ce monsieur qui a eu ce parcours chaotique, qui a \u00e9t\u00e9 maintenu \u00e0 la t\u00eate de la RDC par des forces obscures, puisse un matin se lever et dire : \u00ab oui, maintenant que j\u2019ai fait mes deux mandats, je peux laisser le pays \u00e0 une autre personne \u00bb.<\/p><\/blockquote>\n<p><strong>Sur la question de l\u2019\u00e9lection pr\u00e9sidentielle et l\u2019enjeu la stabilit\u00e9 r\u00e9gionale<\/strong><\/p>\n<blockquote><p>Quand nous analysons la question de l\u2019\u00e9lection aujourd\u2019hui, au Congo, voire en Afrique et m\u00eame \u00e0 travers le monde, il y a la question des \u00e9quilibres r\u00e9gionaux. Dans notre cas, celle de la stabilit\u00e9 de l\u2019Afrique des Grands Lacs. Ainsi, tant que les arm\u00e9es ougandaises et rwandaises seront utilis\u00e9es par les ma\u00eetres du monde pour assurer ce qu\u2019ils appellent la stabilit\u00e9 de la r\u00e9gion qu\u2019ils sont en train de convertir en un march\u00e9 non r\u00e9gul\u00e9, les trois qui sont \u00e0 la t\u00eate des pays des Grands lacs risquent d\u2019\u00eatre maintenus.<br \/>\nUne bonne partie de l\u2019argent dont le Rwanda se sert pour pouvoir payer ses militaires provient du vol des mati\u00e8res premi\u00e8res au Congo, facilit\u00e9 par les chevaux de Troie install\u00e9s au Congo.<br \/>\nSi Kabila passe la main \u00e0 un Congolais digne de ce nom capable de r\u00e9organiser le pays de mani\u00e8re \u00e0 \u00e9viter toute sortie frauduleuse des mati\u00e8res premi\u00e8res, le Rwanda et l\u2019Ouganda qui b\u00e9n\u00e9ficient de cette pr\u00e9dation risquent d\u2019avoir maille \u00e0 partir et avec leurs populations et avec leurs arm\u00e9es.<br \/>\nDonc la question de cette stabilit\u00e9 dans la r\u00e9gion demande que Kabila puisse \u00eatre maintenu \u00e0 la t\u00eate du Congo, ne serait-ce que comme figurant.<\/p><\/blockquote>\n<p><strong>Sur la ma\u00eetrise de notre histoire<\/strong><\/p>\n<blockquote><p>Cette majorit\u00e9 de mangeurs est une majorit\u00e9 du statu quo. C\u2019est en maintenant la situation actuelle du Congo que ces gens qui font partie de la majorit\u00e9 pr\u00e9sidentielle boivent, mangent et s\u2019amusent. Ce qui se passe aujourd\u2019hui dans notre pays s\u2019est d\u00e9j\u00e0 pass\u00e9 dans les ann\u00e9es 1960. D\u00e8s qu\u2019un groupe de congolais peut-\u00eatre corrompu pour qu\u2019il s\u2019ach\u00e8te des motos, des voitures, des maisons et prenne une deuxi\u00e8me voire ou troisi\u00e8me femme, les questions essentielles li\u00e9es \u00e0 la souverainet\u00e9 du pays n\u2019importent peu.<br \/>\nLes acteurs qui op\u00e8rent chez nous sous couvert du r\u00e9seau transnational de pr\u00e9dation ont la ma\u00eetrise de notre histoire, alors qu\u2019un grand nombre d\u2019entre nous ne l\u2019a pas. Ces gens l\u00e0 \u00e9tudient le Congolais et la Congolaise ils les connaissent.<\/p><\/blockquote>\n<p><strong>Sur le mode op\u00e9ratoire de la communaut\u00e9 internationale<\/strong><\/p>\n<blockquote><p>Aujourd\u2019hui, m\u00eame dans la fameuse communaut\u00e9 internationale, les \u00e9lections ne repr\u00e9sentent plus rien, parce que cette m\u00eame communaut\u00e9 internationale est en train de lutter contre la participation des peuples aux d\u00e9cisions qui engagent leurs destin\u00e9es. Elle s\u2019est engag\u00e9e dans la lutte contre la d\u00e9mocratie. L\u2019Ukraine, la Libye, l\u2019Irak et la Syrie montrent bien que ce qui importe pour l\u2019\u00e9lite dominante, c\u2019est l\u2019acc\u00e8s aux ressources, l\u2019acc\u00e8s au p\u00e9trole, l\u2019acc\u00e8s aux mati\u00e8res premi\u00e8res strat\u00e9giques. Le reste n\u2019a aucune esp\u00e8ce d\u2019importance. Mais nous nous r\u00eavons encore. C\u2019est bien d\u2019avoir des id\u00e9aux et de tenir \u00e0 l\u2019id\u00e9al de la d\u00e9mocratie. Mais ayons les yeux suffisamment ouverts pour voir comment op\u00e8re cette \u00e9lite dominante de la fameuse communaut\u00e9 internationale.<br \/>\nDepuis les ann\u00e9es 1980\/1990, les d\u00e9cisions engageant l\u2019avenir des peuples ont \u00e9t\u00e9 confi\u00e9es aux entit\u00e9s organiques que l\u2019on appelle multinationales et ces derni\u00e8res n\u2019engagent pas de d\u00e9bats avec les peuples et ne r\u00e9pondent pas de l\u2019avenir des peuples, comme une d\u00e9mocratie le ferait.<br \/>\nNous sommes dans un syst\u00e8me n\u00e9olib\u00e9ral qui conduit \u00e0 cr\u00e9er des march\u00e9s non r\u00e9gul\u00e9s \u00e0 travers le monde. Et les questions de la d\u00e9mocratie et de la participation citoyenne passent apr\u00e8s coup.<br \/>\nVous les voyez en Arabie Saoudite, au Qatar, etc. Ils sont pr\u00eats \u00e0 travailler avec des princes, tyrans, des dictateurs, etc tant qu\u2019ils ont acc\u00e8s aux march\u00e9s. Voil\u00e0 pourquoi ils ne peuvent pas facilement tol\u00e9rer qu\u2019il y ait un Chavez congolais, un Evo Morales congolais ou un Rafael Correa congolais. Parce que le Congo risquerait de ne pas \u00eatre un march\u00e9 qui leur profite.<\/p><\/blockquote>\n<p><strong>Sur la possibilit\u00e9 de la r\u00e9vision constitutionnelle en RDC<\/strong><\/p>\n<blockquote><p>Le pi\u00e8ge est le suivant. On va nous faire croire que notre peuple d\u00e9sinform\u00e9, mis en marge de tous les d\u00e9bats politiques, a suffisamment de maturit\u00e9 pour pouvoir se prononcer sur une question politique ayant plusieurs ramifications comme celles du changement de certains articles de la constitution.<br \/>\nApr\u00e8s avoir appauvri le peuple, apr\u00e8s l\u2019avoir d\u00e9sinform\u00e9, apr\u00e8s l\u2019avoir laiss\u00e9 pendant tr\u00e8s longtemps \u00e9volu\u00e9 dans l\u2019ignorance et la propagande, on va lui dire voil\u00e0 tu es souverain, tu peux maintenant te prononcer sur le mode de scrutin pour ton avenir. On prend nos populations pour des imb\u00e9ciles.<br \/>\nOn prend nos masses pour le peuple. Un peuple est celui qui a cultiv\u00e9 un sens assez aigu de ses droits et devoirs et qui est attach\u00e9 \u00e0 ses libert\u00e9s fondamentales. Or quand nous voyons comment notre peuple est tra\u00een\u00e9 dans la boue, comment il est entra\u00een\u00e9 dans des guerres \u00e0 r\u00e9p\u00e9tition, comment il est appauvri de mani\u00e8re anthropologique, on ne peut pas croire que nous avons affaire \u00e0 des masses responsables qui sachent se prononcer en connaissance de cause lors d\u2019un r\u00e9f\u00e9rendum engageant notre vivre ensemble. C\u2019est cette confusion que les faucons de la majorit\u00e9 pr\u00e9sidentielle sont en train d\u2019entretenir.<br \/>\nR\u00e9duire les \u00e9lections au niveau de l\u2019assembl\u00e9e nationale, c\u2019est savoir d\u2019abord que beaucoup de ces d\u00e9put\u00e9s l\u00e0, sont facilement achetables et pourront \u00eatre achet\u00e9s. Et celui qui sera capable, apr\u00e8s d\u00e9tourn\u00e9 les deniers publics pendant des ann\u00e9es, celui qui sera capable de les corrompre, se maintiendra au pouvoir le plus qu\u2019il le pourra.<br \/>\nIls ont fait l\u2019exp\u00e9rience qu\u2019un peuple bien mobilis\u00e9 comme il l\u2019a \u00e9t\u00e9 en 2011 peut les surprendre. Alors, ils sont en train de chercher des tuyaux par lesquels passer pour qu\u2019ils jouissent tant soit peu d\u2019une certaine l\u00e9gitimit\u00e9. Alors ils multiplient leurs strat\u00e9gies de communication. Un jour, c\u2019est Lambert Mende qui dit une chose. Un autre jour, c\u2019est Claude Mashala qui dit le contraire. Et restent \u00e0 l\u2019\u00e9coute de la capacit\u00e9 de r\u00e9action de la population. Ils devraient \u00e0 un certain moment avoir honte d\u2019\u00eatre le jouet de Kabila.<\/p><\/blockquote>\n<p><strong>Sur le r\u00f4le de la CPI et des ONGs au Congo<\/strong><\/p>\n<blockquote><p>La pr\u00e9sence du procureur de la CPI Mme Bensouda \u00e0 Kinshasa est une mise en sc\u00e8ne. Quel r\u00f4le joue la CPI ? Combien d\u2019assassins autres que les noirs africains se retrouvent \u00e0 la CPI ?<br \/>\nLa CPI semble \u00eatre une bo\u00eete form\u00e9e de toute pi\u00e8ce par cette fameuse communaut\u00e9 internationale pour pouvoir coffrer les africains qui pourraient essayer de sortir des chemins battus.<br \/>\nEn donnant de l\u2019importance \u00e0 la CPI, nous sommes en train de donner une image de la justice dite internationale qui ne colle pas \u00e0 nos r\u00e9alit\u00e9s. Ces institutions de la justice internationale travaillent main dans la main avec ceux qui orchestrent les guerres secr\u00e8tes contre l\u2019Afrique.<br \/>\nLe Congo a plus de 200 ONG qui sont financ\u00e9es par les services secrets des pays qui d\u00e9truisent le Congo. Les pays s\u00e9rieux ont r\u00e9duit le nombre de leurs ONGs, m\u00eame des droits de l\u2019homme, et certaines ONGs internationales soutenant des ONGs locales ont \u00e9t\u00e9 chass\u00e9es. Prenez l\u2019exemple de la Russie, celui de la Bolivie, ou encore celui du Venezuela.<br \/>\nCe que nous ne comprenons pas, c\u2019est que ces ONGs fonctionnent avec l\u2019argent des organisations non gouvernementales qui sont les pendants civils des services secrets des faiseurs de rois des pays qui font la guerre au Congo.<\/p><\/blockquote>\n<p><strong>Sur le d\u00e9fi \u00e0 relever par les Congolais<\/strong><\/p>\n<blockquote><p>Nous analysons, nous critiquons. C\u2019est d\u00e9j\u00e0 bien. Mais sommes-nous plusieurs \u00e0 nous mettre ensemble pour fixer des objectifs \u00e0 atteindre demain ou apr\u00e8s-demain, tout en restant attentifs \u00e0 ce qui se passe ?<br \/>\nQuelles sont nos alternatives ? Comment faisons-nous dans notre immense majorit\u00e9 pour atteindre nos objectifs de mani\u00e8re r\u00e9solus ?<br \/>\nVoil\u00e0 des questions qui semblent essentielles. Eux font leur boulot, ils ont le r\u00e9seau transnational de pr\u00e9dation. Avons-nous aussi des r\u00e9seaux alternatifs ? Pouvons-nous \u00eatre capables aujourd\u2019hui majoritairement de monter un contre-pouvoir qui fonctionne pour que dans deux, trois, quatre voire cinq ans, le Congo puisse passer de l\u2019Etat colonial \u00e0 l\u2019Etat national. Voil\u00e0 un d\u00e9fi ! Comment travailler aujourd\u2019hui majoritairement en r\u00e9seau interconnect\u00e9 pour que le Congo passe de l\u2019Etat (n\u00e9o)colonial \u00e0 l\u2019Etat national afin que le pays jouisse de sa souverainet\u00e9, qu\u2019il puisse avoir Etat qui g\u00e8re ses terres de mani\u00e8re souveraine, qui organise son \u00e9conomie de mani\u00e8re souveraine et sa culture de mani\u00e8re souveraine. Qu\u2019avons-nous comme alternative dans notre immense majorit\u00e9 ?<\/p><\/blockquote>\n<p><strong>Sur le cas Diomi Ndongala<\/strong><\/p>\n<blockquote><p>Diomi Ndongala est le symbole de tous ces congolais et congolaises qui essaient de lutter \u00e0 visage d\u00e9couvert pour que le pays sorte des chemins battus.<br \/>\nLe mettre en prison, organiser un proc\u00e8s politique contre lui. C\u2019est une fa\u00e7on de dire \u00e0 ces congolais et ces congolaises, vous voyez le sort qu\u2019il pourrait vous attendre si vous vous ent\u00eatez \u00e0 r\u00e9sister contre l\u2019ordre n\u00e9ocolonial au Congo.<br \/>\nNe perdons pas de vue que Diomi r\u00e9sume en lui le sort r\u00e9serv\u00e9 aux r\u00e9sistants congolais, le sort r\u00e9serv\u00e9 aux patriotes congolais, le sort r\u00e9serv\u00e9 \u00e0 tous les dignes filles et fils du Congo qui oseraient dire de mani\u00e8re ostentatoire , \u00ab le Congo nous appartient \u00bb.<\/p><\/blockquote>\n<p><\/br>\t\t<\/p>\n","protected":false},"excerpt":{"rendered":"<p>L\u2019analyste politique Jean-Pierre Mbelu expose l\u2019importance des enjeux g\u00e9ostrat\u00e9giques internationaux et des march\u00e9s non r\u00e9gul\u00e9s r\u00e9gionaux dans les questions de la pr\u00e9sidentielle et de la d\u00e9mocratie au Congo, d\u00e9crypte le pi\u00e8ge du projet de r\u00e9vision de la constitution, montre comment ce qui se passe dans la R\u00e9publique d\u00e9mocratique du Congo est un reflet de la [&hellip;]<\/p>\n","protected":false},"author":1,"featured_media":6431,"comment_status":"open","ping_status":"open","sticky":false,"template":"","format":"standard","meta":{"_acf_changed":false,"content-type":"","footnotes":""},"categories":[107,120,124],"tags":[],"class_list":["post-6435","post","type-post","status-publish","format-standard","has-post-thumbnail","hentry","category-analyses-commentaires","category-mondialisation","category-politique-societe"],"acf":[],"_links":{"self":[{"href":"https:\/\/congolobilelo.com\/IN\/wp-json\/wp\/v2\/posts\/6435","targetHints":{"allow":["GET"]}}],"collection":[{"href":"https:\/\/congolobilelo.com\/IN\/wp-json\/wp\/v2\/posts"}],"about":[{"href":"https:\/\/congolobilelo.com\/IN\/wp-json\/wp\/v2\/types\/post"}],"author":[{"embeddable":true,"href":"https:\/\/congolobilelo.com\/IN\/wp-json\/wp\/v2\/users\/1"}],"replies":[{"embeddable":true,"href":"https:\/\/congolobilelo.com\/IN\/wp-json\/wp\/v2\/comments?post=6435"}],"version-history":[{"count":0,"href":"https:\/\/congolobilelo.com\/IN\/wp-json\/wp\/v2\/posts\/6435\/revisions"}],"wp:featuredmedia":[{"embeddable":true,"href":"https:\/\/congolobilelo.com\/IN\/wp-json\/"}],"wp:attachment":[{"href":"https:\/\/congolobilelo.com\/IN\/wp-json\/wp\/v2\/media?parent=6435"}],"wp:term":[{"taxonomy":"category","embeddable":true,"href":"https:\/\/congolobilelo.com\/IN\/wp-json\/wp\/v2\/categories?post=6435"},{"taxonomy":"post_tag","embeddable":true,"href":"https:\/\/congolobilelo.com\/IN\/wp-json\/wp\/v2\/tags?post=6435"}],"curies":[{"name":"wp","href":"https:\/\/api.w.org\/{rel}","templated":true}]}}