{"id":6429,"date":"2014-03-18T19:07:13","date_gmt":"2014-03-18T19:07:13","guid":{"rendered":"http:\/\/www.ingeta.com\/?p=6429"},"modified":"2014-03-18T19:07:13","modified_gmt":"2014-03-18T19:07:13","slug":"les-multinationales-comme-centres-de-pouvoir","status":"publish","type":"post","link":"https:\/\/congolobilelo.com\/IN\/les-multinationales-comme-centres-de-pouvoir\/","title":{"rendered":"Les multinationales comme \u2018\u2019centres de pouvoir\u2019\u2019"},"content":{"rendered":"<p>\t\t\t\tPar Jean-Pierre Mbelu<\/p>\n<p><strong>Les lignes ma\u00eetresses de la conf\u00e9rence du 18 mars 2014 \u00e0 Bruxelles.<\/strong><\/p>\n<p>Il y a une multitude de multinationales op\u00e9rant dans notre pays depuis la guerre de l\u2019AFDL jusqu\u2019\u00e0 ce jour. Plusieurs ont accompagn\u00e9 et financ\u00e9 cette guerre d\u2019agression et de basse intensit\u00e9. Il est important de savoir que ces oligopoles travaillent en r\u00e9seau avec les institutions financi\u00e8res internationales, les banques, les gouvernements des pays puissants du monde et leurs Etats profonds. Elles font partie des lieux o\u00f9 sont prises les d\u00e9cisions politiques ayant des incidences s\u00e9rieuses sur la vie sociale, \u00e9conomique, politique, environnementale et culturelle des peuples sans que ceux-ci aient souvent leur mot \u00e0 dire. En d\u2019autres mots, \u00a0elles sont des \u2018\u2019centres priv\u00e9s de pouvoir\u2019\u2019 arrach\u00e9 aux peuples\u00a0 et au secteur public, ob\u00e9issant au principe selon lequel les droits des entit\u00e9s organiques ont de la pr\u00e9pond\u00e9rance sur ceux des citoyens. Ce transfert de pouvoir du peuple aux entreprises priv\u00e9es est ce qu\u2019on nomme\u00a0g\u00e9n\u00e9ralement \u2018\u2019le n\u00e9olib\u00e9ralisme\u2019\u2019[1].<\/p>\n<p>Cette privatisation du secteur public\u00a0 porte atteinte aux institutions d\u00e9mocratiques et conduit \u00e0 la violation de la souverainet\u00e9 \u00e9conomique, culturelle et politique des pays. Elle favorise l\u2019enrichissement des oligarques d\u2019argent, creuse les in\u00e9galit\u00e9s, nuit s\u00e9rieusement \u00e0 la croissance et \u00e0 l\u2019emploi[2], engendre l\u2019appauvrissement et la mis\u00e8re. Dans les pays puissants et n\u00e9olib\u00e9raux, elle op\u00e8re\u00a0 sur fond de \u2018\u2019la guerre de tous contre tous\u2019\u2019 aux d\u00e9pens de la promotion de la vie sous toutes ses formes et pour le profit maximal.<\/p>\n<p>L\u00e0 o\u00f9 les Etats sont encore souverains \u2013citons l\u2019exemple de la Bolivie, le Venezuela ou de l\u2019Equateur-, ce sont eux qui d\u00e9cident de la r\u00e9partition des revenus issus de la production. En Bolivie, l\u2019Etat prend 82% de\u00a0 ces revenus et laissent 18% aux entreprises priv\u00e9es. Il y est arriv\u00e9 en effectuant le passage de l\u2019Etat colonial \u00e0 l\u2019Etat national[3]. Il est redevenu ma\u00eetre de ses richesses et de sa terre. Il a, tout en restant ouvert aux investisseurs priv\u00e9s, nationalis\u00e9 les entreprises publiques et mis les revenus r\u00e9colt\u00e9s au service de l\u2019\u00e9ducation, de la sant\u00e9, de l\u2019emploi citoyen et des infrastructures, malgr\u00e9 les coups qu\u2019il re\u00e7oit de ceux qui ont toujours consid\u00e9r\u00e9 l\u2019Am\u00e9rique Latine comme leur arri\u00e8re-cour.<\/p>\n<p>L\u2019ouverture de la RDC au n\u00e9olib\u00e9ralisme en a fait un vaste march\u00e9 fond\u00e9 sur la d\u00e9r\u00e8glementation, la privatisation (sauvage) et la lib\u00e9ralisation sur fond d\u2019un Etat manqu\u00e9. D\u2019o\u00f9 la ru\u00e9e de tous les vautours du monde pour la d\u00e9pi\u00e9cer en travaillant en r\u00e9seau avec les n\u00e8gres de service de tous bords op\u00e9rant dans les diff\u00e9rentes institutions <i>agencifi\u00e9es<\/i>, avec l\u2019ONU et les ONG internationales li\u00e9es aux services secrets des pays dominants. (Ici il y a un probl\u00e8me s\u00e9rieux d\u2019inversion s\u00e9mantique\u00a0!)<\/p>\n<p>L\u2019exemple de l\u2019APP (Alliance Public Priv\u00e9) sign\u00e9e au mois de novembre\u00a0 2011 est le plus proche de nous. Sa mise en \u0153uvre\u00a0 risque de conduire \u00e0 la v\u00e9ritable balkanisation\u00a0\u00e9conomique de la RDC. Sous pr\u00e9texte de l\u2019aider \u00e0 prot\u00e9ger l\u2019exploitation de ses mati\u00e8res premi\u00e8res, les parties impliqu\u00e9es dans cette APP risquent d\u2019arracher \u00e0 la RDC son droit de regard sur certaines r\u00e9gions de sa partie orientale : le Sud et le Nord-Kivu, l\u2019Ituri et le Katanga .<\/p>\n<p>Que faire\u00a0? La grande question est celle de savoir comment redonner au secteur public son pouvoir classique de boussole pour les peuples. Que faire\u00a0? Savoir ce qui se passe et rester en permanence en attitude d\u2019apprentissage. Mener quelques actions \u00e0 court, moyen et long terme en ayant la souverainet\u00e9 du Congo comme objectif majeur. (Car, savoir o\u00f9 l\u2019on va permet d\u2019avancer m\u00eame de quelques millim\u00e8tres dans ce monde o\u00f9 les grands changements souvent mol\u00e9culaire.) En voici quelques-unes \u00e0 titre indicatif. (Le gros du boulot devant \u00eatre\u00a0\u00a0d\u00e9battu au sein des organisations citoyennes et partis politiques).Travailler, \u00e0 partir des lieux de la pens\u00e9e, au passage de l\u2019Etat manqu\u00e9 actuel \u00e0 l\u2019Etat national, souverain, garantissant l\u2019\u00e9galit\u00e9 des chances, la justice sociale la protection des droits et libert\u00e9s fondamentales. Il faut refonder\u00a0la R\u00e9publique\u00a0en prenant appui sur les masses populaires transform\u00e9es petit \u00e0 petit en masses critiques et en mettant \u00e0 plat ou en convertissant les forces du statu quo en contre-pouvoir citoyen efficace. Cr\u00e9er des organisations disciplin\u00e9es, pluriethniques et multipartites, interconnect\u00e9es et capables de mobiliser des ressources et des alli\u00e9s dignes pour la lutte d\u2019\u00e9mancipation politique en RDC.<\/p>\n<p>La\u00a0\u00a0RDC\u00a0n\u2019est pas le seul pays \u00e0 disposer des terres riches en ressources min\u00e9rales. D\u2019o\u00f9 la n\u00e9cessit\u00e9 d\u2019\u00e9tudier comment les\u00a0\u00a0peuples qui se tirent plus ou moins bien d\u2019affaire\u00a0\u00a0proc\u00e8dent.<\/p>\n<p>Accorder une place de choix \u00e0 l\u2019\u00e9ducation, \u00e0 la formation et \u00e0 l\u2019information afin d\u2019\u00e9veiller les consciences, de cr\u00e9er la volont\u00e9 politique, de lutter contre l\u2019ignorance, le manque d\u2019information et la d\u00e9sinformation. Recr\u00e9er une\u00a0\u00a0arm\u00e9e et une\u00a0\u00a0police\u00a0\u00a0patriotes.<\/p>\n<p>Internationaliser la lutte congolaise tout en repensant\u00a0\u00a0r\u00e9guli\u00e8rement la politique, la r\u00e9sistance et le panafricanisme des peuples \u00e0 partir d\u2019une relecture assidue de Jomo Kenyatta, Amir Cabral, Fantz Fanon, Kwame Nkumah, Thomas Sankara et Patrice Lumumba[5], etc. (L\u2019<i>Afropolitanisme\u00a0<\/i>d\u2019Achille Mbembe[6]\u00a0m\u00e9riterait aussi de l\u2019attention.) Seuls les peuples ayant renonc\u00e9 \u00e0 la logique de l\u2019impuissance et regroup\u00e9s en de grands ensembles pluriels, g\u00e9opolitiquement et g\u00e9ostrat\u00e9giquement soud\u00e9s et forts pourraient assurer un \u2018\u2019bien vivre-ensemble\u2019\u2019 en leur sein et r\u00e9sister tant soit peu face aux bourrasques du \u2018\u2019tout march\u00e9\u2019\u2019 promoteur du\u00a0\u00a0\u00ab\u00a0nouveau d\u00e9sordre mondial\u00a0\u00bb.<\/p>\n<p>&nbsp;<\/p>\n<p><em>Jean-Pierre Mbelu<\/em><\/p>\n<div>\n<hr align=\"left\" size=\"1\" width=\"33%\" \/>\n<div>\n<p>[1]  N. CHOMSKY, <i>Deux heures de lucidit\u00e9. Entretiens avec Denis Robert et Weronika Zarachowicz<\/i>, Paris, les Ar\u00e8nes, 2001, p. 45.<\/p>\n<\/div>\n<div>\n<p>[2]  K. VERGOPOULOS, La croissance des in\u00e9galit\u00e9s explique-t-elle la stagnation \u00e9conomique\u00a0? L\u2019affreux doute des lib\u00e9raux, dans <b>Le Monde diplomatique<\/b>, Mars 2014, p. 11. Dans cet article, l\u2019auteur cite un extrait du discours du Pr\u00e9sident Barack Obama (sur l\u2019\u00e9tat de l\u2019Union du 29 janvier 2014) soutenant que l\u2019enrichissement d\u2019une minorit\u00e9 cr\u00e9e des in\u00e9galit\u00e9s et est nuisible \u00e0 la croissance et \u00e0 l\u2019emploi.<\/p>\n<\/div>\n<div>\n<p>[3]  J. ZIEGLER, <i>La haine de l\u2019Occident<\/i>, Paris, Albin Michel, 2008, p 251.<\/p>\n<p>[4] R. CUSTERS, <i>Chasseurs de mati\u00e8res premi\u00e8res<\/i>, Bruxelles, Investig\u2019Action, 2013, p. 212.<\/p>\n<p>[5] Lire S. BOUAMAMA, Figures de la r\u00e9volution africaine. De Kenyatta \u00e0 Sankara, Paris, La D\u00e9couverte, 2014.<\/p>\n<p>[6] Lire A. MBEMBE, Sortir de la grande nuit. Essai sur l\u2019Afrique d\u00e9colonis\u00e9e, Paris, La D\u00e9couverte, 2013.\n<\/p><\/div>\n<\/div>\n","protected":false},"excerpt":{"rendered":"<p>Par Jean-Pierre Mbelu Les lignes ma\u00eetresses de la conf\u00e9rence du 18 mars 2014 \u00e0 Bruxelles. Il y a une multitude de multinationales op\u00e9rant dans notre pays depuis la guerre de l\u2019AFDL jusqu\u2019\u00e0 ce jour. Plusieurs ont accompagn\u00e9 et financ\u00e9 cette guerre d\u2019agression et de basse intensit\u00e9. Il est important de savoir que ces oligopoles travaillent [&hellip;]<\/p>\n","protected":false},"author":1,"featured_media":6430,"comment_status":"open","ping_status":"open","sticky":false,"template":"","format":"standard","meta":{"_acf_changed":false,"content-type":"","footnotes":""},"categories":[107,120,124],"tags":[],"class_list":["post-6429","post","type-post","status-publish","format-standard","has-post-thumbnail","hentry","category-analyses-commentaires","category-mondialisation","category-politique-societe"],"acf":[],"_links":{"self":[{"href":"https:\/\/congolobilelo.com\/IN\/wp-json\/wp\/v2\/posts\/6429","targetHints":{"allow":["GET"]}}],"collection":[{"href":"https:\/\/congolobilelo.com\/IN\/wp-json\/wp\/v2\/posts"}],"about":[{"href":"https:\/\/congolobilelo.com\/IN\/wp-json\/wp\/v2\/types\/post"}],"author":[{"embeddable":true,"href":"https:\/\/congolobilelo.com\/IN\/wp-json\/wp\/v2\/users\/1"}],"replies":[{"embeddable":true,"href":"https:\/\/congolobilelo.com\/IN\/wp-json\/wp\/v2\/comments?post=6429"}],"version-history":[{"count":0,"href":"https:\/\/congolobilelo.com\/IN\/wp-json\/wp\/v2\/posts\/6429\/revisions"}],"wp:featuredmedia":[{"embeddable":true,"href":"https:\/\/congolobilelo.com\/IN\/wp-json\/"}],"wp:attachment":[{"href":"https:\/\/congolobilelo.com\/IN\/wp-json\/wp\/v2\/media?parent=6429"}],"wp:term":[{"taxonomy":"category","embeddable":true,"href":"https:\/\/congolobilelo.com\/IN\/wp-json\/wp\/v2\/categories?post=6429"},{"taxonomy":"post_tag","embeddable":true,"href":"https:\/\/congolobilelo.com\/IN\/wp-json\/wp\/v2\/tags?post=6429"}],"curies":[{"name":"wp","href":"https:\/\/api.w.org\/{rel}","templated":true}]}}