{"id":6416,"date":"2014-03-06T11:58:41","date_gmt":"2014-03-06T11:58:41","guid":{"rendered":"http:\/\/www.ingeta.com\/?p=6416"},"modified":"2014-03-06T11:58:41","modified_gmt":"2014-03-06T11:58:41","slug":"conference-comprendre-le-chaos-en-afrique-centrale-avec-patrick-mbeko-le-17-mars-2014-a-paris","status":"publish","type":"post","link":"https:\/\/congolobilelo.com\/IN\/conference-comprendre-le-chaos-en-afrique-centrale-avec-patrick-mbeko-le-17-mars-2014-a-paris\/","title":{"rendered":"Conf\u00e9rence &#8211; Comprendre le chaos en Afrique centrale (avec Patrick Mbeko) &#8211; Le 17 mars 2014 \u00e0 Paris"},"content":{"rendered":"<p>\t\t\t\tLa Revue <a href=\"http:\/\/cerclearistote.com\">Perspectives Libres <\/a>vous invite \u00e0 la conf\u00e9rence :<\/p>\n<p>Comprendre le chaos en Afrique centrale avec comme intervenant principal, <a href=\"https:\/\/www.facebook.com\/pages\/Patrick-MBEKO\/1409405945941103?fref=ts\">Patrick Mbeko<\/a>, auteur, analyste g\u00e9opolitique et activiste panafricain.<\/p>\n<p><strong>Date &#038; heure:<\/strong><br \/>\nLe lundi 17 mars 2014 \u00e0 20h.<\/p>\n<p><strong>Lieu:<\/strong><br \/>\nFran\u00e7ois Copp\u00e9e, 1 boulevard du Montparnasse, 75006 Paris. M\u00e9tro Duroc.<\/p>\n<p><strong>Plus d&#8217;information:<\/strong><br \/>\nOrganisateur: <a href=\"https:\/\/www.facebook.com\/pages\/Perspectives-Libres\/123104694435203\">Cercle Aristote\/Perspectives Libres<\/a><br \/>\nInscription : revue.libres@gmail.com<br \/>\nTarif: 5 euros \t\t<\/p>\n","protected":false},"excerpt":{"rendered":"<p>La Revue Perspectives Libres vous invite \u00e0 la conf\u00e9rence : Comprendre le chaos en Afrique centrale avec comme intervenant principal, Patrick Mbeko, auteur, analyste g\u00e9opolitique et activiste panafricain. Date &#038; heure: Le lundi 17 mars 2014 \u00e0 20h. Lieu: Fran\u00e7ois Copp\u00e9e, 1 boulevard du Montparnasse, 75006 Paris. M\u00e9tro Duroc. Plus d&#8217;information: Organisateur: Cercle Aristote\/Perspectives Libres [&hellip;]<\/p>\n","protected":false},"author":1,"featured_media":6414,"comment_status":"open","ping_status":"open","sticky":false,"template":"","format":"standard","meta":{"_acf_changed":false,"content-type":"","footnotes":""},"categories":[145,156,120,124,127],"tags":[],"class_list":["post-6416","post","type-post","status-publish","format-standard","has-post-thumbnail","hentry","category-conferences-salons","category-france","category-mondialisation","category-politique-societe","category-rencontresdebats"],"acf":[],"_links":{"self":[{"href":"https:\/\/congolobilelo.com\/IN\/wp-json\/wp\/v2\/posts\/6416","targetHints":{"allow":["GET"]}}],"collection":[{"href":"https:\/\/congolobilelo.com\/IN\/wp-json\/wp\/v2\/posts"}],"about":[{"href":"https:\/\/congolobilelo.com\/IN\/wp-json\/wp\/v2\/types\/post"}],"author":[{"embeddable":true,"href":"https:\/\/congolobilelo.com\/IN\/wp-json\/wp\/v2\/users\/1"}],"replies":[{"embeddable":true,"href":"https:\/\/congolobilelo.com\/IN\/wp-json\/wp\/v2\/comments?post=6416"}],"version-history":[{"count":0,"href":"https:\/\/congolobilelo.com\/IN\/wp-json\/wp\/v2\/posts\/6416\/revisions"}],"wp:featuredmedia":[{"embeddable":true,"href":"https:\/\/congolobilelo.com\/IN\/wp-json\/"}],"wp:attachment":[{"href":"https:\/\/congolobilelo.com\/IN\/wp-json\/wp\/v2\/media?parent=6416"}],"wp:term":[{"taxonomy":"category","embeddable":true,"href":"https:\/\/congolobilelo.com\/IN\/wp-json\/wp\/v2\/categories?post=6416"},{"taxonomy":"post_tag","embeddable":true,"href":"https:\/\/congolobilelo.com\/IN\/wp-json\/wp\/v2\/tags?post=6416"}],"curies":[{"name":"wp","href":"https:\/\/api.w.org\/{rel}","templated":true}]}}