{"id":6410,"date":"2014-03-03T12:20:18","date_gmt":"2014-03-03T12:20:18","guid":{"rendered":"http:\/\/www.ingeta.com\/?p=6410"},"modified":"2014-03-03T12:20:18","modified_gmt":"2014-03-03T12:20:18","slug":"pourquoi-il-ny-aura-pas-delections-en-2016-en-rd-congo","status":"publish","type":"post","link":"https:\/\/congolobilelo.com\/IN\/pourquoi-il-ny-aura-pas-delections-en-2016-en-rd-congo\/","title":{"rendered":"Pourquoi il n\u2019y aura pas d\u2019\u00e9lections en 2016 en RD Congo"},"content":{"rendered":"<p>\t\t\t\tL\u2019analyste politique Jean-Pierre Mbelu rappelle comment le Congo est un Etat manqu\u00e9, sous-occupation et sous tutelle de l\u2019ONU,  expose le r\u00f4le que doit jouer la diaspora dans le travail de l\u2019\u00e9veil des consciences congolaises et l\u2019organisation de la lutte pour un changement en profondeur en RDC et explique pourquoi une partie de l\u2019Afrique est vou\u00e9e \u00e0 \u00eatre transform\u00e9e en un grand march\u00e9 non r\u00e9gul\u00e9, surveill\u00e9 par des milices, au-del\u00e0 de tout contr\u00f4le d\u00e9mocratique. \u00ab Il n\u2019y aura pas d\u2019\u00e9lections en 2016 au Congo\u00bb. <\/p>\n<p><iframe loading=\"lazy\" width=\"560\" height=\"315\" src=\"\/\/www.youtube.com\/embed\/uttcz3nOMWI\" frameborder=\"0\" allowfullscreen><\/iframe><\/p>\n<p><strong>Sur la strat\u00e9gie politique de Kabila<\/strong><\/p>\n<blockquote><p>Kabila assume des r\u00f4les qu\u2019on lui fait jouer. Ce serait lui accorder trop d\u2019importance que de croire qu\u2019il tend des pi\u00e8ges dans lequel lui-m\u00eame est finalement pris. Il joue son r\u00f4le dans le cadre du r\u00e9seau transnational de pr\u00e9dation. Comment un cheval de Troie peut-il \u00eatre pris au s\u00e9rieux comme pr\u00e9sident de la R\u00e9publique ?<br \/>\nDans un Etat manqu\u00e9 o\u00f9 des acteurs mineurs assurent certains r\u00f4les, on ne peut pas parler de constitution. Vous avez aujourd\u2019hui au Congo des structures formelles qui donnent l\u2019impression que ce pays est un Etat normal. Alors que lorsque vous allez aux contenus de ces structures, vous vous rendez compte qu\u2019il n\u2019y a rien. Qu\u2019on tripatouille ou non, la constitution, la question fondamentale est, comment voulez-vous que dans un Etat manqu\u00e9 il y ait une constitution que l\u2019on respecte ? <\/p><\/blockquote>\n<p><strong>Sur le r\u00f4le de la diaspora congolaise<\/strong><\/p>\n<blockquote><p>La diaspora a un r\u00f4le important \u00e0 jouer dans le travail de l\u2019\u00e9veil des consciences congolaises, dans le travail de l\u2019insurrection des consciences congolaises mais aussi dans le travail d\u2019une organisation qui puisse \u0153uvrer en synergie avec les masses congolaises qui sont au pays. Ce qui freine un peu le travail de la diaspora, c\u2019est la communication permanente avec ces masses qui sont au pays. Souvent la communication se limite aux transferts d\u2019argent. Petit \u00e0 petit maintenant, avec les medias alternatifs comme Congo Mikili ou Voice of Congo, on sait de plus en plus aller au fin fond de nos villages pour savoir ce qui se passe. Mais une organisation qui soit s\u00e9rieusement efficace, qui relie la diaspora congolaise \u00e0 sa base au pays tarde \u00e0 \u00e9merger. Il faudrait qu\u2019elle se mette en place pour pouvoir amorcer cette lutte du changement en profondeur au niveau du pays.<br \/>\nLa diaspora congolaise est plurielle et cela devrait \u00eatre per\u00e7u comme une richesse dans la perspective d\u2019une bonne organisation \u00e0 l\u2019ext\u00e9rieur du Congo. Cette pluralit\u00e9 devrait commencer par cr\u00e9er des lieux d\u2019\u00e9change et de d\u00e9bats et permettre \u00e0 la diaspora de s\u2019organiser efficacement. La diaspora pourrait travailler \u00e0 constituer une banque familiale congolaise qui pourrait soutenir les actions qu\u2019elle m\u00e8ne.<br \/>\nSi demain, nous parvenions \u00e0 une bonne coordination de tous les efforts entrepris, mais encore \u00e9pars, la diaspora aura fait un grand bon en avant. Une bonne coordination, mais aussi un bon engagement pour cr\u00e9er les moyens de la politique de la diaspora congolaise. On ne va pas transformer le Congo avec des slogans. S\u2019il n\u2019y a pas de moyens cons\u00e9quents qui sont mobilis\u00e9s, nous risquons de faire du surplace.<\/p><\/blockquote>\n<p><strong>Sur le fonctionnement des groupes arm\u00e9s en RDC et le projet Usalama<\/strong><\/p>\n<blockquote><p>Nous savons que ce sont des groupes qui se reproduisent \u00e0 partir de 3 pays : Le Rwanda, l\u2019Ouganda et la RDC avec le soutien de parrains ext\u00e9rieurs, les britanniques et les am\u00e9ricains, particuli\u00e8rement et leurs alli\u00e9s. Ainsi chaque fois qu\u2019un groupe est dissout, il se reproduit en changeant de d\u00e9nomination.<br \/>\nAu-del\u00e0, de ce rapport sur le fonctionnement des groupes arm\u00e9s en RDC, ce qui attire l\u2019attention, c\u2019est le nom de son directeur.<br \/>\nEn effet, l\u2019analyste Jason Stearn qui dirige cette \u00e9tude et surtout le projet Usalama, qui est suppos\u00e9 travailler \u00e0 l\u2019av\u00e8nement de la paix au Congo et dans la r\u00e9gion des grands Lacs est cit\u00e9 dans le livre de Raf Custers, chasseur de mati\u00e8res premi\u00e8res \u00e0 la page 212. Curieusement, le m\u00eame qui fait des analyses est employ\u00e9 par les am\u00e9ricains qui  travaillent \u00e0 l\u2019initiative Public-Priv\u00e9, financ\u00e9e par l\u2019USAID et port\u00e9e par 21 entreprises priv\u00e9es.<br \/>\nDonc, ils font des analyses \u00e0 l\u2019int\u00e9rieur de notre pays, ils portent un nom qui semble donner l\u2019impression qu\u2019ils contribuent \u00e0 la paix or ils travaillent main dans la main avec ceux qui voudraient passer de la protection des congolais au protectorat congolais pour les entreprises multinationales.<br \/>\nLe projet Usulama, projet pour la paix, se r\u00e9v\u00e8le \u00eatre un projet qui porte en lui les germes de la d\u00e9possession et de la balkanisation \u00e9conomique du pays. Voil\u00e0 encore une manifestation de l\u2019inversion s\u00e9mantique. Si nous ne sommes pas attentifs \u00e0 toutes d\u00e9nominations, \u00e0 toute cette inversion s\u00e9mantique, nous risquons de travailler, comme certains le font d\u00e9j\u00e0, avec les balkanisateurs du pays. <\/p><\/blockquote>\n<p><strong>Sur le bilan de l\u2019accord cadre d\u2019Addis-Abeba, un an apr\u00e8s<\/strong><\/p>\n<blockquote><p>Il n\u2019y a pas eu d\u2019accord. Il y a eu un semblant d\u2019accord. Ces textes sont semblables aux trait\u00e9s qu\u2019on faisait signer \u00e0 nos a\u00efeux quand les esclavagistes et n\u00e9griers prenaient possession de notre pays, sans qu\u2019ils en connaissent ni les tenants, ni les aboutissants. Il n\u2019y a rien eu \u00e0 Addis, juste une agitation autour d\u2019un texte dont les initiateurs connaissent beaucoup plus les tenants et les aboutissants que ceux qui se sont agit\u00e9s au niveau de notre pays.<br \/>\nLes projets qui se concr\u00e9tisent sont par exemple, celui de l\u2019initiative Public-Priv\u00e9 \u00e0 l\u2019Est de notre pays, sign\u00e9 en 2011 et soutenu par 21 multinationales, ou encore celui du march\u00e9 commun de la COMESA dont les assises se sont tenues derni\u00e8rement \u00e0 Kinshasa. Voil\u00e0 l\u00e0, certains objectifs qui sont poursuivis par les balkanisateurs du Congo.<br \/>\nAlors quand on vous parle de l\u2019accord cadre, du trait\u00e9 de ceci et de cela, c\u2019est simplement du bluff. Ce qui est poursuivi au Congo, dans la sous-r\u00e9gion des Grands Lacs et m\u00eame en Afrique de l\u2019Est, est de faire de tout cet espace, un grand march\u00e9 dans lequel les r\u00e8gles pourront \u00eatre la privatisation, la d\u00e9r\u00e9glementation et le libre \u00e9change. On voudrait transformer l\u2019espace africain en un march\u00e9 non r\u00e9gul\u00e9 mais un march\u00e9 surveill\u00e9 par des milices qui sont en train de pulluler et les arm\u00e9es du Rwanda et de l\u2019Ouganda.<br \/>\nAddis-Abeba est une agitation qui participe \u00e0 la pr\u00e9dation du pays. Cette petite bourgeoise compradore s\u2019attribue des postes, se distribue des sous et c\u2019est fini.<br \/>\nCeux qui font partie de la classe politique congolaise qui \u0153uvre \u00e0 partir du pays sont en train de passer ma\u00eetre en d\u00e9sinformation. Ils parlent de d\u00e9mocratie, de souverainet\u00e9, etc., alors qu\u2019il n\u2019en ait rien. Le Congo actuel est un pays sous occupation et sous-tutelle de l\u2019ONU. <\/p><\/blockquote>\n<p><strong>Sur les implications de l\u2019Union europ\u00e9enne et de l\u2019ONU dans les affaires congolaises<\/strong><\/p>\n<blockquote><p>Il ne faut pas oublier le livre de Charles Onana, \u00ab Europe, crimes et censure au Congo : Les documents qui accusent \u00bb. L\u2019Union Europ\u00e9enne est complice de ce qui se passe au Congo aujourd\u2019hui. Pour avoir financ\u00e9 les \u00e9lections de 2006, pour avoir soutenu des imposteurs. Pour \u00eatre intervenu au Congo avec des chars. Les documents produits par M. Onana, jusqu\u2019\u00e0 aujourd\u2019hui, n\u2019ont jamais \u00e9t\u00e9 d\u00e9mentis. L\u2019Union Europ\u00e9enne tol\u00e8re l\u2019ensauvagement de ceux qui pr\u00e9tendent gouverner le Congo aujourd\u2019hui. C\u2019est cette m\u00eame union europ\u00e9enne qui soutient les fascistes en Ukraine aujourd\u2019hui.<br \/>\nEnsuite, l\u2019une des caract\u00e9ristiques des Etats manqu\u00e9s est d\u2019avoir des structures formelles qui peuvent \u00eatre dites d\u00e9mocratiques mais dont le contenu signifie tout simplement le d\u00e9ficit de la d\u00e9mocratie. Si cette constitution, fabriqu\u00e9e hors du Congo, avait \u00e9t\u00e9 suivie, ne fusse que dans ces quelques articles sur le respect de la vie, il n\u2019y aurait pas eu autant de morts depuis 2006 jusqu\u2019\u00e0 ce jour.<br \/>\nL\u2019Union Europ\u00e9enne et l\u2019ONU produisent depuis 20 ans des rapports sur les violations des droits humains au Congo, cens\u00e9s \u00eatre prot\u00e9g\u00e9s par la constitution. Quelles sont les mesures qui ont \u00e9t\u00e9 prises pour que les auteurs de ces violations puissent \u00eatre mis hors d\u2019Etat d\u2019agir ?<br \/>\nL\u2019Union Europ\u00e9enne et l\u2019ONU sont en train de nous pr\u00e9parer au fiasco qui va avoir lieu en 2016<\/p><\/blockquote>\n<p><strong>Sur la pr\u00e9sidentielle de 2016<\/strong><\/p>\n<blockquote><p>Il n\u2019y aura pas d\u2019\u00e9lections en 2016. L\u2019Union Europ\u00e9enne et l\u2019ONU vont nous r\u00e9p\u00e9ter les m\u00eames incantations en nous disant, \u00ab nous aurions voulu qu\u2019il y ait des \u00e9lections libres et transparentes  mais que pouvons-nous faire face \u00e0 des acteurs politiques qui ne suivent pas les conseils qu\u2019on leur donne. Nous n\u2019allons pas interf\u00e9rer dans leurs affaires int\u00e9rieures \u00bb.<br \/>\nCes institutions sont prisonni\u00e8res du n\u00e9olib\u00e9ralisme. Elles n\u2019ont rien \u00e0 voir avec la d\u00e9mocratie. L\u2019Union europ\u00e9enne ne pratique plus la d\u00e9mocratie. Un exemple ? En 2005, on a organis\u00e9 un r\u00e9f\u00e9rendum sur le trait\u00e9 europ\u00e9en et les fran\u00e7ais ont dit non. Ils ont pass\u00e9 outre, ils ont organis\u00e9 autre chose pour que les fran\u00e7ais disent oui.<br \/>\nDans son livre \u00ab 2 heures de lucidit\u00e9 \u00bb, Noam Chomsky montre que depuis les ann\u00e9es 1960, les pays dits de vieille d\u00e9mocratie, combattent la d\u00e9mocratie parce qu\u2019ils sont contre la participation citoyenne.<br \/>\nQuand on oublie cette lutte qui est men\u00e9e contre la d\u00e9mocratie dans les pays occidentaux, on croit que quand les repr\u00e9sentants de ces pays sont en Afrique ou au Congo, ils vont pr\u00f4ner la d\u00e9mocratie. Comment voulez-vous qu\u2019ils aillent pr\u00f4ner la d\u00e9mocratie qu\u2019ils sont en train de combattre chez eux ?<\/p><\/blockquote>\n<p><strong>Sur les douze ans de Radio Okapi<\/strong><\/p>\n<blockquote><p>Radio Okapi est une radio de l\u2019occupant. Les occupants ont des m\u00e9dias dominants. Et Radio Okapi fait partie de ces m\u00e9dias dominants au Congo, diffuse dans tout le pays et ses journalistes sont prot\u00e9g\u00e9s. Or les journalistes des autres radios du Congo ne b\u00e9n\u00e9ficient pas d\u2019autant de protection que ceux de la Radio Okapi, m\u00eame si certains d\u2019entre eux ont \u00e9t\u00e9 tu\u00e9s par le pass\u00e9. Et sans protection cons\u00e9quente dans un Etat manqu\u00e9, les journalistes ne peuvent pas faire du bon travail.<br \/>\nEnsuite, comment voulez-vous qu\u2019on ait des bons journalistes au Congo dans un pays o\u00f9 l\u2019universit\u00e9 ne fonctionne presque plus, o\u00f9 tout s\u2019ach\u00e8te, m\u00eame les dipl\u00f4mes. Dans un pays o\u00f9 les gens ont peur d\u2019\u00eatre tu\u00e9s par le pouvoir fant\u00f4che, tout ce que les journalistes trouvent \u00e0 faire est de devenir les thurif\u00e9raires de ce pouvoir fant\u00f4che, m\u00eame s\u2019il y a quelques exceptions qu\u2019il ne faudrait pas n\u00e9gliger.<br \/>\nCe pouvoir fant\u00f4che ne veut pas entendre un autre son de cloche en dehors de la fabrication du consentement, de la d\u00e9sinformation et de la lobotomisation auxquels il s\u2019adonne.<br \/>\nColoniser mentalement nos populations et les d\u00e9cerveler pour en faire des proies faciles de la mis\u00e8re anthropologique dans laquelle elles sont plong\u00e9es aujourd\u2019hui, voil\u00e0 \u00e0 quoi s\u2019adonne le pouvoir fant\u00f4che \u00e0 Kinshasa.<br \/>\nQui a les m\u00e9dias, a le pouvoir. Il ne faut pas l\u2019oublier.<\/p><\/blockquote>\n","protected":false},"excerpt":{"rendered":"<p>L\u2019analyste politique Jean-Pierre Mbelu rappelle comment le Congo est un Etat manqu\u00e9, sous-occupation et sous tutelle de l\u2019ONU, expose le r\u00f4le que doit jouer la diaspora dans le travail de l\u2019\u00e9veil des consciences congolaises et l\u2019organisation de la lutte pour un changement en profondeur en RDC et explique pourquoi une partie de l\u2019Afrique est vou\u00e9e [&hellip;]<\/p>\n","protected":false},"author":1,"featured_media":6411,"comment_status":"open","ping_status":"open","sticky":false,"template":"","format":"standard","meta":{"_acf_changed":false,"content-type":"","footnotes":""},"categories":[107,124],"tags":[],"class_list":["post-6410","post","type-post","status-publish","format-standard","has-post-thumbnail","hentry","category-analyses-commentaires","category-politique-societe"],"acf":[],"_links":{"self":[{"href":"https:\/\/congolobilelo.com\/IN\/wp-json\/wp\/v2\/posts\/6410","targetHints":{"allow":["GET"]}}],"collection":[{"href":"https:\/\/congolobilelo.com\/IN\/wp-json\/wp\/v2\/posts"}],"about":[{"href":"https:\/\/congolobilelo.com\/IN\/wp-json\/wp\/v2\/types\/post"}],"author":[{"embeddable":true,"href":"https:\/\/congolobilelo.com\/IN\/wp-json\/wp\/v2\/users\/1"}],"replies":[{"embeddable":true,"href":"https:\/\/congolobilelo.com\/IN\/wp-json\/wp\/v2\/comments?post=6410"}],"version-history":[{"count":0,"href":"https:\/\/congolobilelo.com\/IN\/wp-json\/wp\/v2\/posts\/6410\/revisions"}],"wp:featuredmedia":[{"embeddable":true,"href":"https:\/\/congolobilelo.com\/IN\/wp-json\/"}],"wp:attachment":[{"href":"https:\/\/congolobilelo.com\/IN\/wp-json\/wp\/v2\/media?parent=6410"}],"wp:term":[{"taxonomy":"category","embeddable":true,"href":"https:\/\/congolobilelo.com\/IN\/wp-json\/wp\/v2\/categories?post=6410"},{"taxonomy":"post_tag","embeddable":true,"href":"https:\/\/congolobilelo.com\/IN\/wp-json\/wp\/v2\/tags?post=6410"}],"curies":[{"name":"wp","href":"https:\/\/api.w.org\/{rel}","templated":true}]}}