{"id":6391,"date":"2014-02-28T10:37:54","date_gmt":"2014-02-28T10:37:54","guid":{"rendered":"http:\/\/www.ingeta.com\/?p=6391"},"modified":"2014-02-28T10:37:54","modified_gmt":"2014-02-28T10:37:54","slug":"minister-farrakhan-sur-lafrique-centrale-africom-kadhafi-et-la-lachete-des-dirigeants-africains","status":"publish","type":"post","link":"https:\/\/congolobilelo.com\/IN\/minister-farrakhan-sur-lafrique-centrale-africom-kadhafi-et-la-lachete-des-dirigeants-africains\/","title":{"rendered":"Minister Farrakhan sur l\u2019Afrique centrale, Africom, Kadhafi et la l\u00e2chet\u00e9 des dirigeants africains"},"content":{"rendered":"<p>\t\t\t\t(Vid\u00e9o publi\u00e9e initialement, le 28 mars 2012). En r\u00e9ponse \u00e0 une question concernant les \u00e9v\u00e9nements en Afrique en particulier en Libye, son d\u00e9veloppement, ses liens avec la Nation de l&#8217;Islam, l&#8217;Honorable Ministre Farrakhan r\u00e9v\u00e8le les v\u00e9ritables objectifs et les vis\u00e9es de l&#8217;Occident en Afrique et d\u00e9noncent la l\u00e2chet\u00e9 dont font preuve nos leaders. <\/p>\n<p><iframe loading=\"lazy\" width=\"560\" height=\"360\" src=\"\/\/www.youtube.com\/embed\/y9y86HwB6y8\" frameborder=\"0\" allowfullscreen><\/iframe><\/p>\n<p><strong>Sur la convoitise et pr\u00e9dation am\u00e9ricaine  des ressources en Afrique centrale et au Congo<\/strong><\/p>\n<blockquote><p>L\u2019Am\u00e9rique ne pourra jamais \u00eatre une super puissance au 21\u00e8me si\u00e8cle si elle n\u2019a pas acc\u00e8s \u00e0 ces m\u00e9taux et minerais strat\u00e9giques.<\/p><\/blockquote>\n<p><strong>Sur les pays arabes et Kadhafi<\/strong><\/p>\n<blockquote><p>Ils ha\u00efssaient Kadhafi parce que  Kadhafi a d\u00e9pens\u00e9 le tr\u00e9sor libyen du p\u00e9trole pour le d\u00e9veloppement de l\u2019Afrique. Kadhafi militait pour le mariage de l\u2019Afrique noir avec l\u2019Afrique arabe. Et leur haine, pour ce que Kadhafi faisait, les a pouss\u00e9, lorsqu\u2019ils ont renvers\u00e9 Kadhafi, \u00e0 tuer et massacrer des africains en Libye, des libyens noirs et des africains qui vivaient en Libye.<\/p><\/blockquote>\n<p><strong>Sur l\u2019Union africaine et les dirigeants africains<\/strong><\/p>\n<blockquote><p>Des faibles et l\u00e2ches dirigeants qui sont si effray\u00e9s par l\u2019Am\u00e9rique du Nord et l\u2019Europe, qu\u2019ils permettent qu\u2019on leur marche dessus, si bien que la prochaine g\u00e9n\u00e9ration ne recevra rien \u00e0 part l\u2019h\u00e9ritage de la l\u00e2chet\u00e9.  <\/p><\/blockquote>\n","protected":false},"excerpt":{"rendered":"<p>(Vid\u00e9o publi\u00e9e initialement, le 28 mars 2012). En r\u00e9ponse \u00e0 une question concernant les \u00e9v\u00e9nements en Afrique en particulier en Libye, son d\u00e9veloppement, ses liens avec la Nation de l&#8217;Islam, l&#8217;Honorable Ministre Farrakhan r\u00e9v\u00e8le les v\u00e9ritables objectifs et les vis\u00e9es de l&#8217;Occident en Afrique et d\u00e9noncent la l\u00e2chet\u00e9 dont font preuve nos leaders. Sur la [&hellip;]<\/p>\n","protected":false},"author":1,"featured_media":6392,"comment_status":"open","ping_status":"open","sticky":false,"template":"","format":"video","meta":{"_acf_changed":false,"content-type":"","footnotes":""},"categories":[148,120,133],"tags":[],"class_list":["post-6391","post","type-post","status-publish","format-video","has-post-thumbnail","hentry","category-documents-presse","category-mondialisation","category-videos","post_format-post-format-video"],"acf":[],"_links":{"self":[{"href":"https:\/\/congolobilelo.com\/IN\/wp-json\/wp\/v2\/posts\/6391","targetHints":{"allow":["GET"]}}],"collection":[{"href":"https:\/\/congolobilelo.com\/IN\/wp-json\/wp\/v2\/posts"}],"about":[{"href":"https:\/\/congolobilelo.com\/IN\/wp-json\/wp\/v2\/types\/post"}],"author":[{"embeddable":true,"href":"https:\/\/congolobilelo.com\/IN\/wp-json\/wp\/v2\/users\/1"}],"replies":[{"embeddable":true,"href":"https:\/\/congolobilelo.com\/IN\/wp-json\/wp\/v2\/comments?post=6391"}],"version-history":[{"count":0,"href":"https:\/\/congolobilelo.com\/IN\/wp-json\/wp\/v2\/posts\/6391\/revisions"}],"wp:featuredmedia":[{"embeddable":true,"href":"https:\/\/congolobilelo.com\/IN\/wp-json\/"}],"wp:attachment":[{"href":"https:\/\/congolobilelo.com\/IN\/wp-json\/wp\/v2\/media?parent=6391"}],"wp:term":[{"taxonomy":"category","embeddable":true,"href":"https:\/\/congolobilelo.com\/IN\/wp-json\/wp\/v2\/categories?post=6391"},{"taxonomy":"post_tag","embeddable":true,"href":"https:\/\/congolobilelo.com\/IN\/wp-json\/wp\/v2\/tags?post=6391"}],"curies":[{"name":"wp","href":"https:\/\/api.w.org\/{rel}","templated":true}]}}