{"id":6386,"date":"2014-02-25T17:58:43","date_gmt":"2014-02-25T17:58:43","guid":{"rendered":"http:\/\/www.ingeta.com\/?p=6386"},"modified":"2014-02-25T17:58:43","modified_gmt":"2014-02-25T17:58:43","slug":"kabila-tel-est-pris-qui-croyait-prendre","status":"publish","type":"post","link":"https:\/\/congolobilelo.com\/IN\/kabila-tel-est-pris-qui-croyait-prendre\/","title":{"rendered":"Kabila&#8230; tel est pris qui croyait prendre?"},"content":{"rendered":"<p>\t\t\t\tPar <a href=\"http:\/\/www.lexpress.fr\/actualite\/kabila-tel-est-pris-qui-croyait-prendre_1494911.html\">Anicet Mobe<\/a><\/p>\n<p><strong>Kabila craint d&#8217;\u00eatre pris \u00e0 son propre pi\u00e8ge! Ainsi s&#8217;intitulait l&#8217;entretien que j&#8217;avais accord\u00e9 \u00e0 l&#8217;Express (30 nov.2011) lors de l&#8217;\u00e9lection pr\u00e9sidentielle en 2011. Trois ans apr\u00e8s, Joseph Kabila se retrouve dans la nasse: les Congolais ont d\u00e9jou\u00e9 le pi\u00e8ge qu&#8217;il leur a tendu lors des &#8221; concertations nationales&#8221;.<\/strong><\/p>\n<p>D&#8217;embl\u00e9e, les esprits avis\u00e9s ont flair\u00e9 dans ces concertations une sordide manoeuvre pour d\u00e9tourner l&#8217;attention de noirs desseins du Chef de l&#8217;Etat, soucieux de consolider un pouvoir issu d&#8217;\u00e9lections entach\u00e9es de fraudes massives av\u00e9r\u00e9es. Aussi s&#8217;est-il \u00e9vertu\u00e9 \u00e0 app\u00e2ter des politiciens retors avec des promesses de promotion politique pour \u00e9largir le cercle des courtisans qui soutiennent son projet de se cramponner au pouvoir en violation de la constitution.<\/p>\n<p>Lamin\u00e9es par la violence sociale qu&#8217;engendre la brutalit\u00e9 d&#8217;une pr\u00e9dation des ressources \u00e9conomiques dont tire profit la classe dirigeante. Bris\u00e9es par la violence arm\u00e9e des seigneurs de guerre soutenus par le gouvernement rwandais (M23), des milices (Kulunas) agissant en toute impunit\u00e9 et des soldats de l&#8217;arm\u00e9e rwandaise dans laquelle a servi l&#8217;actuel chef de l&#8217;Etat, les masses populaires se trouvent an\u00e9anties. Rappelons qu&#8217;en 2009,il a accept\u00e9 que les soldats ruandais se d\u00e9ploient au Congo. Le pr\u00e9sident de l&#8217;Assembl\u00e9e nationale d\u00e9missionna pour protester. L&#8217;amnistie accord\u00e9e aux auteurs d&#8217;assassinats politiques scandalise le peuple.<\/p>\n<p>Outr\u00e9s par la mollesse de r\u00e9action du chef de l&#8217;Etat face aux d\u00e9n\u00e9gations du pr\u00e9sident Kagame, en d\u00e9pit de multiples rapports de l&#8217;Onu et \u00e0 l&#8217;arrogance du commandant James Kabarere qui fut son chef hi\u00e9rarchique dans l&#8217;arm\u00e9e rwandaise, les partis d&#8217;opposition et de larges secteurs de la soci\u00e9t\u00e9 civile ont finalement accept\u00e9 de participer aux concertations nationales.<br \/>\nQuoique m\u00e9fiants et sceptiques, ils \u00e9taient d\u00e9termin\u00e9s \u00e0 s&#8217;approprier cet \u00e9v\u00e9nement politique pour en faire un espace citoyen o\u00f9 ils peuvent exprimer leurs revendications, un lieu de r\u00e9invention du politique afin de reconstruire l&#8217;\u00e9tat. Rien n&#8217;y fit : les d\u00e9s \u00e9taient d\u00e9j\u00e0 pip\u00e9s. Joseph Kabila est embourb\u00e9 dans les mar\u00e9cages de m\u00e9comptes de l&#8217;AFDL et de ses succ\u00e9dan\u00e9s dont les effets pervers se trouvent aggrav\u00e9s par les encombrants h\u00e9ritages r\u00e9sultant du r\u00e9gime Mobutu et de la double crise de la colonisation et de la d\u00e9colonisation.<\/p>\n<h3>De l&#8217;escroquerie politique de l&#8217;AFDL \u00e0 la forfaiture&#8230;.<\/h3>\n<p>La forfaiture que constituent la r\u00e9vision constitutionnelle de janvier 2011 et celle projet\u00e9e pour contourner le prescrit constitutionnel limitant \u00e0 deux le nombre de mandat pr\u00e9sidentiel, ainsi que le holdup \u00e9lectoral de novembre 2011 n&#8217;est pas un simple incident de parcours. Elle illustre piteusement les multiples contradictions qui ont \u00e9maill\u00e9 l&#8217;intrusion et l&#8217;ascension de Joseph Kabila dans le champ politique &#8211; gr\u00e2ce \u00e0 l&#8217;arm\u00e9e rwandaise &#8211; et le renforcement de sa position dans l&#8217;appareil militaire, ainsi que sur l&#8217;\u00e9chiquier politique.<\/p>\n<p>Il importe de tenir compte \u00e0 la fois du contexte historique et politique dans lequel s&#8217;inscrivent ces contradictions, ainsi que son \u00e9quation personnelle: en 2011, sa d\u00e9signation \u00e0 la t\u00eate de l&#8217;Etat &#8211; dans des conditions opaques &#8211; a ouvert le sinistre bal d&#8217; une lamentable r\u00e9gression intellectuelle et politique qui peu \u00e0 peu transforme certains pays africains en satrapies g\u00e9r\u00e9es comme des fiefs claniques par des &#8220;seigneurs des guerres&#8221;.<\/p>\n<p>En 2006, en insistant sur la nationalit\u00e9, clairement \u00e9tablie, de tout candidat \u00e0 l&#8217;\u00e9lection pr\u00e9sidentielle; les Congolais voulaient briser un engrenage infernal: depuis 1960, les ing\u00e9rences \u00e9trang\u00e8res ont \u00e9rig\u00e9 un dogme selon lequel, nul ne peut acc\u00e9der aux plus hautes fonctions de l&#8217;Etat s&#8217;il n&#8217;est soutenu &#8211; voire &#8220;fabriqu\u00e9&#8221; &#8211; par les gouvernements belge, am\u00e9ricain et fran\u00e7ais depuis 1977-1978. Appr\u00e9ci\u00e9es \u00e0 l&#8217;aune de l&#8217;histoire du Congo, les tutelles diplomatiques, militaires et politiques qu&#8217;exercent le Rwanda et l&#8217;Ouganda, avec l&#8217;aval am\u00e9ricain, sur les &#8220;r\u00e9bellions &#8221; depuis 1996-1998, ainsi que sur les composantes politiques qui en sont issues, s&#8217;analysent comme une double rupture.<\/p>\n<p>Rupture avec la clairvoyance politique des personnalit\u00e9s qui ont pens\u00e9 et dirig\u00e9 le mouvement d&#8217;\u00e9mancipation politique &#8211; intellectuels de Conscience Africaine,de l&#8217;Abako ;leaders politiques du Mnc ,de l&#8217;Abako et du Psa en1956\/1960 &#8211; ayant abouti \u00e0 l&#8217;ind\u00e9pendance. Rupture aussi avec les engagements intellectuels du mouvement \u00e9tudiant- Ugec et l&#8217;Agel- (1961-1991) r\u00e9solument oppos\u00e9 \u00e0 un r\u00e9gime inf\u00e9od\u00e9 aux parrains \u00e9trangers.<\/p>\n<p>Cette r\u00e9gression ne cesse de s&#8217;aggraver et de s&#8217;amplifier comme l&#8217;illustrent d&#8217;une part l&#8217;indignation suscit\u00e9e par la r\u00e9v\u00e9lation en 2012 de la pr\u00e9sence des soldats rwandais sur le territoire national alors qu&#8217;ils \u00e9taient cens\u00e9s \u00eatre rentr\u00e9s chez eux depuis d\u00e9cembre 2009. D&#8217;autre part le curieux itin\u00e9raire \u00e9lectoral qu&#8217;emprunte l&#8217;abb\u00e9 Malu-Malu s&#8217;inscrit dans une vaste escroquerie politique.<\/p>\n<p>Avant de d\u00e9battre du calendrier \u00e9lectoral avec la repr\u00e9sentations nationale, il est venu d&#8217;abord en Belgique s&#8217;assurer du soutien des parrains de Kabila pour les rassurer du sort de leur poulain. Il n&#8217;est donc pas \u00e9tonnant que- fort des assurances des tuteurs &#8211; lors des discussions \u00e0 l&#8217;Assembl\u00e9e nationale chez nous qu&#8217;il ait envisag\u00e9 -en des termes \u00e0 peine voil\u00e9s &#8211; l&#8217;hypoth\u00e8se d&#8217;une r\u00e9vision constitutionnelle.<\/p>\n<p>Par ailleurs, d\u00e8s 2006, les Congolais voulaient \u00e9viter qu&#8217;un drame familial personnel ne se transforme en un facteur structurant de la trag\u00e9die d&#8217;un peuple. Ils n&#8217;ont pas oubli\u00e9 les immenses d\u00e9g\u00e2ts politiques et le gouffre financier occasionn\u00e9s par l&#8217;esprit de lucre d&#8217;innombrables oncles maternels attitr\u00e9s du Pr\u00e9sident Mobutu. Chacun d&#8217;eux g\u00e9rait des multiples coteries regroupant des proches parents du Pr\u00e9sident et leurs alli\u00e9s, ainsi que quelques personnalit\u00e9s originaires d&#8217;autres r\u00e9gions.<br \/>\nCes coteries servaient de lieux de cooptation des individus devant int\u00e9grer la clique pr\u00e9sidentielle et la confr\u00e9rie r\u00e9gnante, repaires de ceux qui b\u00e9n\u00e9ficiaient des dons personnels du Pr\u00e9sident, notamment les nominations \u00e0 de hautes fonctions dans les organes du Parti unique et de l&#8217;appareil d&#8217;Etat. Aussi, il fallait sans cesse augmenter la &#8220;dotation pr\u00e9sidentielle&#8221; pour entretenir ces \u00e9curies en compensation de l&#8217;adoption que le clan Ngbandi accorda \u00e0 l&#8217;ancrage familial du Pr\u00e9sident.<br \/>\nA la fin des ann\u00e9es 1990, sur trente-sept officiers sup\u00e9rieurs de l&#8217;arm\u00e9e, la r\u00e9gion de l&#8217;Equateur en comptait dix-huit, soit 46% ; tous les services de renseignements (civils et militaires) \u00e9taient dirig\u00e9s par les Ngbandis ou, \u00e0 d\u00e9faut par un ressortissant de l&#8217;Equateur. Ces favoritismes ethniques n&#8217;ont gu\u00e8re accru l&#8217;efficacit\u00e9 de nos soldats comme le prouve la d\u00e9route devant l&#8217;arm\u00e9e rwandaise en 1996-1997.<\/p>\n<p>Le clan des Balubakat fait payer aux Congolais le prix le plus fort de la &#8220;reconnaissance parentale&#8221; accord\u00e9e au Chef de l&#8217;Etat. Ils ont exig\u00e9 et obtenu quasiment tous les minist\u00e8res r\u00e9galiens du gouvernement. Craignant d&#8217;\u00eatre \u00e9vinc\u00e9s par le &#8220;clan des Tutsis&#8221; &#8211; puissamment soutenus par le Rwanda &#8211; les Balubakat intensifient les surench\u00e8res, qui parasitent le jeu institutionnel. Le devenir du Congo et le sort des Congolais sont sacrifi\u00e9s sur l&#8217;autel de sinistres desseins de v\u00e9reux personnages.<\/p>\n<p>Ainsi le pi\u00e8ge grossier qu&#8217;il tendait aux Congolais se retourne sur Kabila lui-m\u00eame, soumis \u00e0 la fois aux revendications de &#8220;ses parents&#8221; et aux exigences de ceux dont les soutiens militaires lui ont ouvert les voies du champ politique en 1996-1997; sans oublier les pressions de tuteurs qui l&#8217;ont adoub\u00e9 en 2001, 2006 et 2011 et qui ne cessent de relayer les app\u00e9tits insatiables des int\u00e9r\u00eats \u00e9conomiques qui pillent les ressources du Congo avec la complicit\u00e9 de la nomenklatura regroup\u00e9e au tour de lui.<\/p>\n<p>Qu&#8217;il soit rappel\u00e9 au Chef de l&#8217;Etat que tous ceux qui ont m\u00e9pris\u00e9 le peuple congolais en privatisant la gestion des ressources publiques \u00e0 leur profit, \u00e0 celui de leurs client\u00e8les et de leurs tuteurs \u00e9trangers ont connu une fin lamentable.<br \/>\nEn 1908, le Roi L\u00e9opold II est contraint de &#8220;c\u00e9der&#8221; le Congo \u00e0 la Belgique, en d\u00e9pit de nombreuses obstructions. Le 8 juillet 1960,le g\u00e9n\u00e9ral Janssens, dernier commandant en chef de la Force Publique(&#8221; apr\u00e8s l&#8217;ind\u00e9pendance = avant l&#8217;ind\u00e9pendance &#8220;) et le 16 mai 1997,le Mar\u00e9chal Mobutu(&#8221; je ne dois rien aux Za\u00efrois,ils me doivent tout &#8220;) quittent furtivement Kinshasa, comme de quelconques quidams cherchant \u00e0 \u00e9chapper \u00e0 une interpellation polici\u00e8re pour se soustraire \u00e0 la justice. Ce piteux \u00e9pilogue contraste avec les \u00e9blouissants fastes qu&#8217;ils d\u00e9ployaient du temps de leur splendeur.<\/p>\n<p>De nombreux signes annonciateurs indiquent que le Congo va bient\u00f4t revivre un sc\u00e9nario similaire. Plus t\u00f4t, il se produira, mieux \u00e7a vaudra. Pris dans son propre pi\u00e8ge, paralys\u00e9 par les imp\u00e9rities de son pouvoir et la concussion des pr\u00e9varicateurs de sa cour, Joseph Kabila multiplie les chausse-trappes contre les Congolais comme cet engagement des partis politiques sous la houlette du pr\u00e9sident de la commission \u00e9lectorale. Le Pr\u00e9sident ne s&#8217;est pas publiquement engag\u00e9 \u00e0 respecter le prescrit constitutionnel qui lui interdit de briguer un 3\u00b0 mandat.<\/p>\n<p>Les thurif\u00e9raires du pouvoir annoncent la formation imminente du gouvernement au moment o\u00f9 le paysage politique se recompose sous la f\u00e9rule d&#8217;anciens barons mobutistes. Un &#8221; deal &#8221; semble \u00eatre conclu avec eux pour utiliser leurs r\u00e9seaux nationaux et internationaux afin que le pr\u00e9sident brigue un 3\u00b0 mandat sans l&#8217;emprise du clan &#8221; Lubakat &#8221; en s&#8217;appuyant sur l&#8217;opposition &#8221; r\u00e9publicaine &#8221; qui a parasit\u00e9 l&#8217;opposition radicale.<\/p>\n<h3>Peuple congolais&#8230;d\u00e9bout !<\/h3>\n<p>Le tableau d\u00e9peint ci -haut para\u00eet si sombre qu&#8217;on serait tent\u00e9 de croire que tout serait irr\u00e9m\u00e9diablement perdu. Les apparences sont si trompeuses qu&#8217;elles n&#8217;offrent qu&#8217;une vision tronqu\u00e9e d&#8217;atouts dont peuvent disposer les Congolais.<br \/>\nCe pays reste un gisement in\u00e9puisable de richesses humaines; des ressources culturelles et \u00e9conomiques, des comp\u00e9tences scientifiques et d&#8217;excellences intellectuelles. L&#8217;intense mobilisation politique des diasporas congolaises, la cr\u00e9ativit\u00e9 sociale des masses congolaises et la probit\u00e9 intellectuelle de nombreux universitaires sourds aux sir\u00e8nes du pouvoir sugg\u00e8rent que l&#8217;immense majorit\u00e9 des Congolais refusent que leur pays soit pris en otage par des analphab\u00e8tes politiques tirant leur l\u00e9gitimit\u00e9 des appuis ext\u00e9rieurs. Expression d&#8217;un patriotisme \u00e9prouv\u00e9, ce refus ouvre des perspectives d&#8217;espoir qu&#8217;il appartient aux diasporas de concr\u00e9tiser.<\/p>\n<p>Il faut se f\u00e9liciter que les diasporas congolaises aient pris conscience des enjeux ;de l&#8217;ampleur, du caract\u00e8re r\u00e9current et multiforme des interventions politiques, militaires \u00e9trang\u00e8res &#8211; qu&#8217;elles soient publiques ou secr\u00e8tes &#8211; et leur impact sur le sort du pays. Il faut aussi se r\u00e9jouir que les Congolais &#8211; surtout les jeunes &#8211; aient compris et l&#8217;expriment parfois avec v\u00e9h\u00e9mence que la confiscation de l&#8217;expression \u00e9lectorale participe d&#8217;une strat\u00e9gie bien rod\u00e9e pour sans cesse recycler l&#8217;odieux Pacte n\u00e9ocolonial nou\u00e9 en 1960-1961 reposant sur l&#8217;assassinat du Premier Ministre Lumumba. Cette lucidit\u00e9 politique met en \u00e9vidence l&#8217;\u00e9chec des strat\u00e9gies occidentales et elle commence \u00e0 inqui\u00e9ter leurs chancelleries et les &#8220;faiseurs de rois&#8221; ainsi que leurs s\u00e9ides au Congo.<\/p>\n<p>Coup sur coup, les diasporas congolaises ont r\u00e9ussi \u00e0 obtenir une audience avec le Pr\u00e9sident de la R\u00e9publique fran\u00e7aise pour lui demander que la France use de son influence diplomatique afin que l&#8217;ONU cr\u00e9e un tribunal international pour juger les auteurs de crimes contre l&#8217;humanit\u00e9 commis au Congo; \u00e0 rencontrer l&#8217;envoy\u00e9 sp\u00e9cial de l&#8217;UE dans la r\u00e9gion des Grands Lacs et \u00e0 faire annuler le concert d&#8217;un artiste transform\u00e9 en griot du pouvoir. Il importe d&#8217;amplifier et de rationaliser cette mobilisation politique pour mieux orienter l&#8217;indispensable travail de &#8220;lobbying&#8221; afin que les Congolais soient partie- prenante du ballet diplomatique d\u00e9ploy\u00e9 autour de la trag\u00e9die qui d\u00e9cime leur pays.<\/p>\n<p>Il faut se donner les moyens de se m\u00e9nager un espace d&#8217;action dans les r\u00e9seaux d&#8217;influence qui p\u00e8sent sur les d\u00e9cisions prises de l&#8217;\u00e9tranger concernant notre pays. C&#8217;est aussi le moment de lancer une vaste op\u00e9ration &#8220;100 dollars pour le Congo&#8221; afin qu&#8217;\u00e0 court terme, les citoyens congolais s&#8217;approprient le processus \u00e9lectoral en finan\u00e7ant les op\u00e9rations de recensement obligatoire; l&#8217;achat du mat\u00e9riel ; les campagnes d&#8217;information et d&#8217;\u00e9ducation civique pour faire respecter la constitution afin que le choix \u00e9lectoral s&#8217;accomplisse avec discernement.<\/p>\n<p>A moyen terme, il faut songer \u00e0 constituer des fonds d&#8217;investissement pour que les Congolais soustraient les importants secteurs de l&#8217;\u00e9conomie de la pr\u00e9dation et des convoitises \u00e9trang\u00e8res. Les flux financiers entre les diasporas et le pays se d\u00e9clinent sur le mode micro-\u00e9conomique des solidarit\u00e9s familiales. Ils peuvent se d\u00e9cliner aussi sur un mode macro-\u00e9conomique.<br \/>\nPeuple congolais, Debout! Tel est l&#8217;intitul\u00e9 de l&#8217;\u00e9ditorial de Conscience Africaine (n\u00b0 nov-d\u00e9c. 1956) revue \u00e9dit\u00e9e par un collectif des intellectuels du groupe \u00e9ponyme que fonda en 1951, l&#8217;abb\u00e9 Joseph Malula. L&#8217;\u00e9ditorial faisait le point sur les r\u00e9actions qu&#8217;avait suscit\u00e9es la publication de leur Manifeste le 30 juin 1956.<\/p>\n<p>58 ans apr\u00e8s, l&#8217;\u00e9ditorial reste de br\u00fblante actualit\u00e9: dans un autre contexte historique, il reste \u00e0 d\u00e9terminer les fondements d&#8217;une nouvelle alliance de classe entre le peuple congolais et une fraction de son intelligentsia qui se d\u00e9fait d&#8217;une conception cl\u00e9ricale de l&#8217;universit\u00e9 et mandarinale du r\u00f4le des intellectuels pour r\u00e9inventer le politique afin qu&#8217;il prenne en charge les revendications des milieux populaires.<\/p>\n<p>&nbsp;<br \/>\n<em>Anicet MOBE<br \/>\nChercheur en Sciences Sociales<br \/>\nMembre du Collectif des intellectuels congolais &#8220;DEFIS&#8221; &#8211; Paris<\/em><br \/>\n&nbsp;<\/p>\n","protected":false},"excerpt":{"rendered":"<p>Par Anicet Mobe Kabila craint d&#8217;\u00eatre pris \u00e0 son propre pi\u00e8ge! Ainsi s&#8217;intitulait l&#8217;entretien que j&#8217;avais accord\u00e9 \u00e0 l&#8217;Express (30 nov.2011) lors de l&#8217;\u00e9lection pr\u00e9sidentielle en 2011. Trois ans apr\u00e8s, Joseph Kabila se retrouve dans la nasse: les Congolais ont d\u00e9jou\u00e9 le pi\u00e8ge qu&#8217;il leur a tendu lors des &#8221; concertations nationales&#8221;. D&#8217;embl\u00e9e, les esprits [&hellip;]<\/p>\n","protected":false},"author":1,"featured_media":6388,"comment_status":"open","ping_status":"open","sticky":false,"template":"","format":"standard","meta":{"_acf_changed":false,"content-type":"","footnotes":""},"categories":[107,124],"tags":[],"class_list":["post-6386","post","type-post","status-publish","format-standard","has-post-thumbnail","hentry","category-analyses-commentaires","category-politique-societe"],"acf":[],"_links":{"self":[{"href":"https:\/\/congolobilelo.com\/IN\/wp-json\/wp\/v2\/posts\/6386","targetHints":{"allow":["GET"]}}],"collection":[{"href":"https:\/\/congolobilelo.com\/IN\/wp-json\/wp\/v2\/posts"}],"about":[{"href":"https:\/\/congolobilelo.com\/IN\/wp-json\/wp\/v2\/types\/post"}],"author":[{"embeddable":true,"href":"https:\/\/congolobilelo.com\/IN\/wp-json\/wp\/v2\/users\/1"}],"replies":[{"embeddable":true,"href":"https:\/\/congolobilelo.com\/IN\/wp-json\/wp\/v2\/comments?post=6386"}],"version-history":[{"count":0,"href":"https:\/\/congolobilelo.com\/IN\/wp-json\/wp\/v2\/posts\/6386\/revisions"}],"wp:featuredmedia":[{"embeddable":true,"href":"https:\/\/congolobilelo.com\/IN\/wp-json\/"}],"wp:attachment":[{"href":"https:\/\/congolobilelo.com\/IN\/wp-json\/wp\/v2\/media?parent=6386"}],"wp:term":[{"taxonomy":"category","embeddable":true,"href":"https:\/\/congolobilelo.com\/IN\/wp-json\/wp\/v2\/categories?post=6386"},{"taxonomy":"post_tag","embeddable":true,"href":"https:\/\/congolobilelo.com\/IN\/wp-json\/wp\/v2\/tags?post=6386"}],"curies":[{"name":"wp","href":"https:\/\/api.w.org\/{rel}","templated":true}]}}