{"id":6383,"date":"2014-02-24T20:28:15","date_gmt":"2014-02-24T20:28:15","guid":{"rendered":"http:\/\/www.ingeta.com\/?p=6383"},"modified":"2014-02-24T20:28:15","modified_gmt":"2014-02-24T20:28:15","slug":"argent-violence-peur-le-triptyque-qui-fonctionne-a-merveille-en-rd-congo","status":"publish","type":"post","link":"https:\/\/congolobilelo.com\/IN\/argent-violence-peur-le-triptyque-qui-fonctionne-a-merveille-en-rd-congo\/","title":{"rendered":"Argent, violence, peur : Le triptyque qui fonctionne \u00e0 merveille en RD Congo"},"content":{"rendered":"<p>\t\t\t\tL\u2019analyste politique Jean-Pierre Mbelu replace les incidents de Bukavu autour de Kamerhe dans le processus de balkanisation et d\u2019implosion du Congo, d\u00e9crypte le plan de transformation de l\u2019Afrique en un vaste march\u00e9 de libre-\u00e9change non r\u00e9gul\u00e9, \u00e0 travers l\u2019opportunit\u00e9 pour le Congo de rejoindre le march\u00e9 commun de l\u2019Afrique orientale et de l\u2019Afrique australe. Et explique pourquoi il est important de s\u2019organiser pour former et d\u00e9battre avec nos populations \u00e0 la base sur les questions qui engagent notre devenir commun.<\/p>\n<p><iframe loading=\"lazy\" src=\"\/\/www.youtube.com\/embed\/vOPcniO_QXc\" height=\"315\" width=\"560\" allowfullscreen=\"\" frameborder=\"0\"><\/iframe><\/p>\n<p><strong>Sur les incidents autour du rassemblement de l\u2019UNC Bukavu le 20 f\u00e9vrier 2014<\/strong><\/p>\n<blockquote><p>La question essentielle est la suivante : Que se passe-t-il r\u00e9ellement \u00e0 l\u2019Est de la RDC ? La dispersion des manifestants qui se rendaient au rassemblement autour de Vital Kamerhe ou \u00e0 la place de l\u2019ind\u00e9pendance de Bukavu, est \u00e0 inscrire dans tout un processus qui se d\u00e9roule chez nous, depuis les ann\u00e9es 1990. N\u2019oubliez qu\u2019au moment o\u00f9 cette manifestation est dispers\u00e9e, il y a des informations, qu\u2019on a re\u00e7ues sur le massacre de 70 congolais dans le Masisi.<br \/>\nCes milices rwando-ougandaises, qui ont infiltr\u00e9 les FARDC, ont un objectif bien pr\u00e9cis : Tuer les congolais, cr\u00e9er la violence, cr\u00e9er la peur. Cet objectif ne concerne pas que l\u2019Est du pays. Le 26 novembre 2011, plusieurs jeunes partis accueillir Etienne Tshisekedi \u00e0 l\u2019a\u00e9roport de N\u2019djili \u00e0 Kinshasa, avaient \u00e9t\u00e9 tu\u00e9, cibl\u00e9s \u00e0 balles r\u00e9elles par la police et les militaires. N\u2019oubliez pas ce qui s\u2019est pass\u00e9 le 30 d\u00e9cembre dernier \u00e0 l\u2019a\u00e9roport de N\u2019djili encore et au Katanga : il y a eu des massacres. N\u2019oubliez pas non plus ce qu\u2019il y a eu en 2006 apr\u00e8s la premi\u00e8re mascarade \u00e9lectorale, il y a des massacres \u00e0 Kinshasa.<br \/>\nSinon, nous isolons ce qui s\u2019est pass\u00e9 au Sud-Kivu (avec Kamerhe) de tout ce processus de violences, assassinats et massacres de congolais, nous sommes \u00e0 c\u00f4t\u00e9 de la plaque. Ce processus de terreur et d\u2019extermination des congolais participe du grand projet de la balkanisation et de l\u2019implosion de la RDC.<\/p><\/blockquote>\n<p><strong>Sur la dynamique politique de Kamerhe<\/strong><\/p>\n<blockquote><p>Avant de se rendre dans le Sud-Kivu, Kamerhe avait lanc\u00e9 un appel en direction des Ma\u00ef-Ma\u00ef pour qu\u2019ils d\u00e9posent leurs armes et rejoignent les FARDC. Lorsque les troubles sont intervenus \u00e0 Bukavu, Kamerhe a d\u00e9clar\u00e9 que ce sont les troupes de la garde pr\u00e9sidentielle qui ont rev\u00eatu l\u2019uniforme de la police et ont tir\u00e9 \u00e0 balles r\u00e9elles sur la population. Quelle ironie, le m\u00eame qui demandait aux Ma\u00ef-Ma\u00ef de se rendre aux FARDC et laisser ces derniers assurer la s\u00e9curit\u00e9 de nos populations, s\u2019est rendu que ces FARDC pouvaient se d\u00e9guiser en policiers et tirer sur les congolais. Kamerhe peut-il encore demander \u00e0 nos fils Ma\u00ef-Ma\u00ef de pouvoir confier leur s\u00e9curit\u00e9 \u00e0 une arm\u00e9e d\u2019infiltr\u00e9s qui cherche par tous les moyens \u00e0 exterminer la population congolaise ? Comment peut-on demander aux r\u00e9sistants congolais, que sont les vrais Ma\u00ef-Ma\u00ef, de pouvoir se rendre aux infiltr\u00e9s rwando-ougandais (dans les FARDC) qui n\u2019ont que pour objectif de vouloir les exterminer ?<br \/>\nQui organise ce qui est entrain de se passer au Congo aujourd\u2019hui ? Pourquoi il n\u2019y a-t-il que Kamerhe et quelques rares autres compatriotes, dits de l\u2019opposition, qui peuvent s\u2019exprimer ?<br \/>\nCe qui se passe chez nous, que ce soit avec Kamerhe, que ce soit avec Ndongala, que ce soit avec les militaires comme Mamadou Ndala, est un processus orchestr\u00e9 par l\u2019\u00e9lite anglo-saxonne dominante qui s\u2019efforce \u00e0 faire du Congo le 51\u00e8me Etat am\u00e9ricain et qui vient de cr\u00e9er avec la complicit\u00e9 de nouveaux leaders de la renaissance africaine que sont Kagame et Museveni, le march\u00e9 de l\u2019Afrique de l\u2019Est et de l\u2019Afrique australe.<br \/>\nLa question n\u2019est pas Kamerhe, mais celle de la manipulation de ce que nous appelons \u00e9lite politique pour que le coup de l\u2019\u00e9lite anglo-saxonne dominante r\u00e9ussisse. Il y a tout un th\u00e9\u00e2tre cynique qui est mont\u00e9 au cours duquel certains \u00e9v\u00e9nements profonds surviennent, comme le g\u00e9nocide rwandais, mais aussi tous ces massacres de congolais. Ne nous limitons aux individus, essayons d\u2019\u00e9tudier le processus dans son ensemble pour pouvoir en tirer les cons\u00e9quences qui pourraient aider les pays africains en g\u00e9n\u00e9ral, et l\u2019Afrique des Grands Lacs en particulier \u00e0 tirer son \u00e9pingle du jeu.<\/p><\/blockquote>\n<p><strong>Sur la p\u00e9tition pour la d\u00e9mission du pr\u00e9sident de la CENI, Malu Malu<\/strong><\/p>\n<blockquote><p>Malu-Malu est un pion du r\u00e9seau transnational de pr\u00e9dation qui s\u00e9vit au Congo. On peut enlever Malu-Malu demain et mettre Ngoy Mulunda, comme cela a \u00e9t\u00e9 fait par le pass\u00e9. Si nous nous limitons \u00e0 des pions ou \u00e9l\u00e9ments de ce r\u00e9seau, nous ne comprenons pas son fonctionnement qui a pour finalit\u00e9 la balkanisation du pays et la transformation de l\u2019Afrique en une vaste zone non r\u00e9gul\u00e9e.<br \/>\nPourquoi les populations congolaises et la classe politique congolaise tiennent-elles \u00e0 int\u00e9grer un processus \u00e9lectoral qu\u2019ils ne ma\u00eetrisent pas. Le processus d\u2019extermination des congolais fonctionne aussi avec l\u2019argent que ces politiciens re\u00e7oivent, surtout, du parlement. Argent, violence, peur : c\u2019est le triptyque qui fonctionne \u00e0 merveille en RDC.<br \/>\nOn donne de l\u2019argent aux \u00e9lites politiques pour qu\u2019ils continuent de croire qu\u2019un v\u00e9ritable processus \u00e9lectoral pourrait avoir lieu dans un pays sous la tutelle de l\u2019ONU et sous occupation des milices ougando-rwandaises. Mais tout en leur donnant cet argent l\u00e0, ceux qui organisent le processus de balkanisation et d\u2019implosion du Congo, soutiennent les milices qui font la guerre \u00e0 nos populations, qui tuent et massacrent nos populations, pou cr\u00e9er la peur.<br \/>\nSi les congolaises et congolais dans leur majorit\u00e9 acceptent de coaliser et de constituer un contre-pouvoir et de faire un travail en synergie, ils peuvent se redistribuer les t\u00e2ches. Il y a ainsi moyen de travailler sur plusieurs fronts \u00e0 la fois, mais en ayant une vision claire des commanditaires de ce processus et de son orientation.<\/p><\/blockquote>\n<p><strong>Sur l\u2019adh\u00e9sion de la RDC \u00e0 la COMESA (March\u00e9 commun de l\u2019Afrique orientale et australe)<\/strong><\/p>\n<blockquote><p>Sur quoi la COMESA va \u00eatre fond\u00e9e ? Sur le principe du libre-\u00e9change. C&#8217;est-\u00e0-dire, \u00e0 partir de la Libye, jusqu\u2019au Malawi, l\u2019Afrique de l\u2019Est et l\u2019Afrique australe, vont participer \u00e0 un march\u00e9 non r\u00e9gul\u00e9, un march\u00e9 dans lequel les Etats africains n\u2019imposent pas de r\u00e8gles idoines pouvant permettre aux populations africaines de tirer avantage de ce march\u00e9. Il y a l\u00e0 l\u2019un des objectifs de ceux qui nous font la guerre de basse intensit\u00e9, \u00e0 savoir transformer l\u2019Afrique en un march\u00e9 sans Etats, sans pays. Regardez la liste de pays qui y sont inclus : La Libye qui a \u00e9t\u00e9 d\u00e9truite, le Soudan coup\u00e9 en deux, le Rwanda sous la coupe d\u2019un g\u00e9nocidaire, l\u2019Ouganda occup\u00e9 par un dictateur, et plusieurs pays qui aideront les pays qui ont initi\u00e9 les guerres contre l\u2019Afrique \u00e0 pouvoir \u00e9vacuer les ressources et produits qu\u2019ils vont r\u00e9cup\u00e9rer vers le port de Mombasa.<br \/>\nLe g\u00e9nocide en tant qu\u2019entreprise 100% am\u00e9ricaine avait ceci comme objectif de transformer l\u2019Afrique en un march\u00e9 non r\u00e9gul\u00e9.<\/p><\/blockquote>\n<p><strong>Sur la d\u00e9claration des \u00e9v\u00eaques du Katanga<\/strong><\/p>\n<blockquote><p>Les congolais connaissent trois types d\u2019ins\u00e9curit\u00e9 : l\u2019ins\u00e9curit\u00e9 socio-politique, l\u2019ins\u00e9curit\u00e9 sociale, la justice redistributive qui n\u2019est pas assur\u00e9e. Mais comme toutes les autres d\u00e9nonciations, cette d\u00e9claration se r\u00e9f\u00e8re au gouvernement fant\u00f4che de Kinshasa comme lieu o\u00f9 un d\u00e9but de solution pourrait \u00eatre amorc\u00e9. Or, vous ne pouvez pas demander \u00e0 des pyromanes d\u2019\u00eatre des pompiers. Il faut plut\u00f4t faire un travail de formation et d\u2019\u00e9ducation de nos populations \u00e0 partir de la base, des communaut\u00e9s eccl\u00e9siastiques de base.<\/p><\/blockquote>\n<p><strong>Sur la date du 16 f\u00e9vrier pour le Congo<\/strong><\/p>\n<blockquote><p>Pourquoi il y a-t-il eu des massacres le 16 f\u00e9vrier 1992 au Congo ? Entre autres, parce qu\u2019il y avait un peuple qui s\u2019\u00e9tait mis debout et qui avait r\u00e9ussi \u00e0 lutter sans armes pour que la conf\u00e9rence nationale souveraine puisse \u00eatre ouverte. Pourquoi ? Parce que le peuple croyait que cette conf\u00e9rence pouvait \u00eatre le d\u00e9but, si elle aboutissait convenablement, d\u2019une autre organisation politique au Congo.<br \/>\nTout en organisant des manifestations \u00e0 travers le monde, pour c\u00e9l\u00e9brer cette date, il serait bon de revenir sur les r\u00e9solutions prises lors de cette conf\u00e9rence nationale souveraine pour les \u00e9tudier et voir pourquoi ces r\u00e9solutions n\u2019ont jamais \u00e9t\u00e9 appliqu\u00e9es au Congo jusqu\u2019aujourd\u2019hui. Mais il y a aussi le processus qui a conduit \u00e0 cette conf\u00e9rence qui m\u00e9rite que nous puissions de temps en temps nous y arr\u00eater. Le fait que Mobutu ait compris qu\u2019il \u00e9tait temps de pouvoir organiser des consultations populaires, peut \u00eatre retenu \u00e0 son actif.<br \/>\nLa d\u00e9mocratie participative commence \u00e0 partir du moment o\u00f9 les gouvernants comprennent qu\u2019ils ne peuvent pas diriger sans aller r\u00e9guli\u00e8rement vers ce peuple pour \u00e9changer sur des questions qui engagent sur le devenir commun.<\/p><\/blockquote>\n","protected":false},"excerpt":{"rendered":"<p>L\u2019analyste politique Jean-Pierre Mbelu replace les incidents de Bukavu autour de Kamerhe dans le processus de balkanisation et d\u2019implosion du Congo, d\u00e9crypte le plan de transformation de l\u2019Afrique en un vaste march\u00e9 de libre-\u00e9change non r\u00e9gul\u00e9, \u00e0 travers l\u2019opportunit\u00e9 pour le Congo de rejoindre le march\u00e9 commun de l\u2019Afrique orientale et de l\u2019Afrique australe. Et [&hellip;]<\/p>\n","protected":false},"author":1,"featured_media":6384,"comment_status":"open","ping_status":"open","sticky":false,"template":"","format":"standard","meta":{"_acf_changed":false,"content-type":"","footnotes":""},"categories":[107,124],"tags":[],"class_list":["post-6383","post","type-post","status-publish","format-standard","has-post-thumbnail","hentry","category-analyses-commentaires","category-politique-societe"],"acf":[],"_links":{"self":[{"href":"https:\/\/congolobilelo.com\/IN\/wp-json\/wp\/v2\/posts\/6383","targetHints":{"allow":["GET"]}}],"collection":[{"href":"https:\/\/congolobilelo.com\/IN\/wp-json\/wp\/v2\/posts"}],"about":[{"href":"https:\/\/congolobilelo.com\/IN\/wp-json\/wp\/v2\/types\/post"}],"author":[{"embeddable":true,"href":"https:\/\/congolobilelo.com\/IN\/wp-json\/wp\/v2\/users\/1"}],"replies":[{"embeddable":true,"href":"https:\/\/congolobilelo.com\/IN\/wp-json\/wp\/v2\/comments?post=6383"}],"version-history":[{"count":0,"href":"https:\/\/congolobilelo.com\/IN\/wp-json\/wp\/v2\/posts\/6383\/revisions"}],"wp:featuredmedia":[{"embeddable":true,"href":"https:\/\/congolobilelo.com\/IN\/wp-json\/"}],"wp:attachment":[{"href":"https:\/\/congolobilelo.com\/IN\/wp-json\/wp\/v2\/media?parent=6383"}],"wp:term":[{"taxonomy":"category","embeddable":true,"href":"https:\/\/congolobilelo.com\/IN\/wp-json\/wp\/v2\/categories?post=6383"},{"taxonomy":"post_tag","embeddable":true,"href":"https:\/\/congolobilelo.com\/IN\/wp-json\/wp\/v2\/tags?post=6383"}],"curies":[{"name":"wp","href":"https:\/\/api.w.org\/{rel}","templated":true}]}}