{"id":6373,"date":"2014-02-16T10:02:10","date_gmt":"2014-02-16T10:02:10","guid":{"rendered":"http:\/\/www.ingeta.com\/?p=6373"},"modified":"2014-02-16T10:02:10","modified_gmt":"2014-02-16T10:02:10","slug":"rd-congo-tribunal-penal-les-americains-sont-ils-credibles","status":"publish","type":"post","link":"https:\/\/congolobilelo.com\/IN\/rd-congo-tribunal-penal-les-americains-sont-ils-credibles\/","title":{"rendered":"RD Congo &#8211; Tribunal P\u00e9nal : Les Am\u00e9ricains sont-ils cr\u00e9dibles ?"},"content":{"rendered":"<p>\t\t\t\tPar <a href=\"http:\/\/www.agoravox.fr\/actualites\/international\/article\/rd-congo-tribunal-penal-les-148059\">Boniface Musavuli<\/a><\/p>\n<p><strong>L\u2019ambassadeur am\u00e9ricain Stephen Rapp a plaid\u00e9 vendredi 07 f\u00e9vrier \u00e0 Goma pour la\u00a0<a href=\"http:\/\/radiookapi.net\/actualite\/2014\/02\/10\/les-etats-unis-souhaitent-la-creation-dun-tribunal-specialise-pour-la-rdc\/\">cr\u00e9ation d\u2019un tribunal p\u00e9nal international pour le Congo<\/a>\u00a0afin de juger les auteurs des crimes graves. Ce tribunal fonctionnerait en chambres mixtes\u00a0<em>(magistrats \u00e9trangers et magistrats congolais)<\/em>. En charge de la politique des Etats-Unis contre les crimes de guerre et crimes contre l\u2019humanit\u00e9, le diplomate am\u00e9ricain a rappel\u00e9 son pass\u00e9 de Procureur du tribunal sp\u00e9cial pour la Sierra Leone et ajout\u00e9 qu\u2019il avait obtenu un acte d\u2019accusation contre le pr\u00e9sident lib\u00e9rien\u00a0<a href=\"http:\/\/www.bbc.co.uk\/news\/world-africa-18259596\">Charles Taylor<\/a>. Depuis, ce dernier a \u00e9t\u00e9 condamn\u00e9 pour crimes contre l\u2019humanit\u00e9 et purge une peine de 50 ans dans une prison britannique. La r\u00e9f\u00e9rence \u00e0 Charles Taylor a suscit\u00e9 un vent d\u2019espoir dans les rangs des populations congolaises meurtries par deux d\u00e9cennies de guerres orchestr\u00e9es par le Rwanda et l\u2019Ouganda, et d\u00e9pit\u00e9es par l\u2019absence de perspective de justice pour les victimes.\u00a0<\/strong><\/p>\n<p>&nbsp;<\/p>\n<p>Il faut rappeler que Stephen Rapp a ceci de particulier qu\u2019il est le premier haut responsable international \u00e0 avoir pr\u00e9venu que\u00a0<strong><em>\u00ab\u00a0le Pr\u00e9sident rwandais, Paul Kagam\u00e9, pourrait \u00eatre poursuivi en justice pour son soutien au M23 au m\u00eame titre que le Lib\u00e9rien Charles Taylor<\/em><\/strong><a title=\"\" href=\"http:\/\/www.agoravox.fr\/actualites\/international\/article\/rd-congo-tribunal-penal-les-148059#_ftn1\" rel=\"nofollow\"><em>[1]<\/em><\/a><em>\u00a0\u00bb.\u00a0<\/em>Ce dernier avait soutenu la sanglante r\u00e9bellion du\u00a0<a href=\"http:\/\/fr.wikipedia.org\/wiki\/Revolutionary_United_Front\" rel=\"nofollow\">RUUF<\/a>, en Sierra L\u00e9one, en \u00e9change de\u00a0<strong>diamants de sang,<\/strong>\u00a0au m\u00eame titre que les dirigeants rwandais sont impliqu\u00e9s dans le\u00a0<strong>trafic du\u00a0<\/strong><a href=\"http:\/\/www.youtube.com\/watch?v=luqCulqKHXA\" rel=\"nofollow\">coltan de sang<\/a><strong>\u00a0derri\u00e8re le M23<\/strong>. Stephen Rapp ne pouvait pas \u00eatre plus clair.<\/p>\n<p>Pour autant, les Congolais ont-ils vraiment de quoi esp\u00e9rer\u00a0? Il semble que, venant d\u2019un dirigeant am\u00e9ricain, un tel engagement m\u00e9rite quelques r\u00e9serves.<\/p>\n<h3><strong>La parole des dirigeants am\u00e9ricains<\/strong><\/h3>\n<p>On peut d\u00e9j\u00e0 relever que la mise en garde de l\u2019ambassadeur Stephen Rapp au Pr\u00e9sident rwandais n\u2019avait produit aucun effet. C\u2019\u00e9tait en juillet 2012. Quatre mois plus tard,\u00a0<strong>en novembre 2012, l\u2019arm\u00e9e rwandaise, sous couvert du M23, s\u2019emparait de la ville de Goma<\/strong><a title=\"\" href=\"http:\/\/www.agoravox.fr\/actualites\/international\/article\/rd-congo-tribunal-penal-les-148059#_ftn2\" rel=\"nofollow\">[2]<\/a>\u00a0sous la barbe des casques bleus et dans l\u2019impuissance de la communaut\u00e9 internationale, Etats-Unis inclus. Le mois suivant, le\u00a0<strong>Pr\u00e9sident Obama faisait savoir qu\u2019il avait t\u00e9l\u00e9phon\u00e9 au Pr\u00e9sident rwandais<\/strong><a title=\"\" href=\"http:\/\/www.agoravox.fr\/actualites\/international\/article\/rd-congo-tribunal-penal-les-148059#_ftn3\" rel=\"nofollow\">[3]<\/a>\u00a0pour lui demander de cesser son soutien au M23. Mais Kigali poursuivit son d\u00e9ploiement dans l\u2019Est du Congo,\u00a0<strong>selon les experts de l\u2019ONU<\/strong><a title=\"\" href=\"http:\/\/www.agoravox.fr\/actualites\/international\/article\/rd-congo-tribunal-penal-les-148059#_ftn4\" rel=\"nofollow\">[4]<\/a>\u00a0qui, dans leur rapport, avaient d\u00e9crit le M23 comme une organisation militaire ayant\u00a0<strong>au sommet de sa hi\u00e9rarchie le Ministre rwandais de la d\u00e9fense, le g\u00e9n\u00e9ral James Kabarebe<\/strong><a title=\"\" href=\"http:\/\/www.agoravox.fr\/actualites\/international\/article\/rd-congo-tribunal-penal-les-148059#_ftn5\" rel=\"nofollow\">[5]<\/a>.<\/p>\n<p>En juillet 2013, la Maison Blanche annon\u00e7a que les Etats-Unis demandaient au Rwanda\u00a0<em>(\u00e0 nouveau)<\/em>\u00a0de \u00ab\u00a0<strong><em>cesser imm\u00e9diatement tout soutien au M23\u00a0\u00bb\u00a0<\/em><\/strong>et de<strong>\u00a0<em>\u00ab\u00a0retirer son personnel militaire de l\u2019Est du Congo<a title=\"\" href=\"http:\/\/www.agoravox.fr\/actualites\/international\/article\/rd-congo-tribunal-penal-les-148059#_ftn6\" rel=\"nofollow\"><strong>[6]<\/strong><\/a>\u00a0\u00bb<\/em><\/strong>. Un mois plus tard,\u00a0<strong>l\u2019arm\u00e9e rwandaise bombardait la ville de Goma<\/strong><a title=\"\" href=\"http:\/\/www.agoravox.fr\/actualites\/international\/article\/rd-congo-tribunal-penal-les-148059#_ftn7\" rel=\"nofollow\">[7]<\/a>\u00a0tuant et blessant des civils et des casques bleus, et\u00a0<a href=\"https:\/\/www.google.fr\/search?q=bombardement+goma&amp;newwindow=1&amp;source=lnms&amp;tbm=isch&amp;sa=X&amp;ei=arD7UpKNB6qr0gWDpYGQAQ&amp;ved=0CAkQ_AUoAQ&amp;biw=1024&amp;bih=719\" rel=\"nofollow\">d\u00e9truisant des maisons d\u2019habitation<\/a>.<\/p>\n<p>En gros, les dirigeants am\u00e9ricains ont un probl\u00e8me de cr\u00e9dibilit\u00e9 lorsqu\u2019ils s\u2019expriment sur le conflit de l\u2019Est du Congo. La parole am\u00e9ricaine est d\u2019autant moins cr\u00e9dible que\u00a0<strong>le dictateur rwandais reste un puissant alli\u00e9 militaire de l\u2019Am\u00e9rique<\/strong><a title=\"\" href=\"http:\/\/www.agoravox.fr\/actualites\/international\/article\/rd-congo-tribunal-penal-les-148059#_ftn8\" rel=\"nofollow\">[8]<\/a><strong>\u00a0qui forme son arm\u00e9e, l\u2019\u00e9quipe<\/strong>\u00a0et l\u2019accompagne dans de nombreuses missions comme au Darfour,\u00a0<a href=\"http:\/\/www.dvidshub.net\/image\/1152664\/us-transports-rwandan-soldiers-into-car#.Uvz-Fvl5PpY\" rel=\"nofollow\">en Centrafrique<\/a>, voire dans\u00a0<strong>des op\u00e9rations ill\u00e9gales<\/strong>\u00a0dans l\u2019Est du Congo<a title=\"\" href=\"http:\/\/www.agoravox.fr\/actualites\/international\/article\/rd-congo-tribunal-penal-les-148059#_ftn9\" rel=\"nofollow\">[9]<\/a>.<\/p>\n<p>Il est ainsi assez embarrassant de rappeler que les bataillons de Kigali, qui s\u2019\u00e9taient empar\u00e9es de la ville de Goma, utilisaient du\u00a0<strong>mat\u00e9riel sophistiqu\u00e9<\/strong>\u00a0qui trahissait la main cach\u00e9e d\u2019une grande puissance. Encore plus embarrassant sera le\u00a0<strong>rapport de l\u2019ONG am\u00e9ricaine Human Rights Watch<\/strong>\u00a0qui r\u00e9v\u00e9lait que parmi les combattants du M23 figuraient des \u00e9l\u00e9ments ayant servi dans\u00a0<strong>les missions au Darfour<\/strong><a title=\"\" href=\"http:\/\/www.agoravox.fr\/actualites\/international\/article\/rd-congo-tribunal-penal-les-148059#_ftn10\" rel=\"nofollow\">[10]<\/a>\u00a0sous l\u2019encadrement de l\u2019arm\u00e9e am\u00e9ricaine.<\/p>\n<p>Difficile de promettre honn\u00eatement la justice \u00e0 une population martyris\u00e9e lorsqu\u2019on a parrain\u00e9, entrain\u00e9, arm\u00e9, financ\u00e9 voire accompagn\u00e9 les bourreaux dans leurs aventures meurtri\u00e8res. Se pose aussi, et plus globalement, la question de savoir si l\u2019environnement politique actuel, dans la r\u00e9gion, se pr\u00eate \u00e0 l\u2019id\u00e9e d\u2019une justice digne de ce nom.<\/p>\n<h3><strong>Un environnement trop d\u00e9favorable<\/strong><\/h3>\n<p>L\u2019ambassadeur am\u00e9ricain n\u2019aurait pas oubli\u00e9 le fait que le tribunal sp\u00e9cial de Sierra L\u00e9one n\u2019a pu valablement fonctionner qu\u2019apr\u00e8s la chute du Pr\u00e9sident lib\u00e9rien Charles Taylor, qui entretenait les violences dans le pays voisin. Rien \u00e0 voir avec la situation actuelle dans la r\u00e9gion des Grands-Lacs.<\/p>\n<p>C\u2019est un conflit qui dure depuis 1996 et dans lesquels les\u00a0<strong>trois r\u00e9gimes de la r\u00e9gion, tous des alli\u00e9s des Etats-Unis, sont totalement impliqu\u00e9s. Les Pr\u00e9sidents Kabila, Kagam\u00e9 et Museveni<\/strong>\u00a0sont, avec leurs dignitaires respectifs, totalement m\u00eal\u00e9s aux atrocit\u00e9s de l\u2019Est du Congo. Le drame est qu\u2019ils sont solidaires, et recourent, trop souvent, aux m\u00eames ex\u00e9cutants.\u00a0<strong>Le cas du g\u00e9n\u00e9ral Bosco Ntaganda<\/strong><a title=\"\" href=\"http:\/\/www.agoravox.fr\/actualites\/international\/article\/rd-congo-tribunal-penal-les-148059#_ftn11\" rel=\"nofollow\">[11]<\/a>, une des plus grandes terreurs de la r\u00e9gion, est particuli\u00e8rement r\u00e9v\u00e9lateur. L\u2019homme aura \u00e9t\u00e9 au service des trois Pr\u00e9sidents respectivement, parfois simultan\u00e9ment.<\/p>\n<p>Difficile d\u2019imaginer qu\u2019un tribunal\u00a0<em>\u00ab\u00a0ind\u00e9pendant\u00a0\u00bb<\/em>\u00a0vienne menacer ces\u00a0<em>\u00ab\u00a0machines \u00e0 tuer et \u00e0 violer\u00a0\u00bb<\/em>\u00a0qui d\u00e9ferlent sur la population avec la b\u00e9n\u00e9diction des trois chefs d\u2019Etat. Le moindre d\u00e9but de justice n\u2019est envisageable qu\u2019\u00e0 condition qu\u2019au moins un des trois pouvoirs\u00a0<em>\u00ab\u00a0d\u00e9gage\u00a0\u00bb<\/em>\u00a0un espace qui permette aux victimes et aux t\u00e9moins de se confier sans \u00eatre obs\u00e9d\u00e9s par le risque de repr\u00e9sailles.<\/p>\n<p>En tout cas, l\u2019exp\u00e9rience de la justice internationale, malheureusement, est que les Tribunaux n\u2019arrivent \u00e0 fonctionner avec plus ou moins de marge de libert\u00e9 qu\u2019apr\u00e8s la d\u00e9ch\u00e9ance du pouvoir politique sous l\u2019autorit\u00e9 duquel les crimes auront \u00e9t\u00e9 commis. Ce fut d\u00e9j\u00e0 le cas du Tribunal de Nuremberg, dans la foul\u00e9e de la d\u00e9faite de l\u2019Allemagne nazie. Depuis,\u00a0<strong>il faut toujours attendre la d\u00e9ch\u00e9ance d\u2019un r\u00e9gime<\/strong>\u00a0pour envisager s\u00e9rieusement de pouvoir rendre justice aux victimes. Tribunal de Tokyo, Tribunal d\u2019Arusha, Tribunal de Sierra Leone,&#8230; M\u00eame\u00a0<strong>la Commission V\u00e9rit\u00e9 et R\u00e9conciliation\u00a0<\/strong>sud-africaine n\u2019a pu gagner son pari que gr\u00e2ce \u00e0\u00a0<strong>l\u2019effacement pr\u00e9alable<\/strong>\u00a0du r\u00e9gime d\u2019Apartheid. Par cons\u00e9quent, le Congo, raisonnablement, ne peut pas faire exception, sauf \u00e0 devoir cautionner une\u00a0<em>\u00ab\u00a0justice au rabais\u00a0\u00bb<\/em>.<\/p>\n<h3><strong>Un tribunal pour la forme\u00a0?<\/strong><\/h3>\n<p>Faute d\u2019obtenir un environnement politique favorable, les trois r\u00e9gimes restant en place, les Am\u00e9ricains pourraient se contenter d\u2019une justice pour la forme.\u00a0<em>\u00ab\u00a0Bricoler\u00a0\u00bb<\/em>\u00a0juste\u00a0<em>\u00ab\u00a0quelque chose\u00a0\u00bb<\/em>\u00a0pour\u00a0<strong>donner bonne conscience \u00e0 une communaut\u00e9 internationale<\/strong>\u00a0dont le malaise devient de plus en plus palpable devant le scandale de l\u2019impunit\u00e9 entretenue sur la mort des\u00a0<strong>millions d\u2019innocents<\/strong><a title=\"\" href=\"http:\/\/www.agoravox.fr\/actualites\/international\/article\/rd-congo-tribunal-penal-les-148059#_ftn12\" rel=\"nofollow\">[12]<\/a>. Reste qu\u2019un tribunal comme celui-l\u00e0 porterait, d\u00e8s le d\u00e9part, les germes d\u2019une justice b\u00e2cl\u00e9e.<\/p>\n<p>Il faudrait que les victimes et les t\u00e9moins conc\u00e8dent, pratiquement, \u00e0 jouer leurs vies \u00e0 la roulette russe en se confiant aux magistrats dans un pays o\u00f9 leurs bourreaux, b\u00e9n\u00e9ficiaires des lois successives d\u2019amnistie, ont fini par contr\u00f4ler tous les rouages de l\u2019Etat. En effet,\u00a0<strong>du plus haut sommet de l\u2019Etat au commissariat du quartier, en passant par le gratin de la politique et les \u00e9tats-majors\u00a0<em>(arm\u00e9e, police)<\/em>,\u2026 le p\u00e9ril des repr\u00e9sailles au Congo est omnipr\u00e9sent<\/strong><a title=\"\" href=\"http:\/\/www.agoravox.fr\/actualites\/international\/article\/rd-congo-tribunal-penal-les-148059#_ftn13\" rel=\"nofollow\">[13]<\/a>.<\/p>\n<p>L\u2019ambassadeur am\u00e9ricain a indiqu\u00e9 que si ce tribunal \u00e9tait institu\u00e9, les pays comme le Rwanda, l\u2019Ouganda et le Burundi n\u2019en feraient pas partie. Ce qu\u2019il a omis de reconna\u00eetre, c\u2019est que ces trois pays ont d\u00e9j\u00e0 leurs agents dans les institutions du Congo, cons\u00e9quences des ann\u00e9es des guerres d\u2019agression et d\u2019occupation maquill\u00e9es en\u00a0<em>\u00ab\u00a0r\u00e9bellions congolaises\u00a0\u00bb<\/em>. Leurs effectifs n\u2019ont fait que grossir \u00e0 mesure que se multipliaient les\u00a0<em>\u00ab\u00a0r\u00e9bellions\u00a0\u00bb<\/em>\u00a0que Kinshasa absorbait \u00e0 coups d\u2019amnisties, et d\u2019int\u00e9grations\/r\u00e9int\u00e9grations, par vagues successives. Il suffira d\u2019un mot d\u2019ordre de Kampala, Kigali ou Bujumbura pour que la pagaille s\u2019invite dans un proc\u00e8s ou un autre. Dans ces conditions, seuls des dossiers\u00a0<em>\u00ab\u00a0simples\u00a0\u00bb<\/em>\u00a0pourront \u00eatre trait\u00e9s, ce qui laisserait des pans entiers de la population dans la frustration du d\u00e9ni de justice. Mais on n\u2019en est pas encore l\u00e0.<\/p>\n<p>Pour le moment, la question est de savoir si les responsables am\u00e9ricains peuvent tenir parole en assurant la mise en place effective d\u2019un tribunal, juste un tribunal. Il en va de la cr\u00e9dibilit\u00e9 de la parole officielle d\u2019une grande puissance.<\/p>\n<p><strong><em>\u00a0<\/em><\/strong><\/p>\n<p><em>Boniface MUSAVULI<\/em><\/p>\n<p>&#8212;&#8212;&#8212;&#8212;&#8212;&#8212;&#8212;&#8212;&#8212;&#8212;&#8212;&#8212;-<\/p>\n<div><a title=\"\" href=\"http:\/\/www.agoravox.fr\/actualites\/international\/article\/rd-congo-tribunal-penal-les-148059#_ftnref1\" rel=\"nofollow\">[1]<\/a>\u00a0<a href=\"http:\/\/www.theguardian.com\/world\/2012\/jul\/25\/rwanda-paul-kagame-war-crimes\" rel=\"nofollow\">http:\/\/www.theguardian.com\/world\/20&#8230;<\/a><\/div>\n<div>\n<div>\n<p><a title=\"\" href=\"http:\/\/www.agoravox.fr\/actualites\/international\/article\/rd-congo-tribunal-penal-les-148059#_ftnref2\" rel=\"nofollow\">[2]<\/a>\u00a0<a href=\"http:\/\/www.michelcollon.info\/Goma-occupee-par-des-troupes.html\" rel=\"nofollow\">http:\/\/www.michelcollon.info\/Goma-o&#8230;<\/a><\/p>\n<\/div>\n<div>\n<p><a title=\"\" href=\"http:\/\/www.agoravox.fr\/actualites\/international\/article\/rd-congo-tribunal-penal-les-148059#_ftnref3\" rel=\"nofollow\">[3]<\/a>\u00a0<a href=\"http:\/\/www.theguardian.com\/world\/2012\/dec\/19\/obama-rwanda-support-congo-rebels\" rel=\"nofollow\">http:\/\/www.theguardian.com\/world\/20&#8230;<\/a><\/p>\n<\/div>\n<div>\n<p><a title=\"\" href=\"http:\/\/www.agoravox.fr\/actualites\/international\/article\/rd-congo-tribunal-penal-les-148059#_ftnref4\" rel=\"nofollow\">[4]<\/a>\u00a028.\u00a0<em>\u00ab\u00a0Le Groupe d\u2019experts a \u00e9tabli que le M23 a continu\u00e9 \u00e0 recevoir un appui en provenance du Rwanda. (\u2026).Le Groupe d\u2019experts a \u00e9tabli qu\u2019au cours du dernier combat, des chars de l\u2019arm\u00e9e rwandaise \u00e9taient pr\u00e9sents \u00e0 la fronti\u00e8re, tant \u00e0 Kabuhanga (Rwanda) qu\u2019\u00e0 Kabuye (R\u00e9publique d\u00e9mocratique du Congo). De nombreux t\u00e9moins oculaires \u00e0 Kabuye ont montr\u00e9 au Groupe l\u2019endroit o\u00f9, le 25 octobre, deux chars des FDR (arm\u00e9e rwandaise, ndlr) avaient<strong>travers\u00e9<\/strong>\u00a0la fronti\u00e8re et \u00e9taient entr\u00e9s \u00e0 Kabuye\u00a0; d\u2019autres chars des FDR \u00e9taient en position juste de l\u2019autre c\u00f4t\u00e9 de la fronti\u00e8re, \u00e0 Kabuhanga\u00a0\u00bb<\/em>.\u00a0<strong>Rapport S\/2014\/42 des experts de l\u2019ONU du 23 janvier 2014<\/strong>. Cf.<a href=\"http:\/\/daccess-dds-ny.un.org\/doc\/UNDOC\/GEN\/N14\/215\/16\/PDF\/N1421516.pdf?OpenElement\" rel=\"nofollow\">http:\/\/daccess-dds-ny.un.org\/doc\/UN&#8230;<\/a><\/p>\n<\/div>\n<div>\n<p><a title=\"\" href=\"http:\/\/www.agoravox.fr\/actualites\/international\/article\/rd-congo-tribunal-penal-les-148059#_ftnref5\" rel=\"nofollow\">[5]<\/a>\u00a0<em>\u00ab\u00a0Le Gouvernement rwandais continue de violer l\u2019embargo sur les armes\u00a0; il fournit directement une aide militaire aux rebelles du M23, facilite le recrutement de combattants pour le compte du Mouvement, incite et facilite la d\u00e9sertion de soldats des forces arm\u00e9es congolaises, fournit au M23 des armes, des munitions et des renseignements, et le conseille sur le plan politique. La cha\u00eene de commandement de facto dont fait partie le g\u00e9n\u00e9ral Bosco Ntaganda a \u00e0 sa t\u00eate le g\u00e9n\u00e9ral James Kabarebe, Ministre rwandais de la d\u00e9fense\u00a0\u00bb<\/em>. Rapport S\/2012\/843 des experts de l\u2019ONU du 15 novembre 2012, p. 3. Voir sur<a href=\"http:\/\/www.un.org\/french\/documents\/view_doc.asp?symbol=S\/2012\/843\" rel=\"nofollow\">http:\/\/www.un.org\/french\/documents\/&#8230;<\/a><\/p>\n<\/div>\n<div>\n<p><a title=\"\" href=\"http:\/\/www.agoravox.fr\/actualites\/international\/article\/rd-congo-tribunal-penal-les-148059#_ftnref6\" rel=\"nofollow\">[6]<\/a>\u00a0<a href=\"http:\/\/www.rfi.fr\/afrique\/20130724-rdc-washington-appelle-kigali-cesser-tout-soutien-rebelles-m23\/\" rel=\"nofollow\">http:\/\/www.rfi.fr\/afrique\/20130724-&#8230;<\/a><\/p>\n<\/div>\n<div>\n<p><a title=\"\" href=\"http:\/\/www.agoravox.fr\/actualites\/international\/article\/rd-congo-tribunal-penal-les-148059#_ftnref7\" rel=\"nofollow\">[7]<\/a>\u00a0<a href=\"http:\/\/radiookapi.net\/actualite\/2013\/08\/23\/goma-la-rdc-accuse-le-rwanda-de-crimes-de-guerre\/\" rel=\"nofollow\">http:\/\/radiookapi.net\/actualite\/201&#8230;<\/a><\/p>\n<\/div>\n<div>\n<p><a title=\"\" href=\"http:\/\/www.agoravox.fr\/actualites\/international\/article\/rd-congo-tribunal-penal-les-148059#_ftnref8\" rel=\"nofollow\">[8]<\/a>\u00a0Les Am\u00e9ricains ont construit, depuis juillet 1994, une base sophistiqu\u00e9e de collecte de renseignements \u00e9lectromagn\u00e9tiques\u00a0<em>(SIGINT)<\/em>\u00a0sur le Mont Karisimbi et une base militaire bien fournie dans le Bugesera. Le personnel militaire des \u00c9tats-Unis aurait \u00e9t\u00e9 vu dans certains quartiers de Kigali entrain de former la police rwandaise et les contr\u00f4leurs du trafic a\u00e9rien de la Force a\u00e9rienne rwandaise. Des instructeurs US, isra\u00e9liens et britanniques participent \u00e9galement \u00e0 la formation de l&#8217;arm\u00e9e rwandaise et de la Garde pr\u00e9sidentielle dans les bases militaires de Gako et Gabiro. La firme KBR\u00a0<em>(Kellogg Brown and Root)<\/em>\u00a0a construit les bases militaires de Ntendezi et Bugarama pr\u00e8s de Cyangugu \u00e0 la mi-1994. \u00c0 l&#8217;\u00e9poque, KBR \u00e9tait une filiale d&#8217;Haliburton et d\u00e9tenait le contrat LOGCAP\u00a0<em>(Logistics Civil Augmentation Program)<\/em>\u00a0du minist\u00e8re am\u00e9ricain de la D\u00e9fense. Pour l&#8217;ann\u00e9e 2009, le Rwanda a re\u00e7u plus de 20 millions de dollars d&#8217;\u00e9quipements militaires des \u00c9tats-Unis. Voir\u00a0<strong>Patrick\u00a0MBEKO,\u00a0<em>Le Canada dans les guerres en Afrique centrale \u2013 G\u00e9nocides &amp; Pillages des ressources mini\u00e8res du Congo par Rwanda interpos\u00e9,\u00a0Le N\u00e8gre Editeur, 2012, p. 230<\/em>.\u00a0<\/strong><\/p>\n<\/div>\n<div>\n<p><a title=\"\" href=\"http:\/\/www.agoravox.fr\/actualites\/international\/article\/rd-congo-tribunal-penal-les-148059#_ftnref9\" rel=\"nofollow\">[9]<\/a>\u00a0<em>\u00ab\u00a0D\u00e9but novembre 1996, un Br\u00e9guet Atlantic localise des cohortes de r\u00e9fugi\u00e9s et rap\u00adporte des photos qui montrent\u00a0<strong>deux h\u00e9licopt\u00e8res US, des Black Hawks<\/strong>. Les espions fran\u00e7ais s&#8217;interrogent sur le r\u00f4le des \u2018\u2019b\u00e9rets verts\u2019\u2019 lors des massacres qui ont suivi la prise de Bukavu, fin octobre 1996. Ils se demandent aussi quelle est l&#8217;origine des\u00a0<strong>mitraillages a\u00e9riens op\u00e9r\u00e9s de nuit contre les camps de r\u00e9fugi\u00e9s<\/strong>\u00a0: \u2018\u2019Cela pose de graves questions quand on sait que parmi\u00a0<strong>les avions am\u00e9ricains d\u00e9ploy\u00e9s figurait au moins un C-130 Gunship des Forces sp\u00e9ciales<\/strong>, v\u00e9ritable canonni\u00e8re volante, blind\u00e9e et arm\u00e9e d&#8217;un canon de 105 mm, de roquettes et de mitrailleuses pouvant m\u00eame larguer des mines. Que faisait-il l\u00e0 si, comme le disait alors le comman\u00addement am\u00e9ricain, il s&#8217;agissait seulement de rechercher des r\u00e9fugi\u00e9s pour \u00e9tudier ensuite les moyens de leur porter assistance\u00a0?\u2019\u2019\u00a0\u00bb<\/em>\u00a0<strong>Pierre P\u00e9an<\/strong>,\u00a0<em>Carnages \u2013 Les guerres secr\u00e8tes des grandes puissances en Afrique<\/em>, \u00c9ditions Fayard, novembre 2010, pp. 349-350.<\/p>\n<\/div>\n<div>\n<p><a title=\"\" href=\"http:\/\/www.agoravox.fr\/actualites\/international\/article\/rd-congo-tribunal-penal-les-148059#_ftnref10\" rel=\"nofollow\">[10]<\/a>\u00a0<a href=\"http:\/\/www.hrw.org\/fr\/news\/2013\/07\/23\/rd-congo-les-rebelles-du-m23-tuent-des-civils-et-commettent-des-viols\" rel=\"nofollow\">http:\/\/www.hrw.org\/fr\/news\/2013\/07\/&#8230;<\/a><\/p>\n<\/div>\n<div>\n<p><a title=\"\" href=\"http:\/\/www.agoravox.fr\/actualites\/international\/article\/rd-congo-tribunal-penal-les-148059#_ftnref11\" rel=\"nofollow\">[11]<\/a>\u00a0<a href=\"http:\/\/www.hrw.org\/fr\/news\/2012\/04\/13\/rd-congo-bosco-ntaganda-doit-tre-arr-t-et-transf-r-la-cour-p-nale-internationale-pou\" rel=\"nofollow\">Rebelle rwandais, en 1990, membre du FPR<\/a>, Bosco Ntaganda entre au Congo en tant que soldat rwandais, puis devient officier de l\u2019arm\u00e9e congolaise. Au d\u00e9clenchement de la deuxi\u00e8me guerre du Congo\u00a0<em>(1998)<\/em>, l\u2019homme rejoint les rangs de la\u00a0<em>\u00ab\u00a0r\u00e9bellion\u00a0\u00bb<\/em>\u00a0du RCD soutenue par le Rwanda. Mais en juin 2000, \u00e0 Kisangani, il se bat dans les rangs de l\u2019arm\u00e9e ougandaise contre l\u2019arm\u00e9e rwandaise durant la m\u00e9morable\u00a0<em>\u00ab\u00a0<\/em><a href=\"http:\/\/fr.wikipedia.org\/wiki\/Guerre_des_Six_Jours_%28Kisangani%29\" rel=\"nofollow\"><em>guerre des six jours\u00a0<\/em><\/a><em>\u00a0\u00bb<\/em>. Une guerre entre le Rwanda et l\u2019Ouganda, sur le territoire congolais, pour le contr\u00f4le du trafic de diamant. Ntaganda\u00a0<em>\u00ab\u00a0redevient\u00a0\u00bb<\/em>\u00a0congolais et obtient le grade de g\u00e9n\u00e9ral des<a href=\"http:\/\/fr.wikipedia.org\/wiki\/Forces_arm%C3%A9es_de_la_R%C3%A9publique_d%C3%A9mocratique_du_Congo\" rel=\"nofollow\">FARDC<\/a>. Il finira sa carri\u00e8re en tant que\u00a0<em>\u00ab\u00a0rebelle congolais\u00a0\u00bb<\/em>\u00a0li\u00e9 au M23, mais en fuite au Rwanda, le pays o\u00f9 il est n\u00e9 de parents rwandais. Voir Rapport\u00a0<a href=\"http:\/\/www.un.org\/french\/documents\/view_doc.asp?symbol=S\/2012\/843\" rel=\"nofollow\">S\/2012\/843<\/a>\u00a0des experts de l\u2019ONU, page 164.<\/p>\n<\/div>\n<div>\n<p><a title=\"\" href=\"http:\/\/www.agoravox.fr\/actualites\/international\/article\/rd-congo-tribunal-penal-les-148059#_ftnref12\" rel=\"nofollow\">[12]<\/a>\u00a0Il faut toujours rappeler que la guerre du Congo a co\u00fbt\u00e9 la vie \u00e0 plus de 6 millions de Congolais\u00a0<em>(<\/em><a href=\"http:\/\/www.rescue.org\/sites\/default\/files\/migrated\/resources\/2007\/2006-7_congomortalitysurvey.pdf\" rel=\"nofollow\"><em>5,4 millions de morts<\/em><\/a>\u00a0<em>selon l\u2019ONG am\u00e9ricaine\u00a0<strong>International Rescue Committee<\/strong>,\u00a0<\/em><a href=\"http:\/\/www.nytimes.com\/2010\/02\/07\/opinion\/07kristof.html\" rel=\"nofollow\"><em>6,9 millions de morts<\/em><\/a>\u00a0<em>selon le<strong>\u00a0New York Times<\/strong>)<\/em>,\u00a0<strong>la moiti\u00e9 \u00e9tant des enfants<\/strong>.<\/p>\n<\/div>\n<div>\n<p><a title=\"\" href=\"http:\/\/www.agoravox.fr\/actualites\/international\/article\/rd-congo-tribunal-penal-les-148059#_ftnref13\" rel=\"nofollow\">[13]<\/a>\u00a0Le cadre politique actuel au Congo a \u00e9t\u00e9 pos\u00e9 par\u00a0<a href=\"http:\/\/www.irinnews.org\/pdf\/in-depth\/dial_rdc.pdf\" rel=\"nofollow\">l&#8217;Accord de Sun City du 16 d\u00e9cembre 2002<\/a>consacrant le partage du pouvoir entre les bellig\u00e9rants de la Deuxi\u00e8me Guerre du Congo. Depuis, la vie politique est domin\u00e9 par les formations issues des groupes arm\u00e9s soutenus par le Rwanda (RCD) ou par l\u2019Ouganda (MLC, RCD-N) et l\u2019opposition non-arm\u00e9e.<\/p>\n<\/div>\n<\/div>\n","protected":false},"excerpt":{"rendered":"<p>Par Boniface Musavuli L\u2019ambassadeur am\u00e9ricain Stephen Rapp a plaid\u00e9 vendredi 07 f\u00e9vrier \u00e0 Goma pour la\u00a0cr\u00e9ation d\u2019un tribunal p\u00e9nal international pour le Congo\u00a0afin de juger les auteurs des crimes graves. Ce tribunal fonctionnerait en chambres mixtes\u00a0(magistrats \u00e9trangers et magistrats congolais). En charge de la politique des Etats-Unis contre les crimes de guerre et crimes contre [&hellip;]<\/p>\n","protected":false},"author":1,"featured_media":6374,"comment_status":"open","ping_status":"open","sticky":false,"template":"","format":"standard","meta":{"_acf_changed":false,"content-type":"","footnotes":""},"categories":[122,124],"tags":[],"class_list":["post-6373","post","type-post","status-publish","format-standard","has-post-thumbnail","hentry","category-news-alertes","category-politique-societe"],"acf":[],"_links":{"self":[{"href":"https:\/\/congolobilelo.com\/IN\/wp-json\/wp\/v2\/posts\/6373","targetHints":{"allow":["GET"]}}],"collection":[{"href":"https:\/\/congolobilelo.com\/IN\/wp-json\/wp\/v2\/posts"}],"about":[{"href":"https:\/\/congolobilelo.com\/IN\/wp-json\/wp\/v2\/types\/post"}],"author":[{"embeddable":true,"href":"https:\/\/congolobilelo.com\/IN\/wp-json\/wp\/v2\/users\/1"}],"replies":[{"embeddable":true,"href":"https:\/\/congolobilelo.com\/IN\/wp-json\/wp\/v2\/comments?post=6373"}],"version-history":[{"count":0,"href":"https:\/\/congolobilelo.com\/IN\/wp-json\/wp\/v2\/posts\/6373\/revisions"}],"wp:featuredmedia":[{"embeddable":true,"href":"https:\/\/congolobilelo.com\/IN\/wp-json\/"}],"wp:attachment":[{"href":"https:\/\/congolobilelo.com\/IN\/wp-json\/wp\/v2\/media?parent=6373"}],"wp:term":[{"taxonomy":"category","embeddable":true,"href":"https:\/\/congolobilelo.com\/IN\/wp-json\/wp\/v2\/categories?post=6373"},{"taxonomy":"post_tag","embeddable":true,"href":"https:\/\/congolobilelo.com\/IN\/wp-json\/wp\/v2\/tags?post=6373"}],"curies":[{"name":"wp","href":"https:\/\/api.w.org\/{rel}","templated":true}]}}