{"id":6368,"date":"2014-02-15T13:45:36","date_gmt":"2014-02-15T13:45:36","guid":{"rendered":"http:\/\/www.ingeta.com\/?p=6368"},"modified":"2014-02-15T13:45:36","modified_gmt":"2014-02-15T13:45:36","slug":"ntaganda-kabila-et-justice-internationale-pourquoi-les-congolais-doivent-imposer-leurs-verites","status":"publish","type":"post","link":"https:\/\/congolobilelo.com\/IN\/ntaganda-kabila-et-justice-internationale-pourquoi-les-congolais-doivent-imposer-leurs-verites\/","title":{"rendered":"Ntaganda, Kabila et justice internationale : Pourquoi les Congolais doivent imposer leurs v\u00e9rit\u00e9s."},"content":{"rendered":"<p>\t\t\t\tL\u2019analyste politique Jean-Pierre Mbelu rappelle pourquoi les r\u00e9v\u00e9lations r\u00e9centes de Ntaganda \u00e0 la Cour P\u00e9nale Internationale n\u2019en sont pas, d\u00e9crypte le r\u00f4le de la justice internationale et des puissances occidentales dans la guerre au Congo et le g\u00e9nocide rwandais, expose les sources des multiples guerres sur le territoire congolais et la situation des infiltr\u00e9s rwandais au Congo, et nous invite \u00e0 rompre avec le syst\u00e8me actuel au Congo.<\/p>\n<p><iframe loading=\"lazy\" src=\"\/\/www.youtube.com\/embed\/zS7xEcv66zA\" height=\"315\" width=\"560\" allowfullscreen=\"\" frameborder=\"0\"><\/iframe><\/p>\n<p><strong>Sur les r\u00e9v\u00e9lations de Ntaganda \u00e0 la CPI<\/strong><\/p>\n<blockquote><p>Le fait que Ntaganda soit rwandais n\u2019est pas une information nouvelle, il n\u2019y a pas l\u00e0 de r\u00e9v\u00e9lation. C\u2019est depuis la guerre de l\u2019afdl que le Rwanda essaie d\u2019injecter ses milices et ses militaires dans les institutions congolaises. Si nous relisons notre histoire, nous verrons que la guerre de pr\u00e9dation et d\u2019agression men\u00e9e par les USA et la Grande-Bretagne contre le Congo, par le Rwanda, l\u2019Ouganda et le Burundi interpos\u00e9s, a favoris\u00e9 cette injection de rwandais dans l\u2019arm\u00e9e congolaise. Ce n\u2019est pas une r\u00e9v\u00e9lation.<br \/>\nEt puis, comment voulez-vous qu\u2019un militaire rwandais puisse choisir une autre langue que le Kinyarwanda pour pouvoir s\u2019exprimer devant la Cour P\u00e9nale Internationale ?<br \/>\n<a href=\"http:\/\/www.france-rwanda.info\/article-rwanda-les-ultimes-revelations-du-colonel-patrick-karegeya-122552843.html\" target=\"_blank\" rel=\"noopener\">Patrick Karegeya<\/a>, l\u2019ancien responsable des renseignements rwandais, avait averti, apr\u00e8s l\u2019attaque du Congo par le biais de l\u2019AFDL, que toutes les autres guerres qui ont suivi \u00e9taient des guerres de trop, entretenues par Kagame et ses parrains.<br \/>\nAujourd\u2019hui nous sommes plac\u00e9s devant un cas de quelqu\u2019un qui fait partie d\u2019un r\u00e9seau transnational de pr\u00e9dation, on nous dit voil\u00e0 ces origines. Que ceux qui l\u2019ont prot\u00e9g\u00e9, ceux qui ont travaill\u00e9 avec lui, nous disent pourquoi ce monsieur \u00e9tant Rwandais, ils ont voulu berner nos populations en nous disant qu\u2019il \u00e9tait indispensable \u00e0 la paix au Congo.<\/p><\/blockquote>\n<p><strong>Sur la justice internationale et le cas du Rwanda<\/strong><\/p>\n<blockquote><p>Quand vous lisez, dans le quotidien anglais, London Evening Post, <a href=\"http:\/\/www.thelondoneveningpost.com\/how-un-didnt-want-you-to-know-facts-about-rwanda-genocide\/\" target=\"_blank\" rel=\"noopener\">l\u2019interview de Peter Erlinger<\/a>, avocat au Tribunal P\u00e9nal international pour le Rwanda (TPIR), vous vous rendez compte qu\u2019il y a eu des v\u00e9rit\u00e9s que l\u2019ONU a cach\u00e9es, que le d\u00e9partement d\u2019Etat am\u00e9ricain a cach\u00e9es. Erlinder a publi\u00e9 un livre \u00ab Le g\u00e9nocide accidentel \u00bb, qui revient sur les faits tels qu\u2019ils ont \u00e9t\u00e9 document\u00e9s au niveau du d\u00e9partement d\u2019Etat et de l\u2019ONU.<br \/>\nLe Congo est engag\u00e9, depuis les ann\u00e9es 1990, dans un processus vici\u00e9 et vicieux et ne saura pas avancer tant que toute la lumi\u00e8re ne sera pas faite sur ce processus, tant qu\u2019une commission justice, v\u00e9rit\u00e9 et r\u00e9conciliation, digne de ce nom n\u2019aura pas si\u00e9g\u00e9 pour que toute la v\u00e9rit\u00e9 puisse \u00eatre faite sur ce processus.<br \/>\nDans son livre, \u00ab paix et ch\u00e2timent : Les guerres secr\u00e8tes de la politique et de la justice internationales \u00bb, Florence Hartmann, ancienne porte-parole de carla del Ponte au TPIR, dit comment les USA et la Grande-Bretagne sont intervenus pour torpiller la marche normale de la justice. ET Carla del Ponte a \u00e9t\u00e9 d\u00e9f\u00e9nestr\u00e9 du TPIR quand elle a tent\u00e9 d\u2019aborder la question du jugement sur les cas du FPR de Kagame.<br \/>\nPar ailleurs, bien avant, les USA avaient influenc\u00e9 le Rwanda pour qu\u2019il ne soit pas signataire des statuts instituant la Cour P\u00e9nal Internationale. Aujourd\u2019hui, si Ntaganda dit qu\u2019il est rwandais, et que la CPI l\u2019accuse pour avoir commis des crimes au Congo, cette accusation risque de tomber.<br \/>\nLes v\u00e9ritables commanditaires de cette guerre de basse intensit\u00e9 doivent \u00e0 tout jamais rester dans l\u2019ombre et doivent \u00e9viter d\u2019\u00eatre inqui\u00e9t\u00e9s, et il n\u2019est pas s\u00fbr qu\u2019ils pourront un jour \u00eatre inqui\u00e9t\u00e9s. La question du jugement de ceux qui tiennent \u00e0 la balkanisation et \u00e0 l\u2019implosion du Congo demeure.<\/p><\/blockquote>\n<p><strong>Sur les Rwandais infiltr\u00e9s au Congo<\/strong><\/p>\n<blockquote><p>Kabila, Ntaganda, Ruberwa, Bisengemana, etc. : Tous ces gens l\u00e0 devraient \u00eatre traduits devant les cours et tribunaux. Ce sont des mercenaires envoy\u00e9s par les pays \u00e9trangers pour tuer les congolais, violer les congolaises, piller le Congo, et s\u2019en mettre pleins les poches. Mais vu le fonctionnement de l\u2019assembl\u00e9e nationale congolais, on voit que ces infiltr\u00e9s op\u00e8rent de fa\u00e7on \u00e0 corrompre le plus possible les d\u00e9put\u00e9s afin que la cause du pillage et du bradage des richesses du Congo puisse \u00eatre sauvegard\u00e9e.<\/p><\/blockquote>\n<p><strong>Sur les multiples guerres au Congo<\/strong><\/p>\n<blockquote><p>Regardez comment les guerres \u00e9clatent sur tout le territoire congolais ? Il y a des guerres entretenues par intermittence au Congo, depuis les ann\u00e9es 1990, parce que les ma\u00eetres du monde ou ceux qui veulent passer pour les ma\u00eetres du monde travaillent \u00e0 la remise en question des fronti\u00e8res h\u00e9rit\u00e9es du partage de la conf\u00e9rence de Berlin. Cette guerre cherche \u00e0 aboutir \u00e0 la balkanisation du Congo, qu\u2019il y ait des petits Etats faibles, mall\u00e9ables, manipulables, corv\u00e9ables \u00e0 souhait par les acteurs majeurs qui l\u2019ont orchestr\u00e9 en instrumentalisant le Rwanda et l\u2019Ouganda. Cette instrumentalisation a permis qu\u2019il y ait beaucoup d\u2019infiltr\u00e9s dans les institutions congolaises. Ces infiltr\u00e9s corrompent les congolais, cr\u00e9ent des petites guerres de pr\u00e9dation pour pouvoir donner raison \u00e0 leurs mentors. Et si ces mercenaires ne sont pas mis hors d\u2019\u00e9tat d\u2019agir, le Congo ne conna\u00eetre jamais la paix.<br \/>\nIl est question de revenir aux tenants et aboutissants de cette guerre de basse intensit\u00e9, de les ma\u00eetriser pour r\u00e9\u00e9crire l\u2019histoire, en cherchant, comment \u00e0 court, moyen et long terme, les mercenaires et autres infiltr\u00e9s qui travaillent \u00e0 l\u2019affaiblissement du Congo comme Etat puissent \u00eatre mis hors d\u2019\u00e9tat d\u2019agir.<\/p><\/blockquote>\n<p><strong>Sur la responsabilit\u00e9 du gouvernement congolais<\/strong><\/p>\n<blockquote><p>Nous faisons une inversion s\u00e9mantique grave. Nous parlons de gouvernants, l\u00e0 o\u00f9 il faut parler de mercenaires. Laurent-d\u00e9sir\u00e9 a eu raison, il s\u2019agit d\u2019un conglom\u00e9rat d\u2019aventuriers. Dans les aventuriers, vous avez des infiltr\u00e9s, vous avez des mercenaires, vous avez d es opportunistes, mais certains les appellent des gouvernants. Non.<br \/>\nCe conglom\u00e9rat d\u2019aventuriers tient un discours qui le fait passer pour un gouvernement. Mende, pour avoir \u00e9t\u00e9 membre du RCD, pour avoir s\u00e9journ\u00e9 au Rwanda, connaissait les v\u00e9ritables origines de Ntaganda, mais il faisait croire aux congolais qu\u2019il ne savait pas et que c\u2019est la CPI qui lui en a apport\u00e9 l\u2019information.<\/p><\/blockquote>\n<p><strong>Sur le soutien des occidentaux \u00e0 Paul Kagame<\/strong><\/p>\n<blockquote><p>Il y a parmi les occidentaux des hommes et des femmes qui essaient de dire leur part de v\u00e9rit\u00e9 et qui ne caressent plus Kagam\u00e9 dans le sens du poil.\u00a0Souvent nous mettons d\u2019une part, les africains soucieux de l\u2019avenir de leur continent, et d\u2019autre part, les m\u00e9chants occidentaux. Non. Aujourd\u2019hui, nous pouvons dire que nous avons des alli\u00e9s en Occident et il est important de rester \u00e0 l\u2019\u00e9coute de ces derniers.<br \/>\nN\u2019eut \u00e9t\u00e9 certaines pressions de certains occidentaux sur le gouvernement fant\u00f4che de Kinshasa, Ntaganda n\u2019aurait jamais \u00e9t\u00e9 livr\u00e9 \u00e0 la cour p\u00e9nale internationale. Le proc\u00e8s peut \u00eatre biais\u00e9, mais symboliquement c\u2019est d\u00e9j\u00e0 quelque chose.<br \/>\nL\u2019histoire est ainsi cr\u00e9\u00e9e, il y a d\u2019une part les vainqueurs qui \u00e9crivent et d\u2019autre part, les amis des vaincus qui essaient de fouiner pour pouvoir dire leur part de v\u00e9rit\u00e9.<\/p><\/blockquote>\n<p><strong>Sur le r\u00f4le de l\u2019Union Europ\u00e9enne au Congo<\/strong><\/p>\n<blockquote><p>Les discours officiels de grands ensembles comme l\u2019Union Europ\u00e9enne sont des discours pour amuser la galerie. Comment voulez-vous qu\u2019une Europe g\u00e9r\u00e9e par les oligarchies de l\u2019argent et qui travailler \u00e0 la perte de souverainet\u00e9 de plusieurs pays en son sein irait plaider la cause de la d\u00e9mocratie et de l\u2019opposition au Congo ?<br \/>\nL\u2019intervention de l\u2019UE dans les affaires congolaises montre toutefois que le Congo est un pays colonis\u00e9, n\u00e9ocolonis\u00e9 qui n\u2019a de compte \u00e0 rendre qu\u2019\u00e0 ses parrains et n\u2019a que faire des congolais. Il suffit que l\u2019Union europ\u00e9enne parle, il suffit que les USA parlent, le gouvernement congolais s\u2019ex\u00e9cute et \u00e7a sort directement dans les m\u00e9dias. Il y a quelque chose qui ne va pas.<\/p><\/blockquote>\n<p><strong>Sur le scandale du d\u00e9tournement d\u2019argent \u00e0 l\u2019assembl\u00e9e nationale congolaise<\/strong><\/p>\n<blockquote><p>Des d\u00e9tournements d\u2019argent \u00e0 l\u2019assembl\u00e9e nationale ? Cela ne peut \u00e9tonner que des na\u00effs. Le Congo d\u2019aujourd\u2019hui est fond\u00e9 sur la corruption, le mensonge, le vol, le bradage du patrimoine commun. Il faut que ces gens soient corrompus pour qu\u2019ils votent des lois contre leur propre pays. Mais ceux qui orchestrent la mort du Congo aiment cela. Comme ceux qui op\u00e8rent de l\u2019ext\u00e9rieur savent que nous sommes faibles, que nous sommes corruptibles, que nous savons voler l\u2019argent de notre propre pays, ils en profitent.<br \/>\nSi nous ne rompons pas avec ce genre d\u2019hommes et de femmes, le Congo ne sortira jamais du bourbier. Il faudrait que nous ayons nos Chavez, nos Poutine, nos Evo Morales. Cela se pr\u00e9pare et les congolais doivent pouvoir y travailler.<\/p><\/blockquote>\n<p><strong>Sur le cas Diomi Ndongala<\/strong><\/p>\n<blockquote><p>Il n\u2019y a pas de politique au Congo, il y a de la mafia. Quel est le p\u00each\u00e9 des Diomi Ndongala, Fernando Koutino, etc. ? C\u2019est celui de compter parmi les dignes fils du Congo et d\u2019avoir la capacit\u00e9 de dire \u00ab le Congo est notre pays et nous devons le sauver \u00bb.<br \/>\nDiomi a mis le doigt sur la plaie. Et vous remarquez que les institutions comme l\u2019Union Europ\u00e9enne ne parlent pas du cas de Diomi Ndongala. M\u00eame s\u2019ils d\u00e9cident de tuer Ndongala, on ne peut pas tuer la v\u00e9rit\u00e9.<\/p><\/blockquote>\n<p>&nbsp;<\/p>\n<p>&nbsp;\t\t<\/p>\n","protected":false},"excerpt":{"rendered":"<p>L\u2019analyste politique Jean-Pierre Mbelu rappelle pourquoi les r\u00e9v\u00e9lations r\u00e9centes de Ntaganda \u00e0 la Cour P\u00e9nale Internationale n\u2019en sont pas, d\u00e9crypte le r\u00f4le de la justice internationale et des puissances occidentales dans la guerre au Congo et le g\u00e9nocide rwandais, expose les sources des multiples guerres sur le territoire congolais et la situation des infiltr\u00e9s rwandais [&hellip;]<\/p>\n","protected":false},"author":1,"featured_media":6369,"comment_status":"open","ping_status":"open","sticky":false,"template":"","format":"standard","meta":{"_acf_changed":false,"content-type":"","footnotes":""},"categories":[107,124],"tags":[],"class_list":["post-6368","post","type-post","status-publish","format-standard","has-post-thumbnail","hentry","category-analyses-commentaires","category-politique-societe"],"acf":[],"_links":{"self":[{"href":"https:\/\/congolobilelo.com\/IN\/wp-json\/wp\/v2\/posts\/6368","targetHints":{"allow":["GET"]}}],"collection":[{"href":"https:\/\/congolobilelo.com\/IN\/wp-json\/wp\/v2\/posts"}],"about":[{"href":"https:\/\/congolobilelo.com\/IN\/wp-json\/wp\/v2\/types\/post"}],"author":[{"embeddable":true,"href":"https:\/\/congolobilelo.com\/IN\/wp-json\/wp\/v2\/users\/1"}],"replies":[{"embeddable":true,"href":"https:\/\/congolobilelo.com\/IN\/wp-json\/wp\/v2\/comments?post=6368"}],"version-history":[{"count":0,"href":"https:\/\/congolobilelo.com\/IN\/wp-json\/wp\/v2\/posts\/6368\/revisions"}],"wp:featuredmedia":[{"embeddable":true,"href":"https:\/\/congolobilelo.com\/IN\/wp-json\/"}],"wp:attachment":[{"href":"https:\/\/congolobilelo.com\/IN\/wp-json\/wp\/v2\/media?parent=6368"}],"wp:term":[{"taxonomy":"category","embeddable":true,"href":"https:\/\/congolobilelo.com\/IN\/wp-json\/wp\/v2\/categories?post=6368"},{"taxonomy":"post_tag","embeddable":true,"href":"https:\/\/congolobilelo.com\/IN\/wp-json\/wp\/v2\/tags?post=6368"}],"curies":[{"name":"wp","href":"https:\/\/api.w.org\/{rel}","templated":true}]}}