{"id":6365,"date":"2014-02-15T09:02:24","date_gmt":"2014-02-15T09:02:24","guid":{"rendered":"http:\/\/www.ingeta.com\/?p=6365"},"modified":"2014-02-15T09:02:24","modified_gmt":"2014-02-15T09:02:24","slug":"conference-debat-genocide-silencieux-au-congo-21-mars-2014-a-lausanne","status":"publish","type":"post","link":"https:\/\/congolobilelo.com\/IN\/conference-debat-genocide-silencieux-au-congo-21-mars-2014-a-lausanne\/","title":{"rendered":"Conf\u00e9rence d\u00e9bat: &#8220;G\u00e9nocide silencieux au Congo&#8221; &#8211; 21 mars 2014 \u00e0 Lausanne"},"content":{"rendered":"<p>\t\t\t\t<a href=\"http:\/\/www.ingeta.com\/wp-content\/uploads\/2014\/02\/21032014-Lausanne.jpg\"><img loading=\"lazy\" decoding=\"async\" src=\"http:\/\/www.ingeta.com\/wp-content\/uploads\/2014\/02\/21032014-Lausanne-290x290.jpg\" alt=\"21032014-Lausanne\" width=\"290\" height=\"290\" class=\"alignleft size-thumbnail wp-image-6380\" \/><\/a>Conf\u00e9rence d\u00e9bat sur le th\u00e8me &#8220;Le g\u00e9nocide silencieux au Congo&#8221;.<\/p>\n<p>Avec comme intervenant:<br \/>\n&#8211; <strong>Patrick Mbeko<\/strong>, politologue et essayiste congolais. Auteur du livre \u201d Le Canada dans les guerres en Afrique centrale\u201d<br \/>\n&#8211; <strong>Charles Onana<\/strong>, journaliste d&#8217;investigation, sp\u00e9cialiste de l&#8217;Afrique et de la r\u00e9gion des Grands Lacs, auteur de nombreux livres dont &#8220;Europe, crimes et censure au Congo: les documents qui accusent&#8221;.<br \/>\n&#8211; <strong>Pierre P\u00e9an<\/strong>, journaliste d&#8217;investigation, auteur, entre autres, de \u201cCarnages : Les guerres secr\u00e8tes des grandes puissances en Afrique\u201d<br \/>\n\u2014\u2014\u2014\u2014\u2014-<br \/>\nLa date et l\u2019heure:<br \/>\nLe mercredi 21 mars 2014 \u00e0 19h45.<\/p>\n<p>\u2014\u2014\u2014\u2014\u2014-<br \/>\nLe lieu:<br \/>\nCentre pluriculturel et social d&#8217;Ouchy, Beau-Rivage 2, 1006 Lausanne, Suisse.<\/p>\n","protected":false},"excerpt":{"rendered":"<p>Conf\u00e9rence d\u00e9bat sur le th\u00e8me &#8220;Le g\u00e9nocide silencieux au Congo&#8221;. Avec comme intervenant: &#8211; Patrick Mbeko, politologue et essayiste congolais. Auteur du livre \u201d Le Canada dans les guerres en Afrique centrale\u201d &#8211; Charles Onana, journaliste d&#8217;investigation, sp\u00e9cialiste de l&#8217;Afrique et de la r\u00e9gion des Grands Lacs, auteur de nombreux livres dont &#8220;Europe, crimes et [&hellip;]<\/p>\n","protected":false},"author":1,"featured_media":6380,"comment_status":"open","ping_status":"open","sticky":false,"template":"","format":"standard","meta":{"_acf_changed":false,"content-type":"","footnotes":""},"categories":[145,124,127,164],"tags":[],"class_list":["post-6365","post","type-post","status-publish","format-standard","has-post-thumbnail","hentry","category-conferences-salons","category-politique-societe","category-rencontresdebats","category-suisse"],"acf":[],"_links":{"self":[{"href":"https:\/\/congolobilelo.com\/IN\/wp-json\/wp\/v2\/posts\/6365","targetHints":{"allow":["GET"]}}],"collection":[{"href":"https:\/\/congolobilelo.com\/IN\/wp-json\/wp\/v2\/posts"}],"about":[{"href":"https:\/\/congolobilelo.com\/IN\/wp-json\/wp\/v2\/types\/post"}],"author":[{"embeddable":true,"href":"https:\/\/congolobilelo.com\/IN\/wp-json\/wp\/v2\/users\/1"}],"replies":[{"embeddable":true,"href":"https:\/\/congolobilelo.com\/IN\/wp-json\/wp\/v2\/comments?post=6365"}],"version-history":[{"count":0,"href":"https:\/\/congolobilelo.com\/IN\/wp-json\/wp\/v2\/posts\/6365\/revisions"}],"wp:featuredmedia":[{"embeddable":true,"href":"https:\/\/congolobilelo.com\/IN\/wp-json\/"}],"wp:attachment":[{"href":"https:\/\/congolobilelo.com\/IN\/wp-json\/wp\/v2\/media?parent=6365"}],"wp:term":[{"taxonomy":"category","embeddable":true,"href":"https:\/\/congolobilelo.com\/IN\/wp-json\/wp\/v2\/categories?post=6365"},{"taxonomy":"post_tag","embeddable":true,"href":"https:\/\/congolobilelo.com\/IN\/wp-json\/wp\/v2\/tags?post=6365"}],"curies":[{"name":"wp","href":"https:\/\/api.w.org\/{rel}","templated":true}]}}