{"id":6360,"date":"2014-02-10T12:20:59","date_gmt":"2014-02-10T12:20:59","guid":{"rendered":"http:\/\/www.ingeta.com\/?p=6360"},"modified":"2014-02-10T12:20:59","modified_gmt":"2014-02-10T12:20:59","slug":"kamerhe-katumbi-kabila-differentes-facettes-dun-congo-failli-et-sous-occupation","status":"publish","type":"post","link":"https:\/\/congolobilelo.com\/IN\/kamerhe-katumbi-kabila-differentes-facettes-dun-congo-failli-et-sous-occupation\/","title":{"rendered":"Kamerhe, Katumbi, Kabila : Diff\u00e9rentes facettes d\u2019un Congo failli et sous occupation"},"content":{"rendered":"<p>\t\t\t\tL\u2019analyste politique Jean-Pierre Mbelu rappelle pourquoi il faut toujours replacer les \u00e9v\u00e8nements se d\u00e9roulant au Congo dans le contexte d\u2019un Etat failli et sous occupation, montre comment Vital Kamerhe, pris dans un feu qu\u2019il a lui-m\u00eame allum\u00e9, s\u2019inscrit dans l\u2019alternance avec Kabila et non dans la rupture avec le mod\u00e8le qui pr\u00e9vaut au Congo, et nous invite \u00e0 nous focaliser sur les questions de fonds au sujet du devenir du Congo : La question de la d\u00e9possession des congolais de la terre de leurs anc\u00eatres, la question de la partition et de la balkanisation de notre pays.<\/p>\n<p><iframe loading=\"lazy\" src=\"\/\/www.youtube.com\/embed\/moL6wLOyCa8\" height=\"315\" width=\"560\" allowfullscreen=\"\" frameborder=\"0\"><\/iframe><\/p>\n<p><strong>Sur le Congo en tant qu\u2019Etat failli et sous occupation<\/strong><\/p>\n<blockquote><p>A un certain moment, nous sommes nombreux \u00e0 oublier que le Congo est \u00e0 la fois un Etat failli, manqu\u00e9 et un pays sous occupation. Qui dit Etat failli dit Etat qui entretient la violence \u00e0 l\u2019endroit de ses propres populations et qui est aussi incapable de prot\u00e9ger ses citoyens contre la violence ext\u00e9rieure. Un Etat manqu\u00e9 est aussi cet Etat qui ne respecte ni les lois \u00e9dict\u00e9s par sa propre constitution, ni les lois dites internationales.<br \/>\nDans le contexte politique actuel du Congo, la violation des droits et libert\u00e9s fondamentales ne peut pas \u00eatre limit\u00e9e au seul cas de Vital de Kamerhe. Ainsi, nous faisons une fausse lecture de ce qui se passe au Congo actuellement. Est-ce que c\u2019est parce que Kamerhe est pr\u00e9sident d\u2019un parti politique qu\u2019il doit, en principe, b\u00e9n\u00e9ficier d\u2019un peu plus d\u2019attention que les autres congolais ?<br \/>\nUne chasse aux sorci\u00e8res est organis\u00e9e depuis un certain temps \u00e0 Kananga. Il semble qu\u2019aux derni\u00e8res nouvelles, ce sont les infiltr\u00e9s du CNDP \u00e0 Kananga qui organisent cette chasse aux sorci\u00e8res.<br \/>\nLe citoyen congolais Vital Kamerhe a des droits et des devoirs comme les autres citoyens, m\u00eame si certains compatriotes discutent autour de cette question. Mais ce n\u2019est pas parce qu\u2019il est pr\u00e9sident d\u2019un parti politique que le respect d\u00fb \u00e0 ses droits et libert\u00e9s fondamentales devrait prendre le pas sur le respect d\u00fb aux droits et libert\u00e9s des autres compatriotes congolais.<\/p><\/blockquote>\n<p><strong>Sur les difficult\u00e9s de Kamerhe avec le pouvoir de Kinshasa<\/strong><\/p>\n<blockquote><p>Vous avez aujourd\u2019hui des compatriotes qui estiment que le feu dans lequel Kamerhe est pris a \u00e9t\u00e9 allum\u00e9 par lui-m\u00eame. Kamerhe s\u2019est ins\u00e9r\u00e9 dans un processus vici\u00e9 et vicieux, il a soutenu Kabila en \u00e9crivant un livre, \u00ab Pourquoi j\u2019ai choisi Joseph Kabila \u00bb. Vous avez aussi un groupe de compatriotes qui estime qu\u2019il y a un certain acharnement \u00e0 l\u2019endroit de Kamerhe.<br \/>\nEnfin, il y a d\u2019autres compatriotes qui pensent que nous sommes en train d\u2019assister \u00e0 une distraction entre copains, qui ne doit pas \u00eatre prise au s\u00e9rieux comme probl\u00e8me politique.<br \/>\nSi Kamerhe se retrouve dans des situations o\u00f9 ses droits et libert\u00e9s sont viol\u00e9s, il peut comme tout autre citoyen poser ce probl\u00e8me. Mais combien de congolais aujourd\u2019hui ont \u00e9t\u00e9 d\u00e9log\u00e9s de leurs maisons sans qu\u2019on en parle ? Pire notre pays est sous occupation. Plusieurs congolais sont en train d\u2019\u00eatre d\u00e9log\u00e9s de la terre de leurs anc\u00eatres. Nos terres du Sud-Kivu, du Nord-Kivu, de l\u2019Ituri, sont en train de nous \u00e9chapper. Plusieurs parties de notre terre congolaise ont \u00e9t\u00e9 vendues comme carr\u00e9s miniers aux entreprises multinationales. Pourquoi tout d\u2019un coup, essayons-nous de faire comme si le d\u00e9logement et les difficult\u00e9s de Kamerhe \u00e9taient beaucoup plus importants que le fait que nous soyons en train de perdre notre terre ?<br \/>\nVoil\u00e0 pourquoi tout en ne n\u00e9gligeant pas ce qui est en train de se passer, il faut replacer tout cela dans un contexte beaucoup plus g\u00e9n\u00e9ral d\u2019un Etat failli, faisant partie d\u2019un r\u00e9seau transnational de pr\u00e9dation, qui organise la violence. Cela nous \u00e9vite de particulariser, personnaliser une question bien plus g\u00e9n\u00e9rale pour pouvoir le limiter \u00e0 quelques politiciens et de laisser tomber dans l\u2019oubli la question fondamentale : La question de la d\u00e9possession des congolais de la terre de leurs anc\u00eatres, la question de la partition et de la balkanisation de notre pays.<\/p><\/blockquote>\n<p><strong>Sur Vital Kamerhe et les m\u00e9dias<\/strong><\/p>\n<blockquote><p>Kamerhe communique bien ces difficult\u00e9s avec le pouvoir, il s\u2019exprime et il d\u00e9bat. Et tout ce qui lui arrive est aussit\u00f4t mis sur internet et via les m\u00e9dias dits dominants. Et cela soul\u00e8ve des questions. Pourquoi n\u2019a-t-il pas eu autant de d\u00e9bats, autant de m\u00e9dias qui se sont, par exemple, pench\u00e9s sur le cas de Diomi Ndongala, Gabriel Mokia, et de tous ces compatriotes qui croupissent en prison aujourd\u2019hui depuis que Laurent D\u00e9sir\u00e9 Kabila a \u00e9t\u00e9 assassin\u00e9.<br \/>\nCes espaces qui lui sont cr\u00e9\u00e9s dans les m\u00e9dias dominants comme Jeune Afrique ou l\u2019AFP ? Comment expliquer cela ? Quand nous savons que les m\u00e9dias dominants participent de l\u2019ordre n\u00e9olib\u00e9ral du monde, est-ce que ce ne sont pas les m\u00eames parrains qui avaient mobilis\u00e9 l\u2019AFDL qui nous jouent un jeu ?<br \/>\nComment expliquer que les m\u00eames qui sont en train de mettre le feu au poudre en Ukraine seraient des gentils personnes qui iraient relever le niveau de nos politiciens au Congo? Cela d\u2019autant plus que l\u00e0 o\u00f9 interviennent l\u2019USAID et National Democracy Institute (qui a financ\u00e9 les formations des partis comme l\u2019UNC et l\u2019UDPS, entre autres au Congo), il y a en g\u00e9n\u00e9ral apr\u00e8s de la casse. L\u2019un des pi\u00e8ges dans lequel l\u2019UNC s\u2019est laiss\u00e9 prendre, et qui lui co\u00fbte ce qui est en train de lui co\u00fbter maintenant, c\u2019est d\u2019avoir cru en un faux processus d\u00e9mocratique. Il n\u2019y a jamais eu de processus d\u00e9mocratique au Congo. Ils ne sont pas rendus compte \u00e0 temps, qu\u2019il y a une inversion s\u00e9mantique des mots. Des mots comme d\u00e9mocratie, coh\u00e9sion nationale, participation, droits de l\u2019homme, libert\u00e9s fondamentales, ne signifient absolument plus rien au Congo. Il y a une guerre de basse intensit\u00e9, de pr\u00e9dation, d\u2019agression qui bat son plein depuis les ann\u00e9es 1990, il n\u2019y a jamais eu de d\u00e9mocratie. Ce n\u2019est pas parce qu\u2019on a eu un semblant d\u2019\u00e9lections avec un corps \u00e9lectoral inconnu, qu\u2019on a une d\u00e9mocratie. Ce n\u2019est pas parce qu\u2019on a un parlement, corrompu, que l\u2019on peut parler de processus d\u00e9mocratique.<\/p><\/blockquote>\n<p><strong>Sur les relations entre Kamerhe et Kabila<\/strong><\/p>\n<blockquote><p>Kamerhe se laisse prendre \u00e0 son propre jeu. Au m\u00eame moment que Vital Kamerhe d\u00e9nonce le processus \u00e9lectoral de 2011, il dit aussi qu\u2019on ne va pas r\u00e9\u00e9crire l\u2019histoire. Il reconna\u00eet Kabila comme pr\u00e9sident de la r\u00e9publique, mais il a aussi dit que Kabila avait bourr\u00e9 les urnes. Il se laisse donc prendre dans un jeu o\u00f9 il reconna\u00eet un monsieur ill\u00e9gitime comme pr\u00e9sident de la r\u00e9publique. Quand vous \u00e9coutez Kamerhe dans la dur\u00e9e, vous sentez qu\u2019il est beaucoup plus dans l\u2019alternance et non dans l\u2019alternative. Or au Congo, nous n\u2019avons pas besoin d\u2019une alternance. Nous avons besoin d\u2019une alternative. Pourquoi ? Le mod\u00e8le \u00e9conomique qui pr\u00e9vaut chez nous est un mod\u00e8le qui organise la guerre de tous contre tous.<br \/>\nIl est important d\u2019op\u00e9rer certaines ruptures. Pas seulement avec le pouvoir ill\u00e9gitime, mais aussi avec ceux qui orchestr\u00e9 ce mod\u00e8le de pouvoir ill\u00e9gitime.<\/p><\/blockquote>\n<p><strong>Sur la corruption en politique et la balkanisation du Congo<\/strong><\/p>\n<blockquote><p>M\u00eame dans des pays o\u00f9 nous semblons croire qu\u2019il y a de la d\u00e9mocratie, le mod\u00e8le n\u00e9olib\u00e9ral a tout englouti.<br \/>\nQu\u2019est-ce que le Congo peut faire dans un monde o\u00f9, que ce soit aux USA, en France ou dans d\u2019autres pays europ\u00e9ens, les repr\u00e9sentants du peuple qui sont au pouvoir sont au service des oligarchies d\u2019argent ?<br \/>\nCe qui se passe au Congo en miniature, c\u2019est ce qui se passe dans la plupart des pays du monde aujourd\u2019hui. Ainsi, souvent nous nous trompons de partenaires quand nous avons, par exemple, \u00e0 apprendre une autre fa\u00e7on de faire de la politique. Au lieu de nous tourner vers l\u2019Am\u00e9rique latine, qui est tr\u00e8s avanc\u00e9e, on se laisse former par les am\u00e9ricains, alors que dans leur pays, il n\u2019y a plus de d\u00e9mocratie. Nous n\u2019avons pas d\u2019assembl\u00e9e nationale au Congo, nous avons des caisses de r\u00e9sonance des oligarques d\u2019argent, qui sont manipul\u00e9es \u00e0 dessein dans un syst\u00e8me qui vise sur le court, moyen et long terme, la balkanisation du Congo.<br \/>\nCette balkanisation est d\u00e9j\u00e0 r\u00e9alis\u00e9e au niveau \u00e9conomique, parce que les mati\u00e8res premi\u00e8res qui sont produites au Congo ne nous donnent pas la plus value qui pourrait \u00eatre redistribu\u00e9e entre nos populations.<br \/>\nCette balkanisation est d\u00e9j\u00e0 r\u00e9alis\u00e9e militairement, vous avez un groupe de militaires rwandais dans la plupart de nos camps.<br \/>\nMais malheureusement, nous discutons sur le sexe des anges, nous particularisons les questions politiques secondaires qui peuvent constituer des distractions face \u00e0 des questions de fond qui ne sont pas approfondies.<\/p><\/blockquote>\n<p><strong>Sur Mo\u00efse Katumbi et la pr\u00e9dation au Congo<\/strong><\/p>\n<blockquote><p>Avant qu\u2019il ne devienne gouverneur, Mo\u00efse Katumbi, \u00e9tait un homme d\u2019affaires. Quand Thierry Michel a sorti son film sur Mo\u00efse Katumbi, cela lui a cr\u00e9\u00e9 beaucoup de probl\u00e8mes. Mo\u00efse Katumbi est la face visible de l\u2019iceberg. Des Mo\u00efse Katumbi, il y en a au Congo par centaines. Nous avons effectivement de nombreux compatriotes qui vident le Congo de ses richesses, et qui mettent leur argent, \u00e0 l\u2019ext\u00e9rieur. Et c\u2019est cet argent qui nous revient resservi comme dons, comme aides, et qui devient une dette pour le pays et les g\u00e9n\u00e9rations futures. Mo\u00efse Katumbi est l\u2019arbre qui cache la for\u00eat de la pr\u00e9dation, telle qu\u2019elle se passe au Congo.<br \/>\nCe qui se passe au Congo, se passe aussi dans d\u2019autres pays, dont certains ont r\u00e9ussi \u00e0 y mettre fin. Nous pouvons tout en \u00e9tant originaux, nous pouvons chercher \u00e0 aller vers ces pays l\u00e0 pour nous informer, pour apprendre, pour leur poser cette question ci, par exemple : Comment est-ce que le socialisme du 21\u00e8me si\u00e8cle est en train de s\u2019enraciner en Am\u00e9rique latine au point de mobiliser, en d\u00e9but f\u00e9vrier, 33 pays dans ce qu\u2019on appelle aujourd\u2019hui la communaut\u00e9 \u00e9conomique des pays latino-am\u00e9ricains et des cara\u00efbes?<\/p><\/blockquote>\n","protected":false},"excerpt":{"rendered":"<p>L\u2019analyste politique Jean-Pierre Mbelu rappelle pourquoi il faut toujours replacer les \u00e9v\u00e8nements se d\u00e9roulant au Congo dans le contexte d\u2019un Etat failli et sous occupation, montre comment Vital Kamerhe, pris dans un feu qu\u2019il a lui-m\u00eame allum\u00e9, s\u2019inscrit dans l\u2019alternance avec Kabila et non dans la rupture avec le mod\u00e8le qui pr\u00e9vaut au Congo, et [&hellip;]<\/p>\n","protected":false},"author":1,"featured_media":6361,"comment_status":"open","ping_status":"open","sticky":false,"template":"","format":"standard","meta":{"_acf_changed":false,"content-type":"","footnotes":""},"categories":[107,124],"tags":[],"class_list":["post-6360","post","type-post","status-publish","format-standard","has-post-thumbnail","hentry","category-analyses-commentaires","category-politique-societe"],"acf":[],"_links":{"self":[{"href":"https:\/\/congolobilelo.com\/IN\/wp-json\/wp\/v2\/posts\/6360","targetHints":{"allow":["GET"]}}],"collection":[{"href":"https:\/\/congolobilelo.com\/IN\/wp-json\/wp\/v2\/posts"}],"about":[{"href":"https:\/\/congolobilelo.com\/IN\/wp-json\/wp\/v2\/types\/post"}],"author":[{"embeddable":true,"href":"https:\/\/congolobilelo.com\/IN\/wp-json\/wp\/v2\/users\/1"}],"replies":[{"embeddable":true,"href":"https:\/\/congolobilelo.com\/IN\/wp-json\/wp\/v2\/comments?post=6360"}],"version-history":[{"count":0,"href":"https:\/\/congolobilelo.com\/IN\/wp-json\/wp\/v2\/posts\/6360\/revisions"}],"wp:featuredmedia":[{"embeddable":true,"href":"https:\/\/congolobilelo.com\/IN\/wp-json\/"}],"wp:attachment":[{"href":"https:\/\/congolobilelo.com\/IN\/wp-json\/wp\/v2\/media?parent=6360"}],"wp:term":[{"taxonomy":"category","embeddable":true,"href":"https:\/\/congolobilelo.com\/IN\/wp-json\/wp\/v2\/categories?post=6360"},{"taxonomy":"post_tag","embeddable":true,"href":"https:\/\/congolobilelo.com\/IN\/wp-json\/wp\/v2\/tags?post=6360"}],"curies":[{"name":"wp","href":"https:\/\/api.w.org\/{rel}","templated":true}]}}