{"id":6337,"date":"2014-02-03T19:04:33","date_gmt":"2014-02-03T19:04:33","guid":{"rendered":"http:\/\/www.ingeta.com\/?p=6337"},"modified":"2014-02-03T19:04:33","modified_gmt":"2014-02-03T19:04:33","slug":"rupture-et-refondation-deux-mots-essentiels-pour-le-present-et-le-futur-des-congolais","status":"publish","type":"post","link":"https:\/\/congolobilelo.com\/IN\/rupture-et-refondation-deux-mots-essentiels-pour-le-present-et-le-futur-des-congolais\/","title":{"rendered":"Rupture et refondation : Deux mots essentiels pour le pr\u00e9sent et le futur des congolais"},"content":{"rendered":"<p>\t\t\t\tL\u2019analyste politique Jean-Pierre Mbelu revient sur l\u2019actualit\u00e9 politique en rapport avec le Congo, remet en question le r\u00f4le de donneur de le\u00e7ons que jouent les Etats-Unis d\u2019Am\u00e9rique, d\u00e9crypte l\u2019\u00e9conomie de guerre permanente des \u00e9lites occidentales et explique pourquoi nous devons cr\u00e9er un imaginaire alternatif.   <\/p>\n<p><iframe loading=\"lazy\" width=\"560\" height=\"315\" src=\"\/\/www.youtube.com\/embed\/eaiZxO-XrJY\" frameborder=\"0\" allowfullscreen><\/iframe> <\/p>\n<p><strong>Sur l\u2019accord cadre d\u2019Addis-Abeba<\/strong><\/p>\n<blockquote><p>Cet accord est le quanti\u00e8me ? Pourquoi ces pays signataires passent-ils d\u2019un accord \u00e0 un autre sans que la v\u00e9ritable paix, la v\u00e9ritable justice et la v\u00e9ritable stabilit\u00e9 puissent devenir ce qu\u2019il y a de mieux partag\u00e9 dans la sous-r\u00e9gion des grands lacs?<br \/>\nQuand ils se sont mis autour d\u2019une table pour signer cet accord l\u00e0, on n\u2019a pas vu une seule repr\u00e9sentation des multinationales qui pillent les richesses de la sous-r\u00e9gion et instrumentalisent les ethnies pour faire main basses sur les richesses du Congo.<br \/>\nTant que les v\u00e9ritables acteurs de cette guerre de basse intensit\u00e9 ne seront pas clairement, visiblement impliqu\u00e9s dans la recherche de la solution, il n\u2019y aura que le peuple congolais, mobilis\u00e9 dans son immense majorit\u00e9 et debout qui pourra renverser le rapport de force.<br \/>\nIl n\u2019est pas \u00e9tonnant que cet accord ne puisse pas aboutir \u00e0 des  r\u00e9sultats escompt\u00e9s. Il est sign\u00e9 par des marionnettes et a \u00e9t\u00e9 confectionn\u00e9 dans les bureaux de Washington, Londres, Paris ou de Bruxelles. Et ceux qui se sont retrouv\u00e9s autour de la table pour le signer n\u2019en connaissaient ni les tenants ni les aboutissants. Cet accord n\u2019est qu\u2019un jeu de dupes.<\/p><\/blockquote>\n<p><strong>Sur la visite de s\u00e9nateurs am\u00e9ricains \u00e0 Kigali<\/strong><\/p>\n<blockquote><p>Quand vous lisez les livres de Peter Dale Scott, \u00ab La machine de guerre am\u00e9ricaine \u00bb, mais aussi \u00ab La route vers le nouveau d\u00e9sordre mondial \u00bb vous comprenez que la plupart des d\u00e9cisions qui sont prises et ex\u00e9cut\u00e9es dans notre partie du continent, le sont dans les bureaux secrets de la CIA et du Pentagone.<br \/>\nQuand nous ne parvenons pas \u00e0 discerner ces ambitions secr\u00e8tes am\u00e9ricaines, quand nous n\u2019arrivons pas \u00e0 discerner le mode op\u00e9ratoire de l\u2019\u00e9lite dominante anglo-saxonne, nous risquons d\u2019\u00eatre constamment tourn\u00e9s en bourrique. Les am\u00e9ricains ne se g\u00eanent pas pour aller voir le bourreau de l\u2019Afrique centrale et dire, \u00ab c\u2019est notre meilleur ami \u00bb.<br \/>\nQuand vous remontez aux origines de la guerre de basse intensit\u00e9 au Congo, vous vous rendez compte que c\u2019est cette \u00e9lite anglo-saxonne qui la m\u00e8ne par Kagam\u00e9, Museveni et les autres n\u00e8gres de service interpos\u00e9s.\n<\/p><\/blockquote>\n<p><strong>Sur le r\u00f4le de donneur de le\u00e7ons des USA<\/strong><\/p>\n<blockquote><p>Quand en 2000, il y a eu une fausse \u00e9lection de George Bush Junior, qui est all\u00e9 donner des le\u00e7ons aux USA ? De quel droit cet Etat, USA, que Noam Chomsky classifie parmi les Etats manqu\u00e9s, qui tue les gens \u00e0 travers le monde, qui est tomb\u00e9 dans le d\u00e9ficit d\u00e9mocratique, peut-il venir donner des le\u00e7ons de d\u00e9mocratie aux Africains ?<br \/>\nComment voulez-vous que des dirigeants qui ont conduit leurs propres pays \u00e0 la ruine puissent avoir de le\u00e7on de politique \u00e0 donner aux autres ?<br \/>\nNous avons un probl\u00e8me en tant qu\u2019africains. C\u2019est nous qui devons nous engager dans le travail de la recr\u00e9ation d\u2019un imaginaire alternatif. Nous devons arr\u00eater d\u2019\u00eatre trait\u00e9 comme des sous-hommes \u00e0 qui les v\u00e9ritables humaines doivent donner et tracer une ligne \u00e0 suivre.<br \/>\nEt puis, le Congo n\u2019est pas une \u00eele. Comment est-ce que ces m\u00eames messieurs qui ont travaill\u00e9 \u00e0 la destruction de la Libye, avec ceux qu\u2019ils estiment aujourd\u2019hui \u00eatre des terroristes, comment ces m\u00eames messieurs qui ont d\u00e9truit l\u2019Afghanistan, comment ces m\u00eames messieurs qui ont d\u00e9truit une vieille civilisation comme la civilisation am\u00e9ricaine, comment ces m\u00eames messieurs qui sont en train d\u2019envoyer des armes aux terroristes qui d\u00e9truisent la Syrie, peuvent-ils se d\u00e9passer au Congo pour dispenser une \u00e9ducation politique qui sortirait le Congo de l\u2019\u00e9conomie de guerre o\u00f9 son \u00e9lite l\u2019a plong\u00e9e ? <\/p><\/blockquote>\n<p><strong>Sur l\u2019\u00e9conomie de guerre permanente des \u00e9lites occidentales<\/strong><\/p>\n<blockquote><p>Quand nous analysons la question africaine et la question congolaise, il faudrait que nous ayons toujours une large vue sur ce qui se passe au niveau mondial et que nous puissions nous poser, entre autres, ces questions : S\u2019ils ont d\u00e9truit la Libye, l\u2019Irak, l\u2019Afghanistan, pourquoi ne pourraient-ils pas le faire chez nous ? S\u2019ils ont divis\u00e9 le Soudan en deux, pourquoi ne le feraient-ils pas chez nous ? Leurs \u00e9conomies sont en perte de vitesse. Ils ont besoin de faire main basse sur nos ressources du sol et du sous-sol pour pouvoir relancer leurs \u00e9conomies, parce qu\u2019ils croient en l\u2019\u00e9conomie de la guerre permanente. Et cela d\u2019autant plus que le Japon et la Chine ont d\u00e9cid\u00e9 eux aussi de pouvoir se battre sur le sol africain. <\/p><\/blockquote>\n<p><strong>Sur l\u2019opposition congolaise et les enjeux essentiels pour le Congo<\/strong><\/p>\n<blockquote><p>Quelles sont les questions fondamentales auxquelles notre pays doit faire aujourd\u2019hui ? Est-ce que les \u00e9lections constituent une question fondamentale pour le Congo. Cette fameuse opposition congolaise fait le jeu de ceux qui occupent le Congo.<br \/>\nUne des questions essentielles aujourd\u2019hui est celui du passage du Congo d\u2019un Etat failli et sous-tutelle \u00e0 un Etat national et souverain. Comment voulez-vous organiser des \u00e9lections au c\u0153ur d\u2019un Etat sous occupation ? Comment pouvons-nous nous mobiliser et nous organiser pour que la tutelle de ce pays sous laquelle le Congo se trouve depuis novembre 1999 puisse prendre fin afin que les dignes filles et fils de ce pays se retrouvent, mettent en place une assembl\u00e9e constituante et une constitution qui pourrait imaginer des m\u00e9canismes de contr\u00f4le qui pourraient par exemple conduire \u00e0 chef de l\u2019Etat \u00e0 quitter ses fonctions s\u2019il n\u2019arrive pas \u00e0 r\u00e9pondre aux ses promesses \u00e9lectorales.<br \/>\nCe qu\u2019il nous faut aujourd\u2019hui, c\u2019est une rupture avec le mod\u00e8le soci\u00e9tal actuel. Le Congo actuel est un Etat honteux, il faut en sortir en initiant des grandes ruptures pour refonder un Etat responsable et souverain.<\/p><\/blockquote>\n<p><strong>Sur la n\u00e9cessit\u00e9 d\u2019un imaginaire alternatif<\/strong><\/p>\n<blockquote><p>Nous ne devons pas perdre de vue que ceux qui font la guerre \u00e0 la sous-r\u00e9gion des Grands Lacs africains ne font pas la guerre tout simplement au Congo, ils font la guerre \u00e0 toute l\u2019Afrique. Leur cauchemar serait de voir l\u2019Afrique se tourner vers le panafricanisme des peuples. Ils utilisent donc une arme \u00e0 laquelle ils ont toujours eu recours, celle de diviser pour r\u00e9gner. Pendant que vous vous ha\u00efssez \u00e0 mort, vous ne pouvez rien construire ensemble. Pendant ce temps l\u00e0, on parle d\u2019Union Europ\u00e9enne, on parle des Etats-Unis d\u2019Am\u00e9rique, on parle de la Chine populaire, on parle de l\u2019Inde, on parle du Br\u00e9sil, chez nous on parle encore de pays qui se battent follement, b\u00eatement, depuis pr\u00e8s de 20 ans. Il faut rompre avec tout cela. Mais il faut surtout que cela passe par une justice r\u00e9paratrice et r\u00e9conciliatrice.<br \/>\nPendant que les autres pays essaient de voir comment ils peuvent r\u00e9partir les richesses qu\u2019ils produisent, comment ils peuvent cr\u00e9er des emplois pour leurs jeunesses, comment ils peuvent assurer les droits \u00e9conomiques, sociaux et culturels de leurs peuples, dans nos pays, nous sommes instrumentalis\u00e9s et nous ne faisons que nous faire la guerre. On doit rompre avec cela. Voil\u00e0 pourquoi nous avons besoin d\u2019un imaginaire alternatif qui va nous permettre de dire non \u00e0 ceux qui voudraient nous entra\u00eener dans une (\u00e9conomie de) guerre permanente.<\/p><\/blockquote>\n<p><strong>Sur la rupture entre la diaspora congolaise et les repr\u00e9sentants du gouvernement congolais<\/strong><\/p>\n<blockquote><p>Mova, l&#8217;ambassadeur de la RDC pour le Benelux, est un monsieur intelligent. Mais comme avec tous ces gens intelligents dont le Congo regorge, on se pose la question : A quoi sert leur intelligence ?<br \/>\nSur le d\u00e9samour entre lui et la diaspora congolaise, la bonne question est : qu\u2019est-ce qui justifie ce d\u00e9samour ?<br \/>\nEst-ce que l\u2019ambassadeur repr\u00e9sente le Congo ou un conglom\u00e9rat d\u2019aventuriers op\u00e9rant \u00e0 partir de Kinshasa ? Est-ce que les congolais se reconnaissent dans ceux qui pr\u00e9tendent gouverner le Congo aujourd\u2019hui ?<br \/>\nIl y a une rupture totale entre ceux qui g\u00e8rent plus que bien le pays aujourd\u2019hui et la diaspora congolaise. La diaspora congolaise ne se reconna\u00eet pas dans ces gouvernants l\u00e0. Les espoirs qui avaient mobilis\u00e9 les congolais en 2011 ont \u00e9t\u00e9 d\u00e9\u00e7us. Comment voulez-vous que cette diaspora dont les espoirs ont \u00e9t\u00e9 d\u00e9\u00e7us se retrouve dans les gouvernants qui ont d\u00e9\u00e7u ces espoirs? Sans rupture et refondation du Congo sur des bases souveraines, la diaspora congolaise ne va pas se r\u00e9concilier avec ceux qui repr\u00e9sentent le conglom\u00e9rat d\u2019aventuriers de Kinshasa. <\/p><\/blockquote>\n","protected":false},"excerpt":{"rendered":"<p>L\u2019analyste politique Jean-Pierre Mbelu revient sur l\u2019actualit\u00e9 politique en rapport avec le Congo, remet en question le r\u00f4le de donneur de le\u00e7ons que jouent les Etats-Unis d\u2019Am\u00e9rique, d\u00e9crypte l\u2019\u00e9conomie de guerre permanente des \u00e9lites occidentales et explique pourquoi nous devons cr\u00e9er un imaginaire alternatif. Sur l\u2019accord cadre d\u2019Addis-Abeba Cet accord est le quanti\u00e8me ? Pourquoi [&hellip;]<\/p>\n","protected":false},"author":1,"featured_media":6338,"comment_status":"open","ping_status":"open","sticky":false,"template":"","format":"standard","meta":{"_acf_changed":false,"content-type":"","footnotes":""},"categories":[107,124],"tags":[],"class_list":["post-6337","post","type-post","status-publish","format-standard","has-post-thumbnail","hentry","category-analyses-commentaires","category-politique-societe"],"acf":[],"_links":{"self":[{"href":"https:\/\/congolobilelo.com\/IN\/wp-json\/wp\/v2\/posts\/6337","targetHints":{"allow":["GET"]}}],"collection":[{"href":"https:\/\/congolobilelo.com\/IN\/wp-json\/wp\/v2\/posts"}],"about":[{"href":"https:\/\/congolobilelo.com\/IN\/wp-json\/wp\/v2\/types\/post"}],"author":[{"embeddable":true,"href":"https:\/\/congolobilelo.com\/IN\/wp-json\/wp\/v2\/users\/1"}],"replies":[{"embeddable":true,"href":"https:\/\/congolobilelo.com\/IN\/wp-json\/wp\/v2\/comments?post=6337"}],"version-history":[{"count":0,"href":"https:\/\/congolobilelo.com\/IN\/wp-json\/wp\/v2\/posts\/6337\/revisions"}],"wp:featuredmedia":[{"embeddable":true,"href":"https:\/\/congolobilelo.com\/IN\/wp-json\/"}],"wp:attachment":[{"href":"https:\/\/congolobilelo.com\/IN\/wp-json\/wp\/v2\/media?parent=6337"}],"wp:term":[{"taxonomy":"category","embeddable":true,"href":"https:\/\/congolobilelo.com\/IN\/wp-json\/wp\/v2\/categories?post=6337"},{"taxonomy":"post_tag","embeddable":true,"href":"https:\/\/congolobilelo.com\/IN\/wp-json\/wp\/v2\/tags?post=6337"}],"curies":[{"name":"wp","href":"https:\/\/api.w.org\/{rel}","templated":true}]}}