{"id":6326,"date":"2014-01-26T19:39:00","date_gmt":"2014-01-26T19:39:00","guid":{"rendered":"http:\/\/www.ingeta.com\/?p=6326"},"modified":"2014-01-26T19:39:00","modified_gmt":"2014-01-26T19:39:00","slug":"la-rd-congo-et-le-syndrome-du-larbinisme","status":"publish","type":"post","link":"https:\/\/congolobilelo.com\/IN\/la-rd-congo-et-le-syndrome-du-larbinisme\/","title":{"rendered":"La RD Congo et le syndrome du larbinisme"},"content":{"rendered":"<p>\t\t\t\tL\u2019analyste politique Jean-Pierre Mbelu souligne comment le processus de balkanisation du Congo est toujours d\u2019actualit\u00e9 et suit son cours, notamment \u00e0 travers les \u00ab loups de la kabilie \u00bb qui se mangent entre nous, et explique pourquoi il est primordial, pour les congolais, de se battre contre le syndrome du larbin qui affecte un trop grand nombre de nos patriotes.<\/p>\n<p><iframe loading=\"lazy\" src=\"\/\/www.youtube.com\/embed\/G6O5267VWQc\" height=\"360\" width=\"560\" allowfullscreen=\"\" frameborder=\"0\"><\/iframe><\/p>\n<p><strong>Sur les 13 ans de Joseph Kabila \u00e0 \u00ab la t\u00eate \u00bb de la RDC<\/strong><br \/>\nCertains d\u2019entre nous ont avalis\u00e9 un coup d\u2019Etat qui a \u00e9t\u00e9 orchestr\u00e9 par les alli\u00e9s majeurs et assum\u00e9 par ceux que ces derniers ont appel\u00e9 \u00ab leaders de la renaissance africaine \u00bb : Museveni et Kagam\u00e9. Dans un premier temps, le coup d\u2019Etat a consist\u00e9 \u00e0 faire de Laurent-D\u00e9sir\u00e9 Kabila leur pantin pour l\u2019exploitation des ressources du sol et du sous-sol congolais, en tuant \u00e9norm\u00e9ment de rwandais et de congolais. Puis, apr\u00e8s l\u2019assassinant de Laurent-D\u00e9sir\u00e9 Kabila, ce coup a consist\u00e9 \u00e0 mettre, \u00e0 imposer \u00e0 la t\u00eate du pays, avec la complicit\u00e9 de ceux que nous d\u00e9nommons alli\u00e9s majeurs, ceux qui ont commandit\u00e9 la guerre de basse intensit\u00e9 qui s\u00e9vit au Congo, Joseph Kabila. Cela a \u00e9t\u00e9 une catastrophe.<\/p>\n<p><strong>Sur les difficult\u00e9s rencontr\u00e9es par les proches de Laurent-D\u00e9sir\u00e9 Kabila aujourd\u2019hui avec \u00ab le pouvoir \u00bb de Kinshasa.<\/strong><br \/>\nIl y a un drame qui s\u2019aggrave aujourd\u2019hui au c\u0153ur de l\u2019Afrique. Les loups sont en train de se manger entre eux. Apr\u00e8s avoir accueilli Joseph Kabila comme fils de Laurent-D\u00e9sir\u00e9 Kabila, apr\u00e8s avoir \u00e9t\u00e9 impliqu\u00e9 dans certaines de ses combines, Joseph Kabila a estim\u00e9 qu\u2019il pouvait rompre avec une partie de ceux qui l\u2019avaient port\u00e9 au pouvoir. Et nous devons faire attention.<br \/>\nLe danger est de faire de cette histoire, l\u2019histoire de Joseph Kabila avec les Katangais. Kabila a juste quelques diff\u00e9rents \u00e0 r\u00e9gler avec certains membres de son r\u00e9seau. Le r\u00e9seau est plus \u00e9tendu que la petite sph\u00e8re des Katangais. Et puis, cela pourrait \u00eatre aussi de la diversion et un moyen de contribuer \u00e0 la balkanisation du pays. Ce projet de Balkanisation est toujours en marche.\u00a0Ceux qui font ce jeu l\u00e0 cherchent \u00e0 nous convaincre que le pouvoir fant\u00f4che de Kinshasa est g\u00e9r\u00e9 aujourd\u2019hui par les Katangais, en oubliant que le r\u00e9seau transnational est plus \u00e9tendu que nos tribus et nos ethnies.<br \/>\nMais maintenant que certains loups ont \u00e9t\u00e9 humili\u00e9s qu\u2019elle va \u00eatre la suite ? Si ce n\u2019est pas le processus de balkanisation du pays qui se poursuit, il se pourrait que les loups humili\u00e9s se vengent. Si, c\u2019est le processus de balkanisation, ils pourront \u00eatre r\u00e9cup\u00e9r\u00e9s, \u00e0 l\u2019un ou l\u2019autre moment de ce processus. Cela d\u2019autant plus que ce n\u2019est pas Joseph Kabila qui tire seul les ficelles. Il y a toujours les commanditaires de la guerre dans l\u2019ombre.\u00a0Ainsi les tergiversations de Kinshasa dans le cas du G\u00e9n\u00e9ral John Numbi seraient li\u00e9es au fait que 1. Les tireurs de ficelle soufflent le chaud et le froid, et 2. John Numbi en sait trop et il pourrait mettre les secrets qu\u2019il conna\u00eet sur la place publique.<\/p>\n<p><strong>Sur le business de la guerre \u00e0 l\u2019Est de la RDC<\/strong><br \/>\nRevenons au rapport Kassem de 2002. Ce rapport \u00e9claire comme l\u2019eau de roche ce qui se passe chez nous, c&#8217;est-\u00e0-dire, une op\u00e9ration de pr\u00e9dation, de vol, entretenue parce que ce rapport Kassem a d\u00e9nomm\u00e9 le r\u00e9seau d\u2019\u00e9lite. Nous ne lisons pas. Nous oublions vite, apr\u00e8s nous faisons comme s\u2019il y avait des nouveaut\u00e9s dans ce qui se passe \u00e0 l\u2019Est de notre pays. Il n\u2019y a rien de neuf sous le soleil congolais \u00e0 l\u2019Est du pays.<br \/>\nC\u2019est une guerre d\u2019agression et de pr\u00e9dation. C\u2019est une guerre qui cherche \u00e0 se d\u00e9barrasser le plus possible des populations congolaises dans les zones riches en ressources, \u00e0 y installer les clients des multinationales, hauts grad\u00e9s de l\u2019arm\u00e9e et hauts fonctionnaires des institutions des quatre pays impliqu\u00e9s dans cette guerre. La guerre de basse intensit\u00e9 est rest\u00e9e la m\u00eame quant \u00e0 ses objectifs.<\/p>\n<p><strong>Sur le cas Malu-Malu et le processus \u00e9lectoral au Congo<\/strong><br \/>\nMalu Malu est un monsieur d\u00e9savou\u00e9 par le corps auquel il appartient (la conf\u00e9rence \u00e9piscopale nationale du Congo). Il a fait voter le Congo avec un corps \u00e9lectoral inconnu, il a travaill\u00e9 \u00e0 la pr\u00e9sidence-os du Congo. Il est all\u00e9 \u00e0 plusieurs reprises \u00e0 Kampala comme membre du gouvernement congolais, en tant qu\u2019expert. Comment voulez-vous qu\u2019un tel monsieur puisse organiser des \u00e9lections idoines ?<br \/>\nAu Congo, il n\u2019y a pas d\u2019\u00e9lections, il y a vente ou achat de voix et de consciences. Tant que nous n\u2019aurons pas ferm\u00e9 la parenth\u00e8se qui s\u2019est ouverte depuis 1996, il n\u2019y aura pas d\u2019\u00e9lections au Congo.<br \/>\nPendant qu\u2019on nous dit que le Congo conna\u00eet une forte croissance \u00e9conomique, on va aller mendier de l\u2019argent en Belgique (\u00e0 l\u2019Union Europ\u00e9enne) pour organiser les \u00e9lections?<\/p>\n<p><strong>Sur le bilan de 2013 du gouvernement Matata et le syndrome du larbinisme<\/strong><br \/>\nAvec Matata, nous sommes tomb\u00e9s dans le larbinisme. Et nous avons plusieurs larbins aujourd\u2019hui au Congo. Le syndrome du larbin est un comportement pathologique visant \u00e0 prendre syst\u00e9matiquement la d\u00e9fense des classes des plus favoris\u00e9s au d\u00e9triment de celles auxquelles on appartient. Ce syndrome diminue les capacit\u00e9s d\u2019analyses du larbin et se traduit par un blocage psychologique l\u2019incitant \u00e0 agir pr\u00e9f\u00e9rentiellement contre ses propres int\u00e9r\u00eats et au profit de ceux qui l\u2019exploitent.<br \/>\nMatata agit contre les int\u00e9r\u00eats du peuple congolais au profit du r\u00e9seau de pr\u00e9dation qui exploite ce peuple. Aujourd\u2019hui, au Congo, nous comptons beaucoup de larbins. C\u2019est contre cette pathologie l\u00e0 que nous devons nous battre. La v\u00e9ritable guerre est l\u00e0. Le larbinisme a gagn\u00e9 les c\u0153urs et les esprits de plusieurs congolais.<br \/>\nOn les entend dans nos quartiers crier \u00ab Ra\u00efs !! Ra\u00efs !! \u00bb mais ils n\u2019ont rien ni m\u00eame o\u00f9 dormir. Ils n\u2019ont pas un salaire, ils ne peuvent pas envoyer leurs enfants \u00e0 l\u2019\u00e9cole. Mais comme ils sont malades et souffrent du larbinisme, ils vont crier ra\u00efs. C\u2019est un peu ce que font les Matata Ponyo et les membres du gouvernement fant\u00f4che. Il ne sera pas facile de soigner tous ces malades.<\/p>\n<p><strong>Sur les populations \u00e0 l\u2019Est du Congo<\/strong><br \/>\nNous devrions \u00eatre de certains de nos compatriotes dans l\u2019Est du Congo. Si nous n\u2019avions pas l\u2019Est, peut-\u00eatre que le Congo n\u2019existerait plus. Ce sont ces gens de l\u2019Est qui connaissent d\u2019o\u00f9 vient le danger. Ce sont encore les jeunes de l\u2019Est qui se sont lev\u00e9s pour exiger un proc\u00e8s public autour de la mort de Mamadou Ndala. Ce n\u2019est donc pas pour rien, qu\u2019il y a des gens qui y sont aussi corrompus pour qu\u2019ils fassent le travail des pr\u00e9dateurs. Mais le larbinisme n\u2019est en aucun cas sp\u00e9cifique aux gens de l\u2019Est du Congo.<\/p>\n<p><strong>Sur le nouveau rapport d\u2019Human Right Watch et la question des archives<\/strong><br \/>\nQu\u2019est-ce que ce rapport apporte ? Une nouvelle documentation pour nos archives. Ces rapports pourront parler un jour et on pourrait m\u00eame demander \u00e0 ceux qui les r\u00e9digent, comment en r\u00e9digeant ces rapports, ils ont pu coop\u00e9rer avec ceux qui \u00e9taient tomb\u00e9s dans la barbarie et l\u2019ensauvagement et tuaient les Congolais?<br \/>\nAujourd\u2019hui tout le monde lutte contre l\u2019antis\u00e9mitisme, mais pendant qu\u2019on tuait les juifs, certains ont coop\u00e9r\u00e9. IBM a coop\u00e9r\u00e9. Ford a coop\u00e9r\u00e9. Il y aura un jour une th\u00e9orie anti-congolais, comme il y a l\u2019antis\u00e9mitisme aujourd\u2019hui.\u00a0Aucun peuple n\u2019a \u00e9t\u00e9 autant maltrait\u00e9, m\u00e9pris\u00e9, tu\u00e9 comme les Congolais.\u00a0Tous ceux qui participent aux massacres des congolais devront pouvoir r\u00e9pondre de leurs crimes, m\u00eame \u00e0 titre posthume. Voil\u00e0 pourquoi nous devons op\u00e9rer au-del\u00e0 du court-termisme.<br \/>\nLe Congo, c\u2019est le c\u0153ur de l\u2019Afrique. L\u2019Afrique est le c\u0153ur du Monde. Aujourd\u2019hui, ils nous disent l\u2019Afrique, c\u2019est l\u2019avenir du monde. Mais l\u2019avenir du monde, pour eux, pas pour nous.\u00a0On nous tuera, on nous maltraitera, mais un jour, l\u2019un d\u2019entre nous dira comme cet indien : \u00ab Vous ne faites que me tuer, je reviendrai et je serai des millions \u00bb. L\u2019Afrique a tout apport\u00e9 au Monde, l\u2019Afrique a nourri le monde. Et il va survivre \u00e0 la barbarie de ces ingrats qui ont instrumentalit\u00e9 un certain nombre d\u2019entre nous pour pouvoir faire dispara\u00eetre l\u2019Afrique de la carte du monde. Et le Congo finira par gagner cette guerre.<\/p>\n<p>&nbsp;\t\t<\/p>\n","protected":false},"excerpt":{"rendered":"<p>L\u2019analyste politique Jean-Pierre Mbelu souligne comment le processus de balkanisation du Congo est toujours d\u2019actualit\u00e9 et suit son cours, notamment \u00e0 travers les \u00ab loups de la kabilie \u00bb qui se mangent entre nous, et explique pourquoi il est primordial, pour les congolais, de se battre contre le syndrome du larbin qui affecte un trop [&hellip;]<\/p>\n","protected":false},"author":1,"featured_media":6327,"comment_status":"open","ping_status":"open","sticky":false,"template":"","format":"standard","meta":{"_acf_changed":false,"content-type":"","footnotes":""},"categories":[107,124],"tags":[],"class_list":["post-6326","post","type-post","status-publish","format-standard","has-post-thumbnail","hentry","category-analyses-commentaires","category-politique-societe"],"acf":[],"_links":{"self":[{"href":"https:\/\/congolobilelo.com\/IN\/wp-json\/wp\/v2\/posts\/6326","targetHints":{"allow":["GET"]}}],"collection":[{"href":"https:\/\/congolobilelo.com\/IN\/wp-json\/wp\/v2\/posts"}],"about":[{"href":"https:\/\/congolobilelo.com\/IN\/wp-json\/wp\/v2\/types\/post"}],"author":[{"embeddable":true,"href":"https:\/\/congolobilelo.com\/IN\/wp-json\/wp\/v2\/users\/1"}],"replies":[{"embeddable":true,"href":"https:\/\/congolobilelo.com\/IN\/wp-json\/wp\/v2\/comments?post=6326"}],"version-history":[{"count":0,"href":"https:\/\/congolobilelo.com\/IN\/wp-json\/wp\/v2\/posts\/6326\/revisions"}],"wp:featuredmedia":[{"embeddable":true,"href":"https:\/\/congolobilelo.com\/IN\/wp-json\/"}],"wp:attachment":[{"href":"https:\/\/congolobilelo.com\/IN\/wp-json\/wp\/v2\/media?parent=6326"}],"wp:term":[{"taxonomy":"category","embeddable":true,"href":"https:\/\/congolobilelo.com\/IN\/wp-json\/wp\/v2\/categories?post=6326"},{"taxonomy":"post_tag","embeddable":true,"href":"https:\/\/congolobilelo.com\/IN\/wp-json\/wp\/v2\/tags?post=6326"}],"curies":[{"name":"wp","href":"https:\/\/api.w.org\/{rel}","templated":true}]}}