{"id":6312,"date":"2014-01-20T17:57:48","date_gmt":"2014-01-20T17:57:48","guid":{"rendered":"http:\/\/www.ingeta.com\/?p=6312"},"modified":"2014-01-20T17:57:48","modified_gmt":"2014-01-20T17:57:48","slug":"la-memoire-de-lumumba-lheritage-politique-l-d-kabila-et-le-conglomerat-daventuriers","status":"publish","type":"post","link":"https:\/\/congolobilelo.com\/IN\/la-memoire-de-lumumba-lheritage-politique-l-d-kabila-et-le-conglomerat-daventuriers\/","title":{"rendered":"La m\u00e9moire de Lumumba, l\u2019h\u00e9ritage politique L-D Kabila et le conglom\u00e9rat d\u2019aventuriers en RDC : Pourquoi nous devons lutter contre l\u2019amn\u00e9sie collective"},"content":{"rendered":"<p>\t\t\t\tL\u2019analyste politique Jean-Pierre Mbelu revient sur la m\u00e9moire de Lumumba, d\u00e9crypte l\u2019h\u00e9ritage politique de Laurent-D\u00e9sir\u00e9 Kabila, rappelle \u00e0 travers <a href=\"http:\/\/www.youtube.com\/watch?v=A9gmhV13gUM\">les d\u00e9clarations r\u00e9centes de l\u2019ancien gouverneur du Kasa\u00ef occidental<\/a>, le fonctionnement du conglom\u00e9rat d\u2019aventuriers qui s\u00e9vit encore \u00e0 la t\u00eate du Congo et nous explique pourquoi nous devons davantage nous efforcer \u00e0 lutter contre notre amn\u00e9sie collective.<\/p>\n<p><iframe loading=\"lazy\" src=\"\/\/www.youtube.com\/embed\/5Rc7HLwmVBE\" height=\"360\" width=\"560\" allowfullscreen=\"\" frameborder=\"0\"><\/iframe><\/p>\n<p><strong>Sur la m\u00e9moire de Lumumba<\/strong><\/p>\n<blockquote><p>Lumumba est l\u2019un des rares politiciens congolais dignes de ce nom. Il est l\u2019un des rares \u00e0 avoir pos\u00e9 les probl\u00e8mes politiques congolais et africains r\u00e9els, entre autres : la question de la terre, congolaise et africaine, et de sa gestion, la question de l\u2019imp\u00e9rialisme et de la colonisation mais aussi la question du panafricanisme et de l\u2019organisation des oppositions au Congo et en Afrique. Il s\u2019est rendu compte \u00e0 un moment que compter sur la communaut\u00e9 internationale ne servait \u00e0 rien.<\/p><\/blockquote>\n<p><strong>Sur la c\u00e9l\u00e9bration de la m\u00e9moire de Lumumba par le pouvoir de Kinshasa ?<\/strong><\/p>\n<blockquote><p>Qu\u2019est-ce que la c\u00e9l\u00e9bration de Lumumba dans un pays tel que le Congo d\u2019aujourd\u2019hui peut signifier profond\u00e9ment ? [En dehors de la m\u00e9moire \u00e0 entretenir, ces c\u00e9l\u00e9brations seraient une mani\u00e8re de cracher sur la m\u00e9moire de Lumumba.] Lumumba avait lutt\u00e9 s\u00e9rieusement contre les pouvoirs imp\u00e9rialistes, n\u00e9ocolonialistes, or nous nous rendons compte, en analysant la vie au Congo aujourd\u2019hui que les pouvoirs fant\u00f4ches en place sont au service des pouvoirs imp\u00e9rialistes et n\u00e9ocolonialistes que Lumumba combattait. Ainsi c\u00e9l\u00e9brer la m\u00e9moire de Lumumba dans ce contexte, ce n\u2019est pas valoriser ce h\u00e9ros de notre ind\u00e9pendance. C\u00e9l\u00e9brer la m\u00e9moire au Congo aujourd\u2019hui serait un peu paradoxal. Mais entretenir la m\u00e9moire de Lumumba est indispensable surtout pour les jeunes g\u00e9n\u00e9rations qui n\u2019ont peut-\u00eatre pas une approche historique correcte de la lutte men\u00e9e par ce h\u00e9ros national.<\/p><\/blockquote>\n<p><strong>Sur l\u2018h\u00e9ritage politique de Laurent-d\u00e9sir\u00e9 Kabila<\/strong><\/p>\n<blockquote><p>Quand on passe en revue les textes et les vid\u00e9os de Laurent-D\u00e9sir\u00e9 Kabila, on se rend compte qu\u2019il avait une pens\u00e9e politique plus ou moins claire, mais ce qui semble avoir g\u00e2ch\u00e9 son approche politique, c\u2019est le fait de s\u2019\u00eatre laiss\u00e9 mener par les pays proxys des imp\u00e9rialistes, qui cherchaient \u00e0 faire main basse sur les ressources du sol et du sous-sol congolais. Et pour avoir pactis\u00e9 avec ces pays proxys, leurs mentors, leurs parrains et beaucoup d\u2019entreprises multinationales qui l\u2019ont accompagn\u00e9 au cours de la guerre men\u00e9e par ces pays proxys, cela a corrompu sa m\u00e9moire. Du point de vue (du calcul) politique et strat\u00e9gique, Laurent-D\u00e9sir\u00e9 Kabila ne semble pas avoir vu tr\u00e8s loin. Laurent-D\u00e9sir\u00e9 Kabila a facilit\u00e9 la mise en coupe r\u00e9gl\u00e9e du Congo.<br \/>\nA la t\u00eate du Congo cependant, Laurent-D\u00e9sir\u00e9 Kabila n\u2019avait pas tellement l\u2019initiative sur certaines questions. Il y avait les ma\u00eetres du jeu qui commandaient et qui commandent encore, tout en restant dans l\u2019ombre. D\u00e8s qu\u2019il a essay\u00e9 de n\u2019en faire qu\u2019\u00e0 sa t\u00eate en rompant avec les ma\u00eetres du jeu opp\u00e9rant dans l\u2019ombre, il a \u00e9t\u00e9 assassin\u00e9. Il ne faut pas non plus oublier que pour contrer les pays proxys qui avaient attaqu\u00e9 le Congo le 2 ao\u00fbt 1998, Laurent-D\u00e9sir\u00e9 Kabila avait appel \u00e0 des pays amis et non \u00e0 l\u2019ONU. C\u2019est quand les pays amis ont inflig\u00e9 des \u00e9checs cuisants aux pays proxys que l\u2019ONU est intervenue au Congo en 1999. Or depuis que l\u2019ONU est au Congo, rien n\u2019avance.<br \/>\nLaurent-D\u00e9sir\u00e9 Kabila avait quelques intuitions que l\u2019on pourrait approfondir. Il a r\u00e9ussi \u00e0 faire vivre le Congo pendant deux ans, sans l\u2019aide des institutions internationales. Les pays qui respectent leur souverainet\u00e9 aujourd\u2019hui sont ceux qui essaient de couper tous les ponts avec les institutions financi\u00e8res internationales. Le mod\u00e8le du socialisme du 21\u00e8me si\u00e8cle tel qu\u2019il est en train de s\u2019imposer dans les pays d\u2019Am\u00e9rique latine aujourd\u2019hui proc\u00e8de de cette fa\u00e7on l\u00e0.<\/p><\/blockquote>\n<p><strong>Sur l\u2019arrestation de l\u2019aide de camp du Colonel Ndala<\/strong><\/p>\n<blockquote><p>Lambert Mende \u00e9tait le premier \u00e0 affirmer que c\u2019\u00e9tait la r\u00e9bellion ougandaise qui avait tir\u00e9 sur le colonel Ndala. A-t-il modifi\u00e9 sa version depuis ? Parce qu\u2019entre temps, les faits disent totalement autre chose. Comment pouvez-vous expliquer qu\u2019on puisse tirer sur des journalistes en pleine ville de Kinshasa ? C\u2019est une \u00e9ni\u00e8me preuve de ce qu\u2019est devenu le Congo : une jungle dans laquelle tous les probl\u00e8mes, m\u00eame petits, se r\u00e8glent par des tirs. Nous sommes tomb\u00e9s dans un ensauvagement qui ne dit pas son nom.<br \/>\nComment voulez-vous qu\u2019un conglom\u00e9rat d\u2019aventuriers puisse mener \u00e0 bien des enqu\u00eates sur des questions qu\u2019il initie lui-m\u00eame ? Les morts de Chebeya, Ndala et d\u2019autres congolais font partie de tout un processus d\u2019extermination des congolais. Ce conglom\u00e9rat d\u2019aventuriers cr\u00e9e la peur et la terreur, extermine les congolais pour r\u00e9aliser la mission qui est la sienne : permettre \u00e0 ses parrains, aux entreprises multinationales, d\u2019occuper les terres congolaises et de faire main sur les richesses du pays.<\/p><\/blockquote>\n<p><strong>Sur le combat contre l\u2019amn\u00e9sie collective<\/strong><\/p>\n<blockquote><p>Nous devrions plut\u00f4t essayer de nous battre contre notre amn\u00e9sie collective au lieu de faire comme si un tronc d\u2019arbre, \u00e0 force de rester dans l\u2019eau, pourrait se transformer en crocodile. Luttons davantage contre l\u2019amn\u00e9sie, contre l\u2019oubli, contre l\u2019\u00e9motion qui fait quand l\u2019un de nos dignes filles ou fils est tu\u00e9, nous commen\u00e7ons par crier et que tout d\u2019un coup apr\u00e8s nous puissions oublier. Essayons d\u2019archiver tous les effets, essayons de les relayer aux jeunes g\u00e9n\u00e9rations. Essayons de nous organiser de fa\u00e7on que, demain ou apr\u00e8s-demain, d\u00e8s que des compatriotes dignes de ce nom ont l\u2019initiative historique, ils puissent se pencher sur ces cas l\u00e0, pour que les contrevenants \u00e0 l\u2019ordre souverain de notre pays puissent r\u00e9pondre de leurs forfaits.<br \/>\nNe gaspillons pas trop notre temps \u00e0 croire que ce conglom\u00e9rat d\u2019aventuriers peut se transformer en un groupe de responsables pouvant diriger comme il se doit le Congo. Ce conglom\u00e9rat d\u2019aventuriers fait son travail. Les dignes filles et fils du Congo doivent aussi faire le leur : s\u2019organiser pour demain.<\/p><\/blockquote>\n<p><strong>Sur la lutte pour l\u2019\u00e9mancipation du Congo<\/strong><\/p>\n<blockquote><p>Mener une lutte d\u2019\u00e9mancipation politique n\u2019est pas une mince affaire. Nous ne devons pas n\u00e9gliger le travail fait par le viol de l\u2019imaginaire de plusieurs d\u2019entre nous qui ne jurent que par RFI, que par BBC, que par la Voix de l\u2019Am\u00e9rique, m\u00eame s\u2019il est utile de temps en temps de pr\u00eater attention \u00e0 ce que ces m\u00e9dias l\u00e0 racontent. Mais aujourd\u2019hui il y a des r\u00e9seaux sociaux congolais qui sont beaucoup plus suivis par les congolais que les m\u00e9dias dominants. Une bonne partie des congolais commence \u00e0 comprendre petit \u00e0 petit.<br \/>\nArr\u00eatons de gaspiller notre \u00e9nergie \u00e0 chercher \u00e0 \u00eatre accept\u00e9 par tous les compatriotes, d\u2019un seul coup. Nous sommes en pleine lutte pour l\u2019\u00e9mancipation anthropologique et politique de notre pays, ce n\u2019est pas demain que cela va aboutir. Il y a encore du chemin \u00e0 parcourir. Ne cherchons pas \u00e0 \u00eatre applaudis par tous, si c\u2019est le cas, c\u2019est que quelque part, nous aurons vendu notre \u00e2me. Au contraire, ce qui peut nous arriver, c\u2019est que nous allons \u00eatre combattus pendant tr\u00e8s longtemps. Les moyens qu\u2019utilisent ceux qui m\u00e8nent la guerre de basse intensit\u00e9 contre le Congo sont colossaux. Ils feront tout pour que la voix des luttants congolais ne puisse pas \u00eatre entendue par le plus grand nombre. Ils feront tout pour casser les congolais qui essaient de lutter pour l\u2019\u00e9mancipation de leur pays.<\/p><\/blockquote>\n<p><strong>Sur les d\u00e9clarations de l\u2019ancien gouverneur du Kasa\u00ef Occidental, Kabasubabu et le fonctionnement de la kabilie.<\/strong><\/p>\n<blockquote><p>Il expose des secrets de polichinelle sur le fonctionnement de l\u2019int\u00e9rieur du conglom\u00e9rat d\u2019aventuriers. Il rappelle que ce syst\u00e8me fonctionne sous fond de kleptomanie, client\u00e9lisme et n\u00e9potisme. Il rappelle que ce syst\u00e8me une mangeoire, on y entre pour manger. On y mange au point de perdre de vue que l\u2019on a des compatriotes. Il pr\u00e9cise des noms, des clients du syst\u00e8me, des montants d\u2019argent utilis\u00e9s et d\u00e9pens\u00e9s. Ensuite, quand on \u00e9coute bien Kabasubabu ou quand on lit son livre, on comprend que ce syst\u00e8me ne peut pas \u00eatre r\u00e9form\u00e9 de l\u2019int\u00e9rieur.<br \/>\nEnfin, Kabasubabu fait comme s\u2019il n\u2019\u00e9tait pas un produit de ce syst\u00e8me. Il vante par moment, les m\u00e9rites de la gestion telle qu\u2019elle a \u00e9t\u00e9 faite, l\u00e0 o\u00f9 il a \u00e9t\u00e9 secr\u00e9taire g\u00e9n\u00e9ral, au RCD. Or le RCD est une r\u00e9bellion mont\u00e9e pour voler l\u2019argent du Congo \u00e0 partir de la guerre du 2 ao\u00fbt 1998. Donc tout en critiquant le syst\u00e8me au sein duquel il s\u2019est retrouv\u00e9, il s\u2019est enfonc\u00e9 lui-m\u00eame en vantant les m\u00e9rites d\u2019un groupe de voleurs qui s\u00e9vit encore au Congo.<br \/>\nIl dit en quelque sorte qu\u2019il a particip\u00e9 \u00e0 la mort de son pays mais il croit pouvoir accuser les autres, tout en s\u2019enfon\u00e7ant lui-m\u00eame. C\u2019est path\u00e9tique.<\/p><\/blockquote>\n","protected":false},"excerpt":{"rendered":"<p>L\u2019analyste politique Jean-Pierre Mbelu revient sur la m\u00e9moire de Lumumba, d\u00e9crypte l\u2019h\u00e9ritage politique de Laurent-D\u00e9sir\u00e9 Kabila, rappelle \u00e0 travers les d\u00e9clarations r\u00e9centes de l\u2019ancien gouverneur du Kasa\u00ef occidental, le fonctionnement du conglom\u00e9rat d\u2019aventuriers qui s\u00e9vit encore \u00e0 la t\u00eate du Congo et nous explique pourquoi nous devons davantage nous efforcer \u00e0 lutter contre notre amn\u00e9sie [&hellip;]<\/p>\n","protected":false},"author":1,"featured_media":6313,"comment_status":"open","ping_status":"open","sticky":false,"template":"","format":"standard","meta":{"_acf_changed":false,"content-type":"","footnotes":""},"categories":[107,124],"tags":[],"class_list":["post-6312","post","type-post","status-publish","format-standard","has-post-thumbnail","hentry","category-analyses-commentaires","category-politique-societe"],"acf":[],"_links":{"self":[{"href":"https:\/\/congolobilelo.com\/IN\/wp-json\/wp\/v2\/posts\/6312","targetHints":{"allow":["GET"]}}],"collection":[{"href":"https:\/\/congolobilelo.com\/IN\/wp-json\/wp\/v2\/posts"}],"about":[{"href":"https:\/\/congolobilelo.com\/IN\/wp-json\/wp\/v2\/types\/post"}],"author":[{"embeddable":true,"href":"https:\/\/congolobilelo.com\/IN\/wp-json\/wp\/v2\/users\/1"}],"replies":[{"embeddable":true,"href":"https:\/\/congolobilelo.com\/IN\/wp-json\/wp\/v2\/comments?post=6312"}],"version-history":[{"count":0,"href":"https:\/\/congolobilelo.com\/IN\/wp-json\/wp\/v2\/posts\/6312\/revisions"}],"wp:featuredmedia":[{"embeddable":true,"href":"https:\/\/congolobilelo.com\/IN\/wp-json\/"}],"wp:attachment":[{"href":"https:\/\/congolobilelo.com\/IN\/wp-json\/wp\/v2\/media?parent=6312"}],"wp:term":[{"taxonomy":"category","embeddable":true,"href":"https:\/\/congolobilelo.com\/IN\/wp-json\/wp\/v2\/categories?post=6312"},{"taxonomy":"post_tag","embeddable":true,"href":"https:\/\/congolobilelo.com\/IN\/wp-json\/wp\/v2\/tags?post=6312"}],"curies":[{"name":"wp","href":"https:\/\/api.w.org\/{rel}","templated":true}]}}