{"id":6295,"date":"2014-01-13T09:28:09","date_gmt":"2014-01-13T09:28:09","guid":{"rendered":"http:\/\/www.ingeta.com\/?p=6295"},"modified":"2014-01-13T09:28:09","modified_gmt":"2014-01-13T09:28:09","slug":"forces-armees-de-rdc-le-chaos-institutionnalise","status":"publish","type":"post","link":"https:\/\/congolobilelo.com\/IN\/forces-armees-de-rdc-le-chaos-institutionnalise\/","title":{"rendered":"Forces arm\u00e9es de RDC : le chaos institutionnalis\u00e9?"},"content":{"rendered":"<p>\t\t\t\t<em><strong>Le rapport du <a href=\"http:\/\/grip.org\/fr\/node\/1174\">GRIP <\/a>(le Groupe de recherche et d\u2019information sur la paix et la s\u00e9curit\u00e9) r\u00e9dig\u00e9 par Georges Berghezan sur les forces arm\u00e9es au Congo, et publi\u00e9 le 9 janvier 2014.<\/strong><\/em><\/p>\n<p>R\u00e9sum\u00e9:<br \/>\nDepuis leur fondation en 2003, les Forces arm\u00e9es de la R\u00e9publique d\u00e9mocratique du Congo (FARDC) n\u2019ont cess\u00e9 d\u2019accueillir en leur sein des membres de groupes arm\u00e9s, apr\u00e8s leur \u00e9ventuelle soumission \u00e0 des processus d\u2019int\u00e9gration plus ou moins exp\u00e9ditifs. D\u2019une loyaut\u00e9 tr\u00e8s relative envers l\u2019autorit\u00e9 de l\u2019\u00c9tat, ces nouveaux soldats et officiers ont \u00e9t\u00e9 nombreux \u00e0 d\u00e9serter et \u00e0 monter de nouvelles r\u00e9bellions. Pourtant, une arm\u00e9e forte et coh\u00e9rente est un pr\u00e9alable au r\u00e9tablissement de la s\u00e9curit\u00e9 et \u00e0 une amorce de rel\u00e8vement socio-\u00e9conomique dans le pays, en particulier sur son versant oriental. Si l\u2019instabilit\u00e9 permanente du Congo et sa stagnation \u00e9conomique ne sont gu\u00e8re propices \u00e0 une r\u00e9forme durable de son secteur de la s\u00e9curit\u00e9, la question de la volont\u00e9 politique demeure pos\u00e9e.<\/p>\n<p><a href=\"http:\/\/www.ingeta.com\/wp-content\/uploads\/2014\/01\/NA_2014-01-09_FR_G-BERGHEZAN.pdf\">T\u00e9l\u00e9chargez l&#8217;int\u00e9gralit\u00e9 de cette note.<\/a><\/p>\n<p>[document url=&#8221;http:\/\/www.ingeta.com\/wp-content\/uploads\/2014\/01\/NA_2014-01-09_FR_G-BERGHEZAN.pdf&#8221; width=&#8221;560&#8243; height=&#8221;400&#8243;]\t\t<\/p>\n","protected":false},"excerpt":{"rendered":"<p>Le rapport du GRIP (le Groupe de recherche et d\u2019information sur la paix et la s\u00e9curit\u00e9) r\u00e9dig\u00e9 par Georges Berghezan sur les forces arm\u00e9es au Congo, et publi\u00e9 le 9 janvier 2014. R\u00e9sum\u00e9: Depuis leur fondation en 2003, les Forces arm\u00e9es de la R\u00e9publique d\u00e9mocratique du Congo (FARDC) n\u2019ont cess\u00e9 d\u2019accueillir en leur sein des [&hellip;]<\/p>\n","protected":false},"author":1,"featured_media":6299,"comment_status":"open","ping_status":"open","sticky":false,"template":"","format":"standard","meta":{"_acf_changed":false,"content-type":"","footnotes":""},"categories":[154,124],"tags":[],"class_list":["post-6295","post","type-post","status-publish","format-standard","has-post-thumbnail","hentry","category-etudes-rapports","category-politique-societe"],"acf":[],"_links":{"self":[{"href":"https:\/\/congolobilelo.com\/IN\/wp-json\/wp\/v2\/posts\/6295","targetHints":{"allow":["GET"]}}],"collection":[{"href":"https:\/\/congolobilelo.com\/IN\/wp-json\/wp\/v2\/posts"}],"about":[{"href":"https:\/\/congolobilelo.com\/IN\/wp-json\/wp\/v2\/types\/post"}],"author":[{"embeddable":true,"href":"https:\/\/congolobilelo.com\/IN\/wp-json\/wp\/v2\/users\/1"}],"replies":[{"embeddable":true,"href":"https:\/\/congolobilelo.com\/IN\/wp-json\/wp\/v2\/comments?post=6295"}],"version-history":[{"count":0,"href":"https:\/\/congolobilelo.com\/IN\/wp-json\/wp\/v2\/posts\/6295\/revisions"}],"wp:featuredmedia":[{"embeddable":true,"href":"https:\/\/congolobilelo.com\/IN\/wp-json\/"}],"wp:attachment":[{"href":"https:\/\/congolobilelo.com\/IN\/wp-json\/wp\/v2\/media?parent=6295"}],"wp:term":[{"taxonomy":"category","embeddable":true,"href":"https:\/\/congolobilelo.com\/IN\/wp-json\/wp\/v2\/categories?post=6295"},{"taxonomy":"post_tag","embeddable":true,"href":"https:\/\/congolobilelo.com\/IN\/wp-json\/wp\/v2\/tags?post=6295"}],"curies":[{"name":"wp","href":"https:\/\/api.w.org\/{rel}","templated":true}]}}