{"id":6286,"date":"2014-01-11T18:47:48","date_gmt":"2014-01-11T18:47:48","guid":{"rendered":"http:\/\/www.ingeta.com\/?p=6286"},"modified":"2014-01-11T18:47:48","modified_gmt":"2014-01-11T18:47:48","slug":"journee-commemorative-18-janvier-2014-a-fribourg-de-kimbangu-a-lumumba-quel-heritage-pour-la-diaspora-congolaise-aujourdhui","status":"publish","type":"post","link":"https:\/\/congolobilelo.com\/IN\/journee-commemorative-18-janvier-2014-a-fribourg-de-kimbangu-a-lumumba-quel-heritage-pour-la-diaspora-congolaise-aujourdhui\/","title":{"rendered":"Journ\u00e9e comm\u00e9morative &#8211; 18 janvier 2014 \u00e0 Fribourg: De Kimbangu \u00e0 Lumumba, quel h\u00e9ritage pour la diaspora congolaise aujourd\u2019hui ?"},"content":{"rendered":"<p>\t\t\t\t<strong><em>Une journ\u00e9e d&#8217;hommage, t\u00e9moignage, m\u00e9ditation, r\u00e9flexion et soir\u00e9e culturelle r\u00e9cr\u00e9ative autour de Simon Kimbangu et Patrice Lumumba.<\/em><br \/>\n<\/strong><\/p>\n<p><strong>Message de l&#8217;organisateur:<\/strong><br \/>\nLa situation de notre pays nous interpelle toutes et tous. Nous, membres de la diaspora congolaise en Suisse, actuellement mobilis\u00e9s dans une d\u00e9marche de r\u00e9organisation, sommes \u00e0 la recherche d\u2019une inspiration \u00e0 m\u00eame de permettre \u00e0 notre action de gagner en efficacit\u00e9 pour r\u00e9pondre aux d\u00e9fis qui nous sont lanc\u00e9s.<br \/>\nC\u2019est pourquoi nous saisissons l\u2019anniversaire de la mort du H\u00e9ros national pour organiser une journ\u00e9e de rassemblement, de m\u00e9ditation, de r\u00e9flexion et de partage. En la pla\u00e7ant sous la tutelle spirituelle de Simon Kimbangu et de Patrice-Emery Lumumba, deux de nos figures embl\u00e9matiques, nous voulons, outre coller \u00e0 l\u2019actualit\u00e9 en ce d\u00e9but d\u2019ann\u00e9e 2014, afficher notre volont\u00e9 de faire appel \u00e0 tous les talents, dans un esprit d\u2019ouverture au-del\u00e0 de nos diff\u00e9rences, et d\u2019inclusion pour construire ensemble avec d\u00e9termination, \u00e0 l\u2019instar de nos r\u00e9f\u00e9rences patriotiques tut\u00e9laires, ce qui peut nous permettre de prendre la part qui nous revient dans le destin de notre pays.<\/p>\n<p><strong>SAMEDI 18 JANVIER 2014<br \/>\nD\u00e8s 13h00<br \/>\nroute de la Fonderie 7 &amp; 9<br \/>\nCH\u20141700 Fribourg, Suisse<\/strong><\/p>\n<p>[document url=&#8221;http:\/\/www.ingeta.com\/wp-content\/uploads\/2014\/01\/Lenzi-bis.pdf&#8221; width=&#8221;560&#8243; height=&#8221;400&#8243;]\t\t<\/p>\n","protected":false},"excerpt":{"rendered":"<p>Une journ\u00e9e d&#8217;hommage, t\u00e9moignage, m\u00e9ditation, r\u00e9flexion et soir\u00e9e culturelle r\u00e9cr\u00e9ative autour de Simon Kimbangu et Patrice Lumumba. Message de l&#8217;organisateur: La situation de notre pays nous interpelle toutes et tous. Nous, membres de la diaspora congolaise en Suisse, actuellement mobilis\u00e9s dans une d\u00e9marche de r\u00e9organisation, sommes \u00e0 la recherche d\u2019une inspiration \u00e0 m\u00eame de permettre [&hellip;]<\/p>\n","protected":false},"author":1,"featured_media":6289,"comment_status":"open","ping_status":"open","sticky":false,"template":"","format":"standard","meta":{"_acf_changed":false,"content-type":"","footnotes":""},"categories":[124,127,164],"tags":[],"class_list":["post-6286","post","type-post","status-publish","format-standard","has-post-thumbnail","hentry","category-politique-societe","category-rencontresdebats","category-suisse"],"acf":[],"_links":{"self":[{"href":"https:\/\/congolobilelo.com\/IN\/wp-json\/wp\/v2\/posts\/6286","targetHints":{"allow":["GET"]}}],"collection":[{"href":"https:\/\/congolobilelo.com\/IN\/wp-json\/wp\/v2\/posts"}],"about":[{"href":"https:\/\/congolobilelo.com\/IN\/wp-json\/wp\/v2\/types\/post"}],"author":[{"embeddable":true,"href":"https:\/\/congolobilelo.com\/IN\/wp-json\/wp\/v2\/users\/1"}],"replies":[{"embeddable":true,"href":"https:\/\/congolobilelo.com\/IN\/wp-json\/wp\/v2\/comments?post=6286"}],"version-history":[{"count":0,"href":"https:\/\/congolobilelo.com\/IN\/wp-json\/wp\/v2\/posts\/6286\/revisions"}],"wp:featuredmedia":[{"embeddable":true,"href":"https:\/\/congolobilelo.com\/IN\/wp-json\/"}],"wp:attachment":[{"href":"https:\/\/congolobilelo.com\/IN\/wp-json\/wp\/v2\/media?parent=6286"}],"wp:term":[{"taxonomy":"category","embeddable":true,"href":"https:\/\/congolobilelo.com\/IN\/wp-json\/wp\/v2\/categories?post=6286"},{"taxonomy":"post_tag","embeddable":true,"href":"https:\/\/congolobilelo.com\/IN\/wp-json\/wp\/v2\/tags?post=6286"}],"curies":[{"name":"wp","href":"https:\/\/api.w.org\/{rel}","templated":true}]}}