{"id":6279,"date":"2014-01-10T16:38:59","date_gmt":"2014-01-10T16:38:59","guid":{"rendered":"http:\/\/www.ingeta.com\/?p=6279"},"modified":"2014-01-10T16:38:59","modified_gmt":"2014-01-10T16:38:59","slug":"le-17-janvier-1961-mourrait-un-brillant-premier-ministre-congolais","status":"publish","type":"post","link":"https:\/\/congolobilelo.com\/IN\/le-17-janvier-1961-mourrait-un-brillant-premier-ministre-congolais\/","title":{"rendered":"Le 17 janvier 1961 mourrait &#8221;un brillant premier ministre congolais&#8221;"},"content":{"rendered":"<p>\t\t\t\tPar Jean-Pierre Mbelu<\/p>\n<p><strong>La guerre permanente men\u00e9e contre le Congo peut cr\u00e9er un certain d\u00e9faitisme. Dieu merci ! Internet vient au secours. Des documentaires aident de plus en plus les Congolais(es) \u00e0 approfondir les enjeux face auxquels leur pays est plac\u00e9. Suivre attentivement \u2018\u2019Foccart, l\u2019homme qui dirigeait l\u2019Afrique\u2019\u2019 peut \u00eatre b\u00e9n\u00e9fique pour les patriotes et les r\u00e9sistants congolais voulant mette leurs pas dans ceux de Patrice-Emery Lumumba, notre \u2018\u2019h\u00e9ros national\u2019\u2019.<\/strong><\/p>\n<p><iframe loading=\"lazy\" width=\"560\" height=\"315\" src=\"\/\/www.youtube.com\/embed\/lfSpCdo7-vY\" frameborder=\"0\" allowfullscreen><\/iframe><\/p>\n<p>Un documentaire intitul\u00e9 <a href=\"https:\/\/www.youtube.com\/watch?v=lfSpCdo7-vY\">\u2018\u2019Foccart, l\u2019homme qui dirigeait l\u2019Afrique\u2019\u2019<\/a>[1] essaie d\u2019indiquer le contexte dans lequel l\u2019un de nos \u2018\u2019h\u00e9ros nationaux\u2019\u2019, Patrice Emery Lumumba, a \u00e9t\u00e9 assassin\u00e9. Nous esp\u00e9rons que nous serons plusieurs \u00e0 suivre ce documentaire n\u00e9cessaire \u00e0 la r\u00e9\u00e9criture de notre histoire. Pour cause. Il y a, depuis tout un temps, une certaine \u00e9lite africaine et congolaise, d\u00e9cid\u00e9e \u00e0 travailler, avec l\u2019appui de certains m\u00e9dias dits \u2018\u2019alternatifs\u2019\u2019, \u00e0 la falsification de notre histoire collective pour culpabiliser \u2018\u2019les esprits les plus faibles d\u2019entre nous\u2019\u2019 afin de leur faire porter, \u00e0 eux seuls, le poids de l\u2019\u00e9chec de nos ind\u00e9pendances politiques.<\/p>\n<p>Dieu merci ! Un documentaire comme celui que nous venons de mentionner vient remettre sur le devant de la sc\u00e8ne les int\u00e9r\u00eats g\u00e9ostrat\u00e9giques, les luttes d\u2019influence et le travail en r\u00e9seau men\u00e9 par la CIA et le  fran\u00e7ais Jacques Foccart. Ce documentaire a l\u2019avantage de faire parler des t\u00e9moins de cette histoire de \u2018\u2019la d\u00e9colonisation manqu\u00e9e\u2019\u2019 ou sur mesure. Ce film reconduit certains lieux communs. Il nous permet de revisiter  notre histoire \u00e0 nouveaux frais. Il nous r\u00e9apprend que la d\u00e9colonisation \u00e9tait \u2018\u2019dans l\u2019air du temps\u2019\u2019. Chaque puissance du moment jouait sa carte : les USA avec la CIA avaient int\u00e9r\u00eat \u00e0 voir un pays comme le Congo se \u2018\u2019d\u00e9coloniser\u2019\u2019, se r\u00e9unifier afin qu\u2019ils aient la mainmise l\u00e0-dessus. Le KGB tenait \u00e0 voir le Congo dans son giron. La France tenait \u00e0  se substituer \u00e0 la Belgique pour que le pays de Lumumba bascule dans son giron. Elle a pu soutenir Tshombe contre les forces de l\u2019ONU avant que celles-ci n\u2019en arrivent \u00e0 vaincre \u2018\u2019les affreux\u2019\u2019 qu\u2019elle soutenait avec  la b\u00e9n\u00e9diction de Jacques Foccart et du g\u00e9n\u00e9ral De Gaulle.<\/p>\n<p>Tuer Lumumba pour \u00e9loigner \u2018\u2019le p\u00e9ril rouge\u2019\u2019, \u00e9liminer Tshombe pour r\u00e9unifier le pays ; tout cela participait de la strat\u00e9gie US : les USA  comme les autres pays occidentaux (dont la France) ont toujours consid\u00e9r\u00e9 l\u2019enjeu congolais comme \u00e9tant essentiel \u00e0 leur r\u00e8gne sur l\u2019\u00e9chiquier mondial.<\/p>\n<p>Ces v\u00e9rit\u00e9s essentielles sont souvent couvertes d\u2019un discours historique farfelu, tenu et entretenu par des \u2018\u2019mains expertes du capital\u2019\u2019 pour corrompre \u2018\u2019les esprits faibles\u2019\u2019 et criminaliser tous les r\u00e9sistants  et patriotes qui, apr\u00e8s Lumumba, ont compris que l\u2019Afrique appartient aux Africains.<br \/>\nIl est quand m\u00eame curieux que pendant que \u2018\u2019les mains expertes du capital\u2019\u2019 d\u00e9crivent Lumumba comme  \u00e9tant \u2018\u2019un immature politique\u2019\u2019, il y ait, dans un documentaire mont\u00e9 en dehors des fronti\u00e8res  africaines, une voix affirmant que Lumumba fut \u2018\u2019un brillant premier ministre\u2019\u2019. C\u2019est curieux !<\/p>\n<p>Souvent, quand l\u2019assassinat de Lumumba est appr\u00e9hend\u00e9 en marge des enjeux g\u00e9ostrat\u00e9giques au c\u0153ur desquels se trouve le Congo (RDC), il souffre d\u2019une certaine banalisation. Celle-ci participe d\u2019une certaine faiblesse des esprits soucieux de ne plus questionner l\u2019histoire. Et comme le Congo de Lumumba est en permanence  au c\u0153ur des enjeux g\u00e9ostrat\u00e9giques (mondiaux), la peur de questionner l\u2019histoire et de divulguer les apports des \u2018\u2019alli\u00e9s de la cause congolaise\u2019\u2019  fait partie du travail des \u2018\u2019mains expertes du capital\u2019\u2019, soucieuses de voir, le pays de Lumumba, servir, ad vitam aeternam, les int\u00e9r\u00eats  des pays ayant toujours voulu avoir la RDC sous leur joug.<\/p>\n<p>La v\u00e9rit\u00e9 du Congo est simple. Ce pays regorge de mati\u00e8res premi\u00e8res strat\u00e9giques indispensables aux industries transnationales op\u00e9rant \u00e0 partir de certains pays occidentaux les plus significatifs comme les USA, la France, la Grande-Bretagne, etc. Que faut-il pour avoir acc\u00e8s \u00e0 ces mati\u00e8res premi\u00e8res strat\u00e9giques ? La guerre ou  des trait\u00e9s internationaux d\u2019interd\u00e9pendance ? Jusqu\u2019\u00e0 ce jour, \u2018\u2019les grandes puissances\u2019\u2019, les multi et les transnationales ont opt\u00e9 pour la guerre et le banditisme en r\u00e9seau ; c\u2019est-\u00e0-dire pour l\u2019\u00e9limination de toute r\u00e9sistance, de tout patriotisme et de toute tendance \u00e0 travailler pour la nationalisation des entreprises mini\u00e8res congolaises. Cette option instrumentalise les ethnies, les partis politiques, les n\u00e8gres de services et les m\u00e9dias. Elle instrumentalise aussi la politique et la justice internationale[2].<\/p>\n<p>La guerre et le banditisme \u00e0 mains arm\u00e9es sont les voies privil\u00e9gi\u00e9es par \u2018\u2019les grandes puissances\u2019\u2019, les multi et les transnationales pour avoir acc\u00e8s aux mati\u00e8res premi\u00e8res strat\u00e9giques. Tous les r\u00e9sistants essayant de s\u2019opposer \u00e0 cette voie sont souvent tu\u00e9s quand ils ne b\u00e9n\u00e9ficient pas d\u2019un fort soutien de leurs populations.<br \/>\nLeur assassinat est souvent planifi\u00e9 par \u2018\u2019les forces en pr\u00e9sence\u2019\u2019. Elles recourent \u00e0 la manipulation de l\u2019ONU, aux r\u00e9visions constitutionnelles, \u00e0 l\u2019achat des \u2018\u2019doyens africains\u2019\u2019, \u00e0 l\u2019instrumentalisation de l\u2019humanitaire, etc.<\/p>\n<p>Malheureusement, la red\u00e9couverte de ce mode op\u00e9ratoire n\u2019est pas souvent la chose la plus partage entre les victimes de la guerre des \u2018\u2019grandes puissances\u2019\u2019, des multi et des transnationales et de leurs r\u00e9seaux africains. La preuve est que plusieurs d\u2019entre nous n\u2019ont pas encore suivi le petit documentaire intitul\u00e9 \u2018\u2019Le conflit au Congo. La v\u00e9rit\u00e9 d\u00e9voil\u00e9\u2019\u2019. Il n\u2019est pas  s\u00fbr qu\u2019ils suivront \u2018\u2019Foccart, l\u2019homme qui dirigeait l\u2019Afrique\u2019\u2019. R\u00e9apprendre \u00e0 partir des livres et  des documentaires de cet acabit  est encore la chose la moins partag\u00e9e dans les cercles des masses africaines. D\u2019o\u00f9 la difficult\u00e9 de les voir devenir, demain, \u2018\u2019les d\u00e9miurges\u2019\u2019 de leur propre destin\u00e9e.<\/p>\n<p>Dieu merci ! La lutte continue ! Internet vient \u00e0 notre secours ! Cr\u00e9er les masses critiques passe aussi par l\u2019apprentissage et le d\u00e9sapprentissage. Les minorit\u00e9s organis\u00e9es en conscience n\u2019ont pas le choix : elles doivent contribuer \u00e0 ce travail en passent par les livres et par Internet.<\/p>\n<p><\/br><\/p>\n<p><em>Mbelu Babanya Kabudi<\/em><br \/>\n&#8212;&#8212;&#8212;&#8212;&#8212;&#8212;&#8212;&#8212;&#8212;&#8212;&#8212;&#8211;<br \/>\n[1] https:\/\/www.youtube.com\/watch?v=lfSpCdo7-vY<br \/>\n[2] F.HARTMANN, Paix et ch\u00e2timent. Les guerres secr\u00e8tes de la politique et de la justice internationales, Paris, Flammarion, 2007.\t\t<\/p>\n","protected":false},"excerpt":{"rendered":"<p>Par Jean-Pierre Mbelu La guerre permanente men\u00e9e contre le Congo peut cr\u00e9er un certain d\u00e9faitisme. Dieu merci ! Internet vient au secours. Des documentaires aident de plus en plus les Congolais(es) \u00e0 approfondir les enjeux face auxquels leur pays est plac\u00e9. Suivre attentivement \u2018\u2019Foccart, l\u2019homme qui dirigeait l\u2019Afrique\u2019\u2019 peut \u00eatre b\u00e9n\u00e9fique pour les patriotes et [&hellip;]<\/p>\n","protected":false},"author":1,"featured_media":6280,"comment_status":"open","ping_status":"open","sticky":false,"template":"","format":"standard","meta":{"_acf_changed":false,"content-type":"","footnotes":""},"categories":[122,124,162],"tags":[],"class_list":["post-6279","post","type-post","status-publish","format-standard","has-post-thumbnail","hentry","category-news-alertes","category-politique-societe","category-rd-congo"],"acf":[],"_links":{"self":[{"href":"https:\/\/congolobilelo.com\/IN\/wp-json\/wp\/v2\/posts\/6279","targetHints":{"allow":["GET"]}}],"collection":[{"href":"https:\/\/congolobilelo.com\/IN\/wp-json\/wp\/v2\/posts"}],"about":[{"href":"https:\/\/congolobilelo.com\/IN\/wp-json\/wp\/v2\/types\/post"}],"author":[{"embeddable":true,"href":"https:\/\/congolobilelo.com\/IN\/wp-json\/wp\/v2\/users\/1"}],"replies":[{"embeddable":true,"href":"https:\/\/congolobilelo.com\/IN\/wp-json\/wp\/v2\/comments?post=6279"}],"version-history":[{"count":0,"href":"https:\/\/congolobilelo.com\/IN\/wp-json\/wp\/v2\/posts\/6279\/revisions"}],"wp:featuredmedia":[{"embeddable":true,"href":"https:\/\/congolobilelo.com\/IN\/wp-json\/"}],"wp:attachment":[{"href":"https:\/\/congolobilelo.com\/IN\/wp-json\/wp\/v2\/media?parent=6279"}],"wp:term":[{"taxonomy":"category","embeddable":true,"href":"https:\/\/congolobilelo.com\/IN\/wp-json\/wp\/v2\/categories?post=6279"},{"taxonomy":"post_tag","embeddable":true,"href":"https:\/\/congolobilelo.com\/IN\/wp-json\/wp\/v2\/tags?post=6279"}],"curies":[{"name":"wp","href":"https:\/\/api.w.org\/{rel}","templated":true}]}}