{"id":6271,"date":"2014-01-06T12:21:43","date_gmt":"2014-01-06T12:21:43","guid":{"rendered":"http:\/\/www.ingeta.com\/?p=6271"},"modified":"2014-01-06T12:21:43","modified_gmt":"2014-01-06T12:21:43","slug":"les-massacres-du-30-decembre-2013-le-colonel-ndala-et-la-guerre-de-basse-intensite","status":"publish","type":"post","link":"https:\/\/congolobilelo.com\/IN\/les-massacres-du-30-decembre-2013-le-colonel-ndala-et-la-guerre-de-basse-intensite\/","title":{"rendered":"Les massacres du 30 d\u00e9cembre 2013, le colonel Ndala et la guerre de basse intensit\u00e9: Pourquoi le processus d\u2019extermination des congolais se poursuit"},"content":{"rendered":"<p>\t\t\t\tL\u2019analyste politique Jean-Pierre Mbelu apporte un \u00e9clairage sur les massacres suite aux attaques du 30 d\u00e9cembre 2013, expose le double langage de Joseph Kabila, rel\u00e8ve les causes profondes de l\u2019assassinat du colonel Ndala et explique pourquoi ces massacres et cet assassinat ne peuvent \u00eatre analys\u00e9s en marge de la guerre de basse intensit\u00e9 qui se m\u00e8ne au Congo depuis les ann\u00e9es 1990. <\/p>\n<p><iframe loading=\"lazy\" width=\"560\" height=\"360\" src=\"\/\/www.youtube.com\/embed\/9h60IWdMZIM\" frameborder=\"0\" allowfullscreen><\/iframe><\/p>\n<p><strong>Sur les attaques du 30 d\u00e9cembre 2013 \u00e0 Kinshasa<\/strong><\/p>\n<blockquote><p>Comment pouvez-vous expliquer que le b\u00e2timent de la t\u00e9l\u00e9vision nationale, suppos\u00e9 \u00eatre gard\u00e9 convenablement par la police puisse \u00eatre investi par des jeunes assaillants sans armes dans la matin\u00e9e? Comment ces jeunes, dit terroristes, sans armes peuvent-ils investir l\u2019a\u00e9roport international de N\u2019djili, gard\u00e9 par la police et d\u2019autres services de s\u00e9curit\u00e9 ? La m\u00eame question peut \u00eatre pos\u00e9 avec le camp Tshatshi.<br \/>\nSi ces jeunes n\u2019ont pas b\u00e9n\u00e9fici\u00e9 de la complicit\u00e9 des services de s\u00e9curit\u00e9 du pouvoir usurpateur de Kinshasa, il est possible que ce coup ait \u00e9t\u00e9 mont\u00e9 par le pouvoir m\u00eame.<br \/>\nQuand on m\u00e8ne une analyse froide, <a href=\"http:\/\/www.info-apareco.com\/actualites-rdc\/audio-mp3-reaction-et-revelations-de-mr-honore-ngbanda-aux-evenements-du-30-decembre-2013-temoignage-dun-rescape\">comme l\u2019a d\u2019ailleurs fait Honore Ngbanda de l\u2019Apareco<\/a>, quand on regarde les vid\u00e9os tourn\u00e9es \u00e0 Kinshasa m\u00eame, la probabilit\u00e9 d\u2019un coup mont\u00e9 de toute pi\u00e8ce par le pouvoir en place est grande. Et il monterait ce coup pourquoi ? Pour cr\u00e9er la peur. Pour essayer d\u2019\u00e9touffer tout effort de r\u00e9sistance au c\u0153ur de notre jeunesse qui a compris que le pays n\u2019est pas gouvern\u00e9 du tout.<\/p><\/blockquote>\n<p><strong>Sur le double langage de Kabila<\/strong><\/p>\n<blockquote><p>Qui a ordonn\u00e9 qu\u2019on puisse tirer sur nos jeunes sans qu\u2019un dialogue ait \u00e9t\u00e9 nou\u00e9 au pr\u00e9alable avec eux? La solution extr\u00eame a \u00e9t\u00e9 appliqu\u00e9e rapidement. Les jeunes ont \u00e9t\u00e9 imm\u00e9diatement qualifi\u00e9s de terroristes sans qu\u2019une enqu\u00eate ait \u00e9t\u00e9 men\u00e9e au pr\u00e9alable pour arriver \u00e0 cette conclusion.<br \/>\nR\u00e9fl\u00e9chissons froidement. Si la question \u00e9tait que le pasteur Mukungubila a \u00e9crit une lettre qu\u2019il a confi\u00e9 aux jeunes pour que ces jeunes puissent la distribuer en ville \u00e9tait-ce une raison suffisante pour que les maisons de ce pasteur puissent \u00eatre bombard\u00e9es et qu\u2019on puisse tirer sur les jeunes et les passants comme \u00e0 Lubumbashi ?<br \/>\nComment voulez-vous qu\u2019un bandit comme Kabila, qui ordonne qu\u2019on puisse tirer sur la population, puisse \u00eatre le garant des institutions ? Nous sommes l\u00e0 dans le double langage de ce monsieur. C\u2019est cela que tous ceux qui sont encore \u00e0 sa botte au pays ne sont pas encore arriv\u00e9s \u00e0 comprendre. Au m\u00eame moment o\u00f9 Kabila appelle les congolais, ses chers compatriotes, au m\u00eame moment, il ordonne \u00e0 sa garde rapproch\u00e9e de pouvoir tuer ceux qu\u2019il appelle ses chers compatriotes. Il faut \u00e9galement mettre en lien ce qu\u2019il demande \u00e0 nos populations et la question qui a conduit au massacre, \u00e0 l\u2019assassinat \u00e0 balles r\u00e9elles de nos populations. Pourquoi lorsqu\u2019on dit ce monsieur n\u2019est pas congolais, il est rwandais, il estime que c\u2019est un motif suffisant pour qu\u2019il puisse tirer sur les populations. Pourquoi ne ferait-il pas comme Obama en balan\u00e7ait ses pi\u00e8ces d\u2019identit\u00e9 m\u00eame si cette question d\u2019identit\u00e9 peut \u00eatre d\u00e9pass\u00e9e dans la mesure o\u00f9 il peut \u00eatre \u00e9valu\u00e9 \u00e0 partir de sa prestation en tant que \u00ab pr\u00e9sident \u00bb au lieu de chercher tout le temps \u00e0 fermer la bouche \u00e0 ceux qui posent la question. Le pasteur n\u2019\u00e9tant pas le premier \u00e0 poser cette question. Qu\u2019est-ce qui a fait que cette fois-ci, cela a d\u00e9clench\u00e9 ces massacres ?<\/p><\/blockquote>\n<p><strong>Sur la responsabilit\u00e9 du pasteur Mukungubila et le malaise au Congo<\/strong><\/p>\n<blockquote><p>Il y a plusieurs versions des \u00e9v\u00e9nements qui circulent \u00e0 Kinshasa. Est-ce que le fait que le pasteur Mukungubila ait eu maille \u00e0 partir avec la police politique n\u2019a pas \u00e9t\u00e9 une faille, une br\u00e8che dans laquelle d\u2019autres compatriotes ou des agents de l\u2019ext\u00e9rieur se sont engouffr\u00e9s pour faire d\u2019une pierre plusieurs coups ?<br \/>\nEst-ce que finalement ces jeunes gens l\u00e0 n\u2019ont pas \u00e9t\u00e9 manipul\u00e9s par des mains beaucoup plus habiles que le pasteur Mukungubila?<br \/>\nA un certain moment, ce pasteur avait appel\u00e9 les compatriotes congolais \u00e0 se ranger derri\u00e8re Kabila. Et \u00e0 un moment, les alliances ont chang\u00e9. C\u2019est ce revirement qui rend le pasteur un peu moins cr\u00e9dible devant certains compatriotes. Mais ce ne sont que des hypoth\u00e8ses. Ce qui, par contre, semble \u00eatre profond, c\u2019est le malaise ressenti partout au pays.<br \/>\nCe malaise est li\u00e9 par la gestion hasardeuse du pays par ce conglom\u00e9rat d\u2019aventuriers arriv\u00e9s vers les ann\u00e9es 1996-1997. Le malaise va grandissant et certaines personnes explosent. Il y en a qui avaient cru que les choses changeraient. Mais maintenant que le malaise devient de plus en plus grandissant, ces personnes explosent et commencent \u00e0 dire ce qu\u2019ils pensent. Et commencent \u00e0 trahir certains de leurs secrets (de polichinelle).<\/p><\/blockquote>\n<p><strong>Sur le processus d\u2019extermination des congolais ?<\/strong><\/p>\n<blockquote><p>Ce qu\u2019il ne faut pas faire, c\u2019est isoler ce qu\u2019il y a le 30 d\u00e9cembre \u00e0 Kinshasa du processus d\u2019extermination des congolais qui a commenc\u00e9 avec la fameuse guerre de l\u2019afdl.<br \/>\nPlusieurs d\u2019entre nous estiment que ce qui est arriv\u00e9 le lundi 30 d\u00e9cembre 2013 peut \u00eatre analys\u00e9 en marge de la guerre de basse intensit\u00e9 qui se m\u00e8ne chez nous depuis les ann\u00e9es 1990. C\u2019est une erreur. Ce massacre est l\u2019un des faits qui confirme l\u2019orientation de cette guerre fond\u00e9e sur une \u00e9conomie de guerre permanente.<\/p><\/blockquote>\n<p><strong>Sur le silence de la communaut\u00e9 internationale<\/strong><\/p>\n<blockquote><p>Tout au long de notre histoire, certains d\u2019entre nous commettent une m\u00eame erreur permanente : celle de pouvoir croire en cette n\u00e9buleuse d\u00e9nomm\u00e9e communaut\u00e9 internationale. Pourtant, nous avons des textes, des documents qui prouvent \u00e0 suffisance que la guerre men\u00e9e contre le Congo est aussi la guerre de la justice et de la politique internationale.<br \/>\nComment voulez-vous que la communaut\u00e9 internationale, qui met notre pays sous occupation sous la tutelle de l\u2019ONU qui nous m\u00e8ne la guerre \u00e0 travers Museveni, Kagam\u00e9 et leurs chevaux de Troie \u00e0 Kinshasa, prenne partie pour les populations congolaises qu\u2019elle veut exterminer?<br \/>\nLa communaut\u00e9 internationale a besoin de d\u00e9peupler les r\u00e9gions riches en mati\u00e8res premi\u00e8res pour pouvoir s\u2019en servir parce que ces mati\u00e8res premi\u00e8res sont essentielles \u00e0 la politique et \u00e0 l\u2019\u00e9conomie de ce que nous appelons la communaut\u00e9 internationale.<\/p><\/blockquote>\n<p><strong>Sur l\u2019assassinat du colonel Ndala<\/strong><\/p>\n<blockquote><p>Ndala est un jeune officier tr\u00e8s d\u00e9termin\u00e9 \u00e0 laver l\u2019humiliation et les morts qui subit le Congo depuis les ann\u00e9es 1990. Mais comme beaucoup d\u2019entre nous, il ne semblait pas avoir compris qu\u2019il menait une guerre de basse intensit\u00e9 et qu\u2019il venait, \u00e0 travers sa d\u00e9termination et son patriotisme, sortir du sch\u00e9ma de cette guerre. Il avait rompu avec les sch\u00e9mas de sa direction officielle et avait ainsi sign\u00e9 son arr\u00eat de mort. Quand, il a \u00e9t\u00e9 adoub\u00e9 par une partie de nos  populations \u00e0 l\u2019Est du Congo, il signait son arr\u00eat de mort. Cela avait \u00e9t\u00e9 d\u00e9j\u00e0 le cas avec Mbuza Mabe.<br \/>\nLivrer une v\u00e9ritable guerre contre le M23, c\u2019est livrer une guerre contre la majorit\u00e9 pr\u00e9sidentielle. N\u2019oublions pas que cette milice ougando-rwandaise est une \u00e9manation du CNDP et que le CNDP \u00e9tait membre de la majorit\u00e9 dite pr\u00e9sidentielle au Congo.<br \/>\nL\u2019autre erreur du colonel Ndala est celle d\u2019avoir compt\u00e9 sur l\u2019appui de la fameuse communaut\u00e9 internationale. Plusieurs d\u2019entre nous n\u2019ont pas compris que cette guerre de basse intensit\u00e9 est une guerre de d\u00e9peuplement des territoires congolais, avec la complicit\u00e9 de certains congolais.<br \/>\nAlors quand vous venez dans cette guerre en affichant un patriotisme, un nationalisme et une r\u00e9sistance farouche, vous devenez l\u2019ennemi des acteurs majeurs qui m\u00e8nent cette guerre et on vous tue.<\/p><\/blockquote>\n<p><strong>Sur la v\u00e9rit\u00e9 de la guerre contre les congolais<\/strong><\/p>\n<blockquote><p>C\u2019est une guerre, purement et simplement, de pr\u00e9dation, avec plusieurs milices \u00e0 l\u2019appui. Et cette guerre cr\u00e9e la peur et la panique, soumet nos populations pour qu\u2019elles puissent devenir une main d\u2019oeuvre corv\u00e9able \u00e0 merci.<br \/>\nNous avons des milices rwando-ougandaises qui travaillent main dans la main avec le conglom\u00e9rat d\u2019aventuriers qui est \u00e0 Kinshasa, pour exterminer les congolais.<br \/>\nLa v\u00e9rit\u00e9 de cette guerre de basse intensit\u00e9 n\u2019a pas chang\u00e9 du tout. C\u2019est une guerre men\u00e9e par les \u00e9lites dominantes occidentales, avec la complicit\u00e9 de Kagam\u00e9, Museveni et de leurs chevaux de Troie \u00e0 Kinshasa. Elle extermine les congolais pour le b\u00e9n\u00e9fice de la politique et de l\u2019\u00e9conomie des pays occidentaux.<br \/>\nIl n\u2019y a pas \u00e0 chercher midi \u00e0 14h. Que tel ou tel a tu\u00e9, cela ne change rien. Il s\u2019agit d\u2019une guerre contre les congolais, contre le patriotisme congolais, contre le nationalisme congolais, contre tout effort de r\u00e9sistance congolaise. C\u2019est une guerre de pr\u00e9dation, d\u2019extermination, de balkanisation et d\u2019implosion du Congo.<\/p><\/blockquote>\n<p><\/br><\/p>\n","protected":false},"excerpt":{"rendered":"<p>L\u2019analyste politique Jean-Pierre Mbelu apporte un \u00e9clairage sur les massacres suite aux attaques du 30 d\u00e9cembre 2013, expose le double langage de Joseph Kabila, rel\u00e8ve les causes profondes de l\u2019assassinat du colonel Ndala et explique pourquoi ces massacres et cet assassinat ne peuvent \u00eatre analys\u00e9s en marge de la guerre de basse intensit\u00e9 qui se [&hellip;]<\/p>\n","protected":false},"author":1,"featured_media":6272,"comment_status":"open","ping_status":"open","sticky":false,"template":"","format":"standard","meta":{"_acf_changed":false,"content-type":"","footnotes":""},"categories":[107,124],"tags":[],"class_list":["post-6271","post","type-post","status-publish","format-standard","has-post-thumbnail","hentry","category-analyses-commentaires","category-politique-societe"],"acf":[],"_links":{"self":[{"href":"https:\/\/congolobilelo.com\/IN\/wp-json\/wp\/v2\/posts\/6271","targetHints":{"allow":["GET"]}}],"collection":[{"href":"https:\/\/congolobilelo.com\/IN\/wp-json\/wp\/v2\/posts"}],"about":[{"href":"https:\/\/congolobilelo.com\/IN\/wp-json\/wp\/v2\/types\/post"}],"author":[{"embeddable":true,"href":"https:\/\/congolobilelo.com\/IN\/wp-json\/wp\/v2\/users\/1"}],"replies":[{"embeddable":true,"href":"https:\/\/congolobilelo.com\/IN\/wp-json\/wp\/v2\/comments?post=6271"}],"version-history":[{"count":0,"href":"https:\/\/congolobilelo.com\/IN\/wp-json\/wp\/v2\/posts\/6271\/revisions"}],"wp:featuredmedia":[{"embeddable":true,"href":"https:\/\/congolobilelo.com\/IN\/wp-json\/"}],"wp:attachment":[{"href":"https:\/\/congolobilelo.com\/IN\/wp-json\/wp\/v2\/media?parent=6271"}],"wp:term":[{"taxonomy":"category","embeddable":true,"href":"https:\/\/congolobilelo.com\/IN\/wp-json\/wp\/v2\/categories?post=6271"},{"taxonomy":"post_tag","embeddable":true,"href":"https:\/\/congolobilelo.com\/IN\/wp-json\/wp\/v2\/tags?post=6271"}],"curies":[{"name":"wp","href":"https:\/\/api.w.org\/{rel}","templated":true}]}}