{"id":6268,"date":"2014-01-05T18:00:13","date_gmt":"2014-01-05T18:00:13","guid":{"rendered":"http:\/\/www.ingeta.com\/?p=6268"},"modified":"2014-01-05T18:00:13","modified_gmt":"2014-01-05T18:00:13","slug":"mamadou-moustapha-ndala-et-lumumba-une-meme-double-erreur-fatale","status":"publish","type":"post","link":"https:\/\/congolobilelo.com\/IN\/mamadou-moustapha-ndala-et-lumumba-une-meme-double-erreur-fatale\/","title":{"rendered":"Mamadou Moustapha Ndala et Lumumba : Une m\u00eame double erreur fatale !"},"content":{"rendered":"<p>\t\t\t\tPar Jean-Pierre Mbelu<\/p>\n<p><strong>Tout en pleurant notre jeune h\u00e9ros Mamadou Moustapha Ndala, prenons aussi le temps de poser certaines questions d\u00e9rangeantes. Elles nous \u00e9viteraient de nous enfermer dans une \u00e9motion passag\u00e8re. Elles nous aideraient aussi \u00e0 examiner certaines erreurs communes \u00e0 certains dignes fils et certaines dignes filles de notre peuple qui \u2018\u2019passent rapidement de l\u2019autre c\u00f4t\u00e9\u2019\u2019 en tombant au front de la lutte pour une \u00e9mancipation politique de notre Terre-M\u00e8re. Cela m\u00eame si tout combattant de la libert\u00e9 est toujours-d\u00e9j\u00e0 un mort en sursis et un vivant-\u00e0-jamais. Car les id\u00e9es qu\u2019il porte ou relaie ne meurent jamais. \u00ab On ne tue pas les id\u00e9es \u00bb, dirait Fidel Castro.<\/strong><\/p>\n<p>Nos larmes, apr\u00e8s l\u2019assassinat de notre compatriote Mamadou Ndala, coulent et couleront encore pendant longtemps. Nul ne pourra remettre en question son h\u00e9ro\u00efsme. Ses discours sur les m\u00e9dias sociaux sont clairs et nets : il aimait son pays et tenait \u00e0 redorer le blason de son peuple terni par plus de deux d\u00e9cennies d\u2019humiliation, de tra\u00eetrise et de mort ignominieuse.<br \/>\nH\u00e9las, ce patriotisme \u00e9tait-il suffisant pour porter les enjeux g\u00e9o\u00e9conomiques, g\u00e9opolitiques et g\u00e9ostrat\u00e9giques au c\u0153ur desquels se trouve depuis toujours son pays ? Ce patriotisme \u00e9tait-il averti ? Il ne nous semble pas. A la suite de Lumumba, Mamadou Moustapha Ndala a cru dans la portion de nos populations qui l\u2019acclamait (la masse) et la communaut\u00e9 internationale. Ce faisant, il n\u2019a pas su comprendre, &#8211; qui aurait pu l\u2019aider \u00e0 le faire ?- que la guerre contre son pays fait partie des \u00ab guerres secr\u00e8tes de la politique et de la justice internationales \u00bb.<\/p>\n<p>Une fran\u00e7aise, porte-parole de la Procureure au Tribunal P\u00e9nal International pour le Rwanda, Florence Hartmann, avait compris cela et publi\u00e9 un livre que plusieurs d\u2019entre nous devraient lire ou relire[1]. Sur le m\u00eame sujet, sa patronne, Carla Del Ponte, en collaboration avec Chuck Sudetie, a \u00e9crit une autobiographie[2] que plusieurs d\u2019entre nous devraient aussi lire. Bien avant ces deux dames[3], deux Belges, \u00ab sp\u00e9cialistes des questions congolaises \u00bb, ont \u00e9crit deux livres qui devraient \u00eatre relus \u00e0 l\u2019heure actuelle. Le sous-titre du livre de l\u2019une d\u2019elles est \u00e9loquent : \u00abPolitique des puissances en Afrique centrale\u00bb.<\/p>\n<p>Dans la foul\u00e9e, des compatriotes, engag\u00e9s \u00e0 Kisangani dans la lutte pour le triomphe des droits de l\u2019homme en RDC, ont men\u00e9 des enqu\u00eates sur une bonne partie de la guerre de basse intensit\u00e9 que le pays de Lumumba conna\u00eet depuis les ann\u00e9es 90. Ils ont, tant bien que mal, r\u00e9ussi \u00e0 en comprendre les logiques et en identifi\u00e9s les alli\u00e9s majeurs[4].<\/p>\n<h3><strong>La guerre au Congo fait partie des \u00ab guerres secr\u00e8tes de la politique et de la justice internationales&#8221; <\/strong><\/h3>\n<p>Quand, en 2010, Pierre P\u00e9an publie \u2018\u2019Carnages\u2019\u2019, le sous titre de ce livre, \u2018\u2019 Les guerres secr\u00e8tes des puissances en Afrique \u2018\u2019 s\u2019inscrit dans la ligne de ce que Florence Hartman avait d\u00e9j\u00e0 d\u00e9couvert en travaillant avec Carla Del Ponte. L\u2019un des d\u00e9nominateurs communs de tous ces livres est la possibilit\u00e9 qu\u2019ils offrent de pouvoir identifier les acteurs externes et internes de la guerre s\u00e9vissant en RDC (ainsi que leur r\u00e9seautage) depuis plus de deux d\u00e9cennies, d\u2019indiquer l\u2019impuissance avou\u00e9e ou complice des institutions juridiques et politiques internationales dans la recherche d\u2019une issue juste, l\u2019amateurisme \u2018\u2019des acteurs politiques congolais\u2019\u2019 et\/ou leur bravoure, la capacit\u00e9 des acteurs externes de peser sur les choix politiques congolais, etc. Les noms y sont cit\u00e9s et les modes op\u00e9ratoires indiqu\u00e9s.<\/p>\n<p>Un Task Force Congolais travaillant sur ces apports intellectuels aurait d\u00fb se constituer au pays (ou \u00e0 l\u2019ext\u00e9rieur) pour mettre \u00e0 la disposition d\u2019un plus grand nombre d\u2019entre nous les r\u00e9sultats de toutes ces analyses ayant plusieurs points communs (accompagn\u00e9s de preuves \u00e0 l\u2019appui). Malgr\u00e9 toutes les critiques que les compatriotes peuvent formuler \u00e0 l\u2019endroit de nos deux \u00ab sp\u00e9cialistes belges \u00bb, par exemple, leurs livres ont l\u2019avantage de pr\u00e9senter certains faits, avec des dates et des acteurs \u00e0 l\u2019appui. Pierre P\u00e9an en fait de m\u00eame.<\/p>\n<p>Honor\u00e9 Ngbanda dans \u2018\u2019crimes organis\u00e9s\u2019\u2019 va plus loin en \u2018\u2019trahissant\u2019\u2019 certaines confidences. (Identifi\u00e9 comme proche de Mobutu,- ce que lui-m\u00eame ne nie pas-, il n\u2019a pas \u00e9t\u00e9 lu par plusieurs d\u2019entre nous.) Charles Onana constitue, lui-aussi, une r\u00e9f\u00e9rence importante pour aller assez loin dans la compr\u00e9hension de ladite guerre.<br \/>\nDisons que du point de vue de l\u2019organisation intellectuelle, plusieurs compatriotes ont renonc\u00e9 \u00e0 plusieurs sources du savoir et de connaissance qui auraient pu les aider \u00e0 rompre avec \u2018\u2019la mauvaise r\u00e9p\u00e9tition\u2019\u2019 de l\u2019histoire. Ils ont pr\u00e9f\u00e9r\u00e9 le colportage et \u2018\u2019la radio trottoir\u2019\u2019. Ils ont renonc\u00e9 au savoir livresque, suffisamment document\u00e9 et sourc\u00e9. (M\u00eame si \u2018\u2019savoir n\u2019est rien si ce que l\u2019on sait ne devient pas son sang\u2019\u2019 et n\u2019est pas mis en pratique.) Plusieurs de nos militaires, de bonne foi, patriotes dans la moelle \u00e9pini\u00e8re, se retrouvent dans ce cas ; par leur propre faute, par la faute de ceux et celles qui les instrumentalisent ou simplement par leur appartenance \u00e0 un syst\u00e8me ayant renonc\u00e9 au savoir et \u00e0 la connaissance ; un syst\u00e8me plomb\u00e9 par le culte de la personnalit\u00e9 des marionnettes du r\u00e9seau transnational menant des \u2018\u2019guerres secr\u00e8tes\u2019\u2019 dans notre pays.<\/p>\n<p>La renonciation au savoir et \u00e0 la connaissance historiques sourc\u00e9s versent plus facilement dans les r\u00e9actions \u00e9motionnelles conjoncturelles. Mbuza Mabe meurt, tout le monde crie et organise des marches. Deux ou trois mois apr\u00e8s, l\u2019\u00e9motion passe et la tension retombe. Mamadou Moustapha Ndala est assassin\u00e9, tout le monde pleure et s\u2019arrache les cheveux ; des demandes sont formul\u00e9es pour qu\u2019un monument lui soit d\u00e9dicac\u00e9. Mobutu, complice dans la mort de Lumumba, a aussi fini par le d\u00e9clarer \u2018\u2019h\u00e9ros national\u2019\u2019 et lui fabriquer un monument. Comme ses \u2018\u2019sosies actuelles\u2019\u2019, ils construisent \u2018\u2019les tombeaux des proph\u00e8tes qu\u2019ils ont tu\u00e9s\u2019\u2019.<\/p>\n<p>Attention ! Protester apr\u00e8s le meurtre ou l\u2019assassinat des \u2018\u2019meilleurs d\u2019entre nous\u2019\u2019, cela nous semble \u00eatre une r\u00e9action patriotique saine. A condition qu\u2019elle ne soit pas un feu de paille ! A condition que nous en tirions des le\u00e7ons pour recr\u00e9er ensemble \u2018\u2019un vivre ensemble\u2019\u2019 et \u2018\u2019un avenir averti\u2019\u2019. D\u2019o\u00f9 l\u2019importance d\u2019inscrire ces assassinats et meurtres dans des registres archiv\u00e9s, de chercher \u00e0 en identifier les commanditaires et les ex\u00e9cutants sur le temps, de fa\u00e7on \u00e0 leur demander des comptes un jour afin de briser la spirale de l\u2019impunit\u00e9.<\/p>\n<h3><strong>La d\u00e9ception de Lumumba \u00e0 l\u2019endroit de la communaut\u00e9 internationale<\/strong><\/h3>\n<p>Si nous avions archiv\u00e9 et enseign\u00e9 de mani\u00e8re suivie la d\u00e9ception de Lumumba \u00e0 l\u2019endroit de la communaut\u00e9 internationale, nous aurions peut-\u00eatre \u00e9t\u00e9 nombreux \u00e0 nous opposer contre la mise sous tutelle de notre pays sous tutelle par l\u2019ONU au cours de l\u2019une des phases de la guerre de basse intensit\u00e9 dont notre pays est victime.<\/p>\n<p>Comme Lumumba, Mamadou Moustapha Ndala, plusieurs autres dignes filles et fils de notre pays sont assassin\u00e9s au vu et au su de l\u2019ONU. A qui la faute ? Aux alli\u00e9s majeurs et mineurs dans cette guerre. Mais aussi \u00e0 nous ou plut\u00f4t au m\u00e9pris de l\u2019histoire de certains d\u2019entre nous. Hier, quand Lumumba sollicite l\u2019aide de l\u2019ONU pour d\u00e9samorcer la crise congolaise cr\u00e9\u00e9e par les acteurs majeurs de la colonisation et leurs n\u00e8gres de service, il oublie que \u00ab l\u2019ONU n\u2019a jamais \u00e9t\u00e9 capable de r\u00e9gler valablement un seul des probl\u00e8mes pos\u00e9s \u00e0 la conscience de l\u2019humanit\u00e9 par la colonisation ; et chaque fois qu\u2019elle est intervenue, s\u2019\u00e9tait pour venir concr\u00e8tement au secours de la puissance colonisatrice du pays oppresseur. \u00bb[5] Et Frantz Fanon ajoute : \u00ab Il n\u2019est pas juste de dire que l\u2019ONU \u00e9choue parce que les causes sont difficiles. En r\u00e9alit\u00e9, l\u2019ONU est la carte juridique qu\u2019utilisent les int\u00e9r\u00eats imp\u00e9rialistes quand la carte de la force brute \u00e9choue. Les partages, les commissions mixtes, les mises sous tutelle sont des moyens l\u00e9gaux internationaux de torturer, de briser la volont\u00e9 d\u2019ind\u00e9pendance des peuples, de cultiver l\u2019anarchie, le banditisme et la mis\u00e8re. \u00bb[6]<\/p>\n<p>Il n\u2019y a qu\u2019au Congo de Lumumba o\u00f9 cette carte se joue? Non. Les r\u00e9solutions vot\u00e9es \u00e0 l\u2019ONU pour d\u00e9mocratiser et humaniser la l\u2019Irak, la Libye, l\u2019Afghanistan, la C\u00f4te d\u2019Ivoire, la Centrafrique, le Mali etc., ont provoqu\u00e9 la d\u00e9solation et l\u2019anarchie. Au Congo, les masses sur lesquelles Lumumba croyait s\u2019appuyer pour prot\u00e9ger l\u2019ind\u00e9pendance n\u2019\u00e9taient pas encore majoritairement m\u00fbres pour risquer leur vie afin que leur leader politique triomphe. Elles n\u2019\u00e9taient pas encore devenues \u2018\u2019les d\u00e9miurges\u2019\u2019 de leur propre destin\u00e9e. Et en se tournant vers l\u2019ONU, il put commettre l\u2019une des erreurs qui lui furent fatales. (Contrairement \u00e0 Lumumba, quand Hugo Chavez est victime d\u2019un coup d\u2019Etat en 2002, la synergie entre les masses populaires, les hommes et femmes politiques fid\u00e8les au \u2018\u2019Commandante\u2019\u2019 et les militaires a d\u00fb travailler d\u2019arrache-pied et l\u2019as remis au pouvoir. Le Venezuela, en \u2018\u2019pays averti\u2019\u2019, n\u2019a pas eu recours \u00e0 l\u2019ONU.)<\/p>\n<h3><strong>Quand Moustapha Mamadou Ndala signe son arr\u00eat de mort&#8230;<\/strong><\/h3>\n<p>Quand, apr\u00e8s la th\u00e9\u00e2tralisation de la guerre contre le M23, Moustapha Mamadou Ndala se fait adoub\u00e9 par les masses \u00e0 l\u2019est de notre pays, il signe son arr\u00eat de mort. A travers les m\u00e9dias sociaux, il exprime son patriotisme et sa d\u00e9termination[7] dans une guerre de basse intensit\u00e9 destin\u00e9e \u00e0 exterminer les Congolais(es) en d\u00e9peuplant les localit\u00e9s habit\u00e9es et riches en ressources naturelles pour faire de la place aux clients des multi et des transnationales faisant fonctionner \u2018\u2019la bourse de Kigali\u2019\u2019. Pris dans le pi\u00e8ge de cette th\u00e9\u00e2tralisation de la guerre men\u00e9e en r\u00e9seau par une milice ougando-rwandaise t\u00e9l\u00e9guid\u00e9e de l\u2019ext\u00e9rieur, membre de \u2018\u2019la majorit\u00e9 pr\u00e9sidentielle\u2019\u2019, il devient \u2018\u2019une ch\u00e8vre\u2019\u2019 \u00e0 abattre[8]. Il s\u2019\u00e9carte du sch\u00e9ma des \u2018\u2019nouveaux leaders de la renaissance africaine\u2019\u2019 (par chaos organis\u00e9 et destruction cr\u00e9atrice du nouveau d\u00e9sordre africain) pour s\u2019appuyer sur \u2018\u2019 les BMV\u2019\u2019 d\u00e9j\u00e0 destin\u00e9s \u00e0 l\u2019extermination. Il a malheureusement cru en la propagande mensong\u00e8re et au double langage du \u2018\u2019cheval de Troie\u2019\u2019 de ces leaders op\u00e9rant \u00e0 partir des institutions congolaises.<\/p>\n<p>Comme Lumumba en 1961, Moustapha Ndala doit avoir commis la deuxi\u00e8me erreur reproch\u00e9e \u00e0 notre H\u00e9ros National par Frantz Fanon : il a cru en l\u2019appui des forces africaines sous le mandat de l\u2019ONU. En 1961, \u00ab il fallait bien s\u00fbr envoyer des troupes (\u2026), mais pas dans le cadre de l\u2019ONU. Directement. Du pays ami au pays ami. Les troupes africaines au Congo ont essuy\u00e9 une d\u00e9faite morale historique. L\u2019arme au pied, elles ont assist\u00e9 sans r\u00e9agir (parce que troupes de l\u2019ONU) \u00e0 la d\u00e9sagr\u00e9gation d\u2019un Etat et d\u2019une nation que l\u2019Afrique enti\u00e8re avait pourtant salu\u00e9 et chant\u00e9. Une honte. \u00bb[9] Au jour d\u2019aujourd\u2019hui, la Brigade africaine d\u2019intervention (de l\u2019ONU) donne inutilement l\u2019impression de faire mieux ! La preuve, les Congolais(es) et leurs h\u00e9ros meurent au quotidien. Mamadou Moustapha Ndala est un exemple \u00e9loquent.<\/p>\n<p>Contrairement \u00e0 plusieurs d\u2019entre nous, \u00ab les petites mains expertes \u00bb du capital ont de la suite dans leurs id\u00e9es. Elles ont vu, le 02 ao\u00fbt 1998, Laurent-D\u00e9sir\u00e9 Kabila, appuy\u00e9 par les masses congolaises et d\u2019autres alli\u00e9s ponctuels, imposer un cuisant \u00e9chec aux vell\u00e9it\u00e9s de mainmise de ses alli\u00e9s rwando-ougandais \u2018\u2019aux longues dents\u2019\u2019 sur le pays de Lumumba. Rapidement, au mois de novembre 1999, une mission onusienne \u2018\u2019pour la paix et la s\u00e9curit\u00e9 \u2018\u2019 fut mise en place au Congo. Depuis lors, \u2018\u2019la carte juridique\u2019\u2019 des \u2018\u2019ma\u00eetres du monde\u2019\u2019 est jou\u00e9e dans ce pays et essaie de briser toute r\u00e9sistance populaire possible et imaginable en prenant appui sur les marionnettes congolaises du syst\u00e8me n\u00e9olib\u00e9ral.<\/p>\n<h3><strong>Comment \u00e9viter la reproduction d&#8217;erreurs fatales<\/strong><\/h3>\n<p>Comment \u00e9viter la reproduction de ces deux erreurs fatales (et de bien d\u2019autres) dans le chef de nos \u2018\u2019futurs h\u00e9ros\u2019\u2019, tout en sachant qu\u2019il n\u2019y a que ceux qui n\u2019agissent pas qui n\u2019en commettent pas ? Comment est-ce que les autres ont fait pour \u00e9viter d\u2019\u00eatre les jouets de \u2018\u2019la communaut\u00e9 internationale\u2019\u2019 ?<\/p>\n<p>Plusieurs leaders sud-am\u00e9ricains ont essay\u00e9 d\u2019\u00e9tudier en profondeur leur v\u00e9ritable histoire, d\u2019alphab\u00e9tiser leurs masses populaires \u00e0 partir de cette histoire pour les transformer en masses critiques. Les transformations structurelles et institutionnelles ont permis \u00e0 certains d\u2019entre eux de \u2018\u2019gouverner \u00e0 partir de la rue\u2019\u2019 afin de promouvoir une d\u00e9mocratie participative, seule capable d\u2019une responsabilisation citoyenne digne de ce nom. D\u2019autres, charismatiques comme Fidel Castro, ont su mobiliser une centaine de patriotes r\u00e9sistants contre le pouvoir colonial et s\u2019en d\u00e9faire apr\u00e8s une gu\u00e9rilla de quelques mois ; malgr\u00e9 le soutien inconditionnel dont b\u00e9n\u00e9ficiait ce pouvoir aupr\u00e8s des imp\u00e9rialistes[10].<\/p>\n<p>Castro a prouv\u00e9 qu\u2019un leadership collectif d\u00e9termin\u00e9 et visionnaire, m\u00eame s\u2019il est minor\u00e9, peut entra\u00eener les masses dans une r\u00e9volution qui leur soit tant soit peu b\u00e9n\u00e9fique ; contre vents et mar\u00e9es. D\u2019autres encore (si pas tous) ont b\u00e9n\u00e9fici\u00e9 d\u2019une longue tradition de la r\u00e9sistance transmise de g\u00e9n\u00e9ration en g\u00e9n\u00e9ration. Plusieurs d\u2019entre eux avaient profond\u00e9ment compris qu\u2019il ne fallait pas confondre vitesse et pr\u00e9cipitation. Ils ont \u00e9duqu\u00e9 et\/ ou entra\u00een\u00e9 leurs masses populaires au courage, \u00e0 l\u2019esprit d\u2019abn\u00e9gation et \u00e0 la pers\u00e9v\u00e9rance. Ils les ont engag\u00e9s sur la voie de la dignit\u00e9 et de la fiert\u00e9 d\u2019\u00eatre soi. M\u00eame s\u2019ils ont encore du chemin \u00e0 faire.<\/p>\n<p>Il y a toujours moyen d\u2019apprendre avec eux et \u00e0 partir de l\u2019histoire propre au Congo. Il est urgent qu\u2019un Congo Plan soit mis sur pied pour ce travail \u00e0 cours, moyen et long terme. Les minorit\u00e9s organis\u00e9es en conscience ne doivent ni sommeiller ni dormir. La maison Congo br\u00fble ! A moins d\u2019un miracle, les pyromanes actuels ne seront jamais des pompiers. Les Congolais(es) sont averti(es).<\/p>\n<p>&nbsp;<\/p>\n<div><em>Mbelu Babanya Kabudi<\/em><\/div>\n<div><\/div>\n<div>\n<hr align=\"left\" size=\"1\" width=\"33%\" \/>\n<div>[1]\u00a0F. HARTMANN,\u00a0<i>Paix et ch\u00e2timent. Les guerres secr\u00e8tes de la politique et de la justice internationales<\/i>, Paris, Flammarion, 2007.<\/div>\n<div>[2]\u00a0C. DEL PONTE, La traque, les criminels de guerre et moi. Madame\u00a0la Procureure\u00a0accuse, autobiographie tr. de l\u2019anglais par Isabelle Taudi\u00e8re, Paris, H\u00e9lo\u00efse d\u2019Ormesson, 2009.<\/div>\n<div>[3]\u00a0M.-F. CROS et F. MISSER,\u00a0<i>G\u00e9opolitique du Congo (RDC)<\/i>, Bruxelles, Complexe, 2006 et C. BRAECKMAN,\u00a0<i>Les nouveaux pr\u00e9dateurs. Politique des puissances en Afrique centrale<\/i>, Paris, Fayard, 2003.<\/div>\n<div>[4]\u00a0J.-.P. BADIDIKE,\u00a0\u00a0<i>Guerre et droits de l\u2019homme en R\u00e9publique D\u00e9mocratique du Congo. Regard du Groupe Justice et Lib\u00e9ration<\/i>, Paris, L\u2019Harmattan, 2009.<\/div>\n<div>[5]\u00a0F. FANON,\u00a0\u00a0<i>\u0152uvres<\/i>,\u00a0 Paris, La d\u00e9couverte, 2013, p.875.<\/div>\n<div>[6]\u00a0<i>Ibidem<\/i>.<\/div>\n<div>[7]\u00a0<a href=\"https:\/\/www.youtube.com\/watch?v=8KTeM73Vvpg\" target=\"_blank\" rel=\"noopener\">https:\/\/www.youtube.com\/watch?<wbr \/>v=8KTeM73Vvpg<\/a><\/div>\n<div>[8]\u00a0Une \u00e9coute attentive de cette vid\u00e9o peut \u00eatre instructive \u00e0 ce sujet\u00a0:\u00a0<a href=\"https:\/\/www.youtube.com\/watch?v=LQXAO30bufE#t=531\" target=\"_blank\" rel=\"noopener\">https:\/\/www.youtube.com\/watch?<wbr \/>v=LQXAO30bufE#t=531<\/a><\/div>\n<div>[9]\u00a0F. FANON,\u00a0<i>O. C<\/i>., p. 877.<\/div>\n<div>[10]\u00a0S. LAMRANI, 50 id\u00e9es sur Fidel Castro, dans\u00a0<b>Le Grand Soir\u00a0 Info\u00a0<\/b>du 03 janvier 2014.<\/div>\n<div><\/div>\n<div><\/div>\n<\/div>\n","protected":false},"excerpt":{"rendered":"<p>Par Jean-Pierre Mbelu Tout en pleurant notre jeune h\u00e9ros Mamadou Moustapha Ndala, prenons aussi le temps de poser certaines questions d\u00e9rangeantes. Elles nous \u00e9viteraient de nous enfermer dans une \u00e9motion passag\u00e8re. Elles nous aideraient aussi \u00e0 examiner certaines erreurs communes \u00e0 certains dignes fils et certaines dignes filles de notre peuple qui \u2018\u2019passent rapidement de [&hellip;]<\/p>\n","protected":false},"author":1,"featured_media":6269,"comment_status":"open","ping_status":"open","sticky":false,"template":"","format":"standard","meta":{"_acf_changed":false,"content-type":"","footnotes":""},"categories":[107,124],"tags":[],"class_list":["post-6268","post","type-post","status-publish","format-standard","has-post-thumbnail","hentry","category-analyses-commentaires","category-politique-societe"],"acf":[],"_links":{"self":[{"href":"https:\/\/congolobilelo.com\/IN\/wp-json\/wp\/v2\/posts\/6268","targetHints":{"allow":["GET"]}}],"collection":[{"href":"https:\/\/congolobilelo.com\/IN\/wp-json\/wp\/v2\/posts"}],"about":[{"href":"https:\/\/congolobilelo.com\/IN\/wp-json\/wp\/v2\/types\/post"}],"author":[{"embeddable":true,"href":"https:\/\/congolobilelo.com\/IN\/wp-json\/wp\/v2\/users\/1"}],"replies":[{"embeddable":true,"href":"https:\/\/congolobilelo.com\/IN\/wp-json\/wp\/v2\/comments?post=6268"}],"version-history":[{"count":0,"href":"https:\/\/congolobilelo.com\/IN\/wp-json\/wp\/v2\/posts\/6268\/revisions"}],"wp:featuredmedia":[{"embeddable":true,"href":"https:\/\/congolobilelo.com\/IN\/wp-json\/"}],"wp:attachment":[{"href":"https:\/\/congolobilelo.com\/IN\/wp-json\/wp\/v2\/media?parent=6268"}],"wp:term":[{"taxonomy":"category","embeddable":true,"href":"https:\/\/congolobilelo.com\/IN\/wp-json\/wp\/v2\/categories?post=6268"},{"taxonomy":"post_tag","embeddable":true,"href":"https:\/\/congolobilelo.com\/IN\/wp-json\/wp\/v2\/tags?post=6268"}],"curies":[{"name":"wp","href":"https:\/\/api.w.org\/{rel}","templated":true}]}}