{"id":6252,"date":"2014-01-03T14:27:56","date_gmt":"2014-01-03T14:27:56","guid":{"rendered":"http:\/\/www.ingeta.com\/?p=6252"},"modified":"2014-01-03T14:27:56","modified_gmt":"2014-01-03T14:27:56","slug":"tuer-tuer-tuer-et-ensauvager-le-lot-quotidien-de-la-republique-democratique-du-congo","status":"publish","type":"post","link":"https:\/\/congolobilelo.com\/IN\/tuer-tuer-tuer-et-ensauvager-le-lot-quotidien-de-la-republique-democratique-du-congo\/","title":{"rendered":"Tuer, tuer, tuer et ensauvager. Le lot quotidien de la R\u00e9publique D\u00e9mocratique du Congo"},"content":{"rendered":"<p>\t\t\t\tPar Jean-Pierre Mbelu (en m\u00e9moire de Mamadou Moustapha Ndala)<\/p>\n<p><strong>Qui vient de tuer Mamadou Moustapha Ndala ? Qui a tir\u00e9 sur nos enfants \u00e0 la RTNC, \u00e0 l\u2019a\u00e9roport, au camp Tshatshi, dans les rues de Lubumbashi ou \u00e0 l\u2019a\u00e9roport de Kindu ? Qui a dit aux partisans de Jean-Pierre Bemba, apr\u00e8s la mascarade \u00e9lectorale de 2006 : \u00ab Nous allons vous tuer \u00bb ? Qui a tir\u00e9 sur nos compatriotes \u00e0 l\u2019a\u00e9roport de N\u2019Djili le 26 novembre 2011 ? Qui a tu\u00e9 Lumumba le 17 janvier 1961 ? Qui a assassin\u00e9 Chebeya et Fid\u00e8le Bazana ? Et Serge Maheshe ? Et Bapuwa Muamba ? Qui a retir\u00e9 Eug\u00e8ne Diomi Dongola de l\u2019h\u00f4pital derni\u00e8rement ? Qui garde Kuthino en prison ? Pourquoi ? Pourquoi ? Qui sont tous ces messieurs ? Des fils du Congo. Souvent coupables d\u2019aimer leur terre-m\u00e8re et de dire la v\u00e9rit\u00e9 sur son exploitation \u00e9hont\u00e9e par les \u00e9lites occidentales dominantes et leurs n\u00e8gres de service. Ils ont eu le malheur d\u2019\u00eatre sortis d\u2019une terre aux richesses fabuleuses. En dehors de ces noms connus, plus de 8000.000 des Congolais(es) paient le prix de cette appartenance \u00e0 cette terre depuis les ann\u00e9es 90. Et les efforts sont d\u00e9ploy\u00e9s pour effacer cette histoire ou en falsifier le fil rouge quand tous ces compatriotes ne sont pas tout simplement criminalis\u00e9s : \u00ab ils sont des terroristes \u00bb.<br \/>\nTuer et ensauvager, c\u2019est nier son humanit\u00e9 et celle de l\u2019autre. Le Congo est en train de basculer dangereusement, par la b\u00eatise de son actuel gouvernement fantoche et de ses supporters, dans l\u2019inhumanit\u00e9. Il a le devoir de redevenir humain. Contre vents et mar\u00e9es !<\/strong><\/p>\n<p>Quand, en 1996-1997, l\u2019AFDL participant de \u2018\u2019l\u2019imp\u00e9rialisme intelligent\u2019\u2019 prend une part active \u00e0 la guerre de basse intensit\u00e9 orchestr\u00e9e par les \u00e9lites dominantes anglo-saxonnes et \u2018\u2019les nouveau leaders de la renaissance africaine\u2019\u2019, Kagame et Museveni, elle ment aux Congolais(es) en pr\u00e9tendant qu\u2019elle s\u2019est engag\u00e9e \u00e0 chasser Mobutu du pouvoir pour \u2018\u2019les lib\u00e9rer\u2019\u2019. Plusieurs d\u2019entre nous ont cru en ce mensonge. Et cette cr\u00e9dulit\u00e9 perdure. Nos compatriotes sont embrigad\u00e9s dans l\u2019arm\u00e9e et envoy\u00e9s au front comme chair \u00e0 canon au profit des entreprises transnationales.<\/p>\n<p>Les Africains avertis et les autres hommes et femmes de bonne volont\u00e9, \u00e0 travers le monde, avaient r\u00e9ussi \u00e0 saisir l\u2019un des enjeux de cette guerre. Se confiant \u00e0 Ren\u00e9 Holenstein, Joseph Ki-Zerbo dit : \u00ab Je me rappelle que quand Laurent-D\u00e9sir\u00e9 Kabila avan\u00e7ait vers Kinshasa, la capitale de ce qui devait devenir la RDC, il \u00e9tait accompagn\u00e9 par de v\u00e9ritables meutes, par des groupes qui chacun flairait sa concession mini\u00e8re. Au cours de la progression, on n\u00e9gociait en m\u00eame temps les droits concernant les diff\u00e9rents secteurs miniers du pays. \u00bb[1] Et il ajoute \u2013ceci est tr\u00e8s important- : \u00ab Aujourd\u2019hui donc, il y a une autre sorte de nouveau partage de l\u2019Afrique qui ne dit pas son nom, mais qui se fait \u00e0 travers l\u2019invasion capitaliste, financi\u00e8re surtout, dans les diff\u00e9rentes zones du continent. \u00bb[2] (Les exemples cr\u00e8vent les yeux : la Libye, le Mali, la Centrafrique, le Soudan, etc.) Avoir acc\u00e8s aux concessions mini\u00e8res, proc\u00e9der \u00e0 un nouveau partage de l\u2019Afrique, d\u00e9truire ses identit\u00e9s culturelles et nationales, avoir une main-d\u2019\u0153uvre corv\u00e9able \u00e0 merci, etc., sont les objectifs permanents des multi et transnationales aid\u00e9es par \u00ab les petites mains expertes du capital \u00bb dans \u00ab une \u00e9conomie de guerre permanente \u00bb. Et Joseph Ki-Zerbo ajoute encore : \u00abCela nous montre bien que les peuples n\u2019int\u00e9ressent pas ces gens. Il y a des guerres qui sont soutenues, appuy\u00e9es, trafics d\u2019armes y compris, par ces organisations et compagnies mini\u00e8res transnationales. Et parfois, elles n\u2019h\u00e9sitent pas \u00e0 susciter des r\u00e9bellions pour affaiblir le pays avec lequel elles n\u00e9gocient. \u00bb[3] Elles sont de plus en plus fortes et plus puissantes que les Etats. Elles arrivent, par des lobbys interpos\u00e9s \u00e0 infl\u00e9chir les principes de gestion \u00e9tatique pour leurs int\u00e9r\u00eats priv\u00e9s tout en r\u00e9servant aux pays o\u00f9 elles sont install\u00e9es leur part.<\/p>\n<h3><strong>\u00abLa terreur coloniale dans l\u2019Etat du Congo \u00bb se poursuit dans un Congo mis sous la tutelle de l\u2019ONU<\/strong><\/h3>\n<p>Nous ne le dirons jamais assez, la matrice organisationnelle sur fond duquel fonctionnent ces multi et transnationales est porteuse de la violence et de la mort. Et ces derni\u00e8res doivent leur fonctionnement optimal \u00e0 leur capacit\u00e9 d\u2019impliquer en les corrompant de mille et une fa\u00e7ons \u00ab leurs petites mains expertes \u00bb du Nord et du Sud, de l\u2019Est et de l\u2019Ouest. Elles accomplissent \u00ab un travail merveilleux \u00bb en r\u00e9seau, d\u00e9passant la ridicule dichotomie des \u2018\u2019m\u00e9chants loups du Nord\u2019\u2019 et des \u2018\u2019doux agneaux du Sud\u2019\u2019. Dans l\u2019annexe citant les principales soci\u00e9t\u00e9s impliqu\u00e9es dans le pillage et la criminalit\u00e9 en Afrique, \u2018\u2019Noir Canada\u2019\u2019 est tr\u00e8s instructif sur ce sujet[4].<\/p>\n<p>Mensonge, travail minutieux en r\u00e9seau, corruption des \u00e9lites compradores, fabrication des r\u00e9bellions et de la criminalit\u00e9 pour affaiblir les pays convoit\u00e9s, une rh\u00e9torique \u00e0 fortes doses de propagande criminalisant toute r\u00e9sistance \u00e0 cette n\u00e9ocolonisation de l\u2019Afrique, des c\u0153urs et des esprits, d\u00e9cervelage, etc., telles sont \u2018\u2019les armes de destruction massive\u2019\u2019 auxquelles recourent ces \u2018\u2019cosmocrates \u2018\u2019 sans scrupule, cr\u00e9ateurs de \u2018\u2019l\u2019empire de la honte\u2019\u2019.<br \/>\nAvec leurs experts, ils savent que \u00ab l\u2019opinion est fond\u00e9e sur l\u2019ignorance (\u2026). \u00bb[5] Ils mobilisent les moyens intellectuels[6], m\u00e9diatiques, mat\u00e9riels, spirituels, sociaux et \u00e9conomiques pour que l\u2019apprentissage de l\u2019ignorance finisse par d\u00e9mobiliser les c\u0153urs et les esprits et laisser le champ libre \u00e0 leur exploitation \u00e9hont\u00e9e de l\u2019humain.<br \/>\nA ce point nomm\u00e9, les minorit\u00e9s organis\u00e9es en conscience comprennent qu\u2019elles ne doivent pas baisser la garde. Elles savent ceci : \u00ab Informer, rendre transparentes les pratiques des ma\u00eetres est la t\u00e2che premi\u00e8re de l\u2019intellectuel. Les vampires craignent comme la peste la lumi\u00e8re du jour. \u00bb[7]<\/p>\n<p>Disons que ce que le Congo de Lumumba est en train de vivre depuis la guerre de l\u2019AFDL est \u00ab une criminalit\u00e9 organis\u00e9e \u00bb par \u00ab une \u00e9conomie gangst\u00e9riste de guerre permanente \u00bb. Elle tient \u00e0 \u00e9liminer tous les dignes fils et filles de ce pays. Kimbangu, Kimpa Vita, Lumumba, Chebeya, Bazana, Mbuza Mabe, Tungulu, Mamadou Ndala, Kalume, Serge Maheshe, Alain Moloto, etc. en sont tomb\u00e9s victimes. Et une guerre men\u00e9e en r\u00e9seau est difficile \u00e0 cerner quand on en conna\u00eet pas la v\u00e9ritable nature. Elle a des ennemis \u00e0 l\u2019ext\u00e9rieur et \u00e0 l\u2019int\u00e9rieur du pays. Malheureusement, une relecture biais\u00e9e de notre histoire ne nous aide pas \u00e0 avoir le fil rouge de cette criminalit\u00e9 organis\u00e9e. Souvent, certains d\u2019entre nous citent Adam Hochschild et l\u2019oubient aussit\u00f4t apr\u00e8s. \u00abLa terreur coloniale dans l\u2019Etat du Congo \u00bb se poursuit dans un Congo mis sous la tutelle de l\u2019ONU. Hier avec des \u2018\u2019Kapitas m\u00e9daill\u00e9s\u2019\u2019 ; aujourd\u2019hui, avec \u2018\u2019les nouveaux leaders de la renaissance africaine\u2019\u2019 et leurs complices op\u00e9rant dans les institutions agencifi\u00e9es du pays.<\/p>\n<h3><strong>Tupac Katari:\u00a0\u00ab Vous ne faites que me tuer : mais je reviendrai et je serai des millions. \u00bb<\/strong><\/h3>\n<p>Sommes-nous le seul peuple du monde \u00e0 subir les affres de la colonisation et de la n\u00e9ocolonisation ? Non. Plusieurs peuples de l\u2019Am\u00e9rique Latine sont pass\u00e9s par l\u00e0. Le Venezuela, l\u2019Equateur, la Bolivie en savent quelque chose.<br \/>\nPrenons un seul exemple, la Bolivie. Ind\u00e9pendante depuis 1825, elle a cru, pour une bonne partie de son peuple, r\u00e9ellement r\u00e9ussir \u00e0 se d\u00e9barrasser de l\u2019Etat colonial qu\u2019\u00e0 l\u2019\u00e9lection d\u2019Evo Morales en 2005. Pourquoi a-t-il cru en cela ? Evo Morales lui a donn\u00e9 la fiert\u00e9 d\u2019\u00eatre un peuple digne. En faisant quoi ? En cr\u00e9ant un Etat national pluriethnique ou plut\u00f4t un Etat de droit plurinational ayant la souverainet\u00e9 \u00e9conomique, culturelle, spirituelle et mat\u00e9rielle. Cet Etat a r\u00e9cup\u00e9r\u00e9 en les nationalisant les entreprises publiques g\u00e9rant les ressources du sol et du sous-sol bolivarien et en luttant contre la pauvret\u00e9. \u00ab Devenu ma\u00eetre de ses richesses et souverain sur sa terre, le peuple bolivien, soutient Evo Morales, doit construire une nation pluriethnique, d\u00e9mocratique et solidaire. \u00bb Et \u00ab pour lui, l\u2019Etat national est synonyme d\u2019Etat de droit. Il organise la justice sociale, l\u2019\u00e9quit\u00e9, la protection des droits de l\u2019homme. Il assure \u00e0 chacun la libert\u00e9 et la s\u00e9curit\u00e9. \u00bb Le peuple bolivien a-t-il chass\u00e9 les entrepreneurs priv\u00e9s ? Non. Il les g\u00e8re autrement. Quand ils sont impliqu\u00e9s dans la gestion des entreprises bolivariennes, ils prennent 18% du prix et les 82% vont \u00e0 l\u2019Etat. Cette op\u00e9ration est l\u00e9galis\u00e9e. Le gaz, le p\u00e9trole et les mines sont les propri\u00e9t\u00e9s du peuple bolivarien et cela ne se discute pas. Une Assembl\u00e9e constituante a l\u00e9gif\u00e9r\u00e9 sur toutes ces mati\u00e8res.<\/p>\n<p>Comment la Bolivie en est-il arriv\u00e9 l\u00e0 ? Elle a une tradition de la r\u00e9sistance contre les colons, les n\u00e9ocolons et leurs \u2018\u2019Kapita m\u00e9daill\u00e9s\u2019\u2019. D\u00e9j\u00e0 en 1781, la Bolivie a connu la mort atroce de l\u2019un de ses dignes fils, un indien, Julien Apaza, alias Tupac Katari. Apr\u00e8s avoir \u00e9gorg\u00e9 toute sa famille, les bourreaux espagnols le d\u00e9capit\u00e8rent. \u00ab Au bourreau qui allait le d\u00e9capiter, le jeune Tupac Katari aurait dit : \u00ab Vous ne faites que me tuer : mais je reviendrai et je serai des millions. \u00bb[8] Ces paroles ont \u00e9t\u00e9 transmises de g\u00e9n\u00e9ration en g\u00e9n\u00e9ration au cours des veill\u00e9es nocturnes. Et le MAS (Mouvement vers le socialisme), le Front de r\u00e9sistance ayant port\u00e9 Morales au pouvoir en 2005 fut majoritairement compos\u00e9 des h\u00e9ritiers de cette tradition. Et, il y a quelques semaines, Evo Morales vient d\u2019exproprier une entreprise espagnole d\u2019\u00e9lectricit\u00e9 en vue de la nationaliser.<\/p>\n<p>R\u00e9cup\u00e9rer sa souverainet\u00e9 en tout et pour tout, l\u00e9gif\u00e9rer (\u00e0 partir d\u2019une Assembl\u00e9e constituante repr\u00e9sentative d\u2019une nation plurielle) sur les mati\u00e8res sensibles de cette souverainet\u00e9 pour \u00e9viter les pi\u00e8ges de la d\u00e9r\u00e8glementation, de la lib\u00e9ralisation et de la privatisation tous azimuts du n\u00e9olib\u00e9ralisme, refonder l\u2019Etat sur la solidarit\u00e9 et la coop\u00e9ration aux d\u00e9pens de la matrice organisationnelle violente et mortif\u00e8re du capitalisme du d\u00e9sastre, tout cela peut permettre \u00e0 un pays de se tracer une voie alternative. Il n\u2019y a pas de roue \u00e0 inventer. Tout ou presque est dans les livres. Il faut oser lire et s\u2019instruire. Relayer ce qu\u2019on a lu aux autres sans crainte de la critique et du conflit \u2018\u2019ma\u00eetris\u00e9\u2019\u2019.<\/p>\n<h3><strong>Rompre avec le cycle infernal de l\u2019ensauvagement\u00a0<\/strong><\/h3>\n<p>Le Congo a besoin de son Front de r\u00e9sistance, contre vents et mar\u00e9es. Il doit refonder l\u2019\u00e9cole et y enseigner la relecture de son histoire \u00e0 partir de l\u2019engagement citoyen de ses dignes filles et fils. C\u2019est vrai. Il a op\u00e9r\u00e9, au cours de son histoire, par sa faute ou sous la pression des vampires, des mauvais choix politiques, g\u00e9opolitiques et g\u00e9ostrat\u00e9giques. Il est oblig\u00e9 de les corriger et\/ou de les modifier en profondeur. Il doit user de beaucoup d\u2019imagination, de cr\u00e9ativit\u00e9 et d\u2019inventivit\u00e9 pour s\u2019imposer des principes \u00e9thiques qui l\u2019aide \u00e0 rompre avec le cycle infernal de l\u2019ensauvagement o\u00f9 il est plong\u00e9 depuis longtemps.<\/p>\n<p>Ses dignes filles et fils doivent lire et relire Frantz Fanon et savoir qu\u2019il n\u2019y a qu\u2019un peuple souverain compos\u00e9 majoritairement de \u2018\u2019d\u00e9miurges\u2019\u2019 qui renverse les rapports de force dans ce monde domin\u00e9 par l\u2019argent.<br \/>\nOui. Ils doivent relire Frantz Fanon. Il \u00e9crit entre autres ceci : \u00ab Notre tort \u00e0 nous, Africains, est d\u2019avoir oubli\u00e9 que l\u2019ennemi ne recule jamais sinc\u00e8rement. Il ne comprend jamais. Il capitule mais ne se convertit pas. Notre tort est d\u2019avoir cru que l\u2019ennemi avait perdu de sa combativit\u00e9 et de sa nocivit\u00e9. \u00bb<\/p>\n<p>Relire Frantz Fanon et bien d\u2019autres pour passer de notre collective cr\u00e9dulit\u00e9 \u00e0 de nouvelles croyances inform\u00e9es par notre processus historique relu de mani\u00e8re critique et par les processus sans lesquels les autres peuples du monde n\u2019auraient pu se d\u00e9barrasser de l\u2019imp\u00e9rialisme et du n\u00e9ocolonialisme d\u00e9shumanisants. Qui aurait cru que John Kerry irait avou\u00e9, officiellement, qu\u2019apr\u00e8s avoir pratiqu\u00e9 la doctrine Monroe en Am\u00e9rique Latine, pendant longtemps en la traitant comme son arri\u00e8re-cour, son pays y renon\u00e7ait ? (La doctrine Monroe n\u2019a pas \u00e9t\u00e9 l\u2019invention des \u2018\u2019apprentis politiciens\u2019\u2019 sud-am\u00e9ricain , mais de l\u2019empire US comme les guerres de haute ou basse intensit\u00e9 que \u00ab sa politique profonde \u00bb a impos\u00e9e aux autres peuples au nom de son exceptionnalisme et l\u2019id\u00e9ologie du \u2018\u2019choix divin\u2019\u2019 dont il croit jouir.)<\/p>\n<p>Le sang des martyrs des peuples luttant sur le temps f\u00e9conde leurs luttes. Ils peuvent, \u00e0 la suite de Mao dire : \u00ab De d\u00e9faite en d\u00e9faite jusqu\u2019\u00e0 la victoire finale \u00bb ! Et quand leurs dignes fils et filles tombent au front parce qu\u2019ils portent en eux des id\u00e9aux nobles, ils ne meurent pas : \u2018\u2019ils passent de l\u2019autre c\u00f4t\u00e9\u2019\u2019, dans \u2018\u2019la cour-toujours-balay\u00e9e\u2019\u2019 de Maweja. N\u2019emp\u00eache que nous puissions apprendre collectivement \u00e0 faire la diff\u00e9rence entre \u2018\u2019passer de l\u2019autre c\u00f4t\u00e9\u2019\u2019 pour une cause patriotique et juste et mourir par notre faute ou par ignorance pour les entreprises. M\u00eame si cela est souvent difficile \u00e0 percevoir.<\/p>\n<div><\/div>\n<div><em>Mbelu Babanya Kabudi<\/em><\/div>\n<div><\/div>\n<div>\n<hr align=\"left\" size=\"1\" width=\"33%\" \/>\n<div>[1]\u00a0J. KIZERBO,\u00a0<i>A quand l\u2019Afrique. Entretiens avec Ren\u00e9 Holenstein<\/i>, Paris, L\u2019aube, 2003, p. 48.<\/div>\n<div>[2]\u00a0<i>Ibidem<\/i>.<\/div>\n<div>[3]\u00a0<i>Ibidem<\/i>.<\/div>\n<div>[4]\u00a0A. DENEAULT et D. ABADI,\u00a0<i>Noir Canada. Pillage, corruption et criminalit\u00e9 en Afrique<\/i>, Montr\u00e9al, Ecosoci\u00e9t\u00e9, 2008.<\/div>\n<div>[5]\u00a0J. ZIEGLER,\u00a0<i>L\u2019empire de la honte<\/i>, Paris, Fayard, 2005, p. 320.<\/div>\n<div>[6]\u00a0L\u2019un des moyens intellectuels est la lutte que\u00a0 leurs experts m\u00e8nent contre les points de vue alternatifs. Ils en font des points de vue communistes ou \u00ab\u00a0travaillistes belges\u00a0\u00bb. Pernicieusement, ils ferment le chemin vers la lecture d\u2019autres textes, d\u2019autres r\u00e9f\u00e9rences ou d\u2019autres documents propos\u00e9s par \u2018\u2019les relayeurs\u2019\u2019 et permettant le choc des id\u00e9es. Il y a dans leur chef comme un retour du principe\u00a0: \u00ab\u00a0Magister dixit\u00a0\u00bb. Ils veulent ainsi d\u00e9truire l\u2019un des principes chers aux Lumi\u00e8res\u00a0:\u00a0le \u2018\u2019sapere aude\u2019\u2019. Cette invitation \u00e0 oser user de son entendement en sortant des sentiers battus par le capitalisme du d\u00e9sastre et ses\u00a0 \u00ab\u00a0petites mains expertes\u00a0\u00bb.<\/div>\n<div>[7]\u00a0<i>Ibidem<\/i>.<\/div>\n<div>[8]\u00a0J. ZIEGLER,\u00a0<i>La haine de l\u2019Occident<\/i>, Paris, Albin Michel, 2008, p. 211.<\/div>\n<\/div>\n","protected":false},"excerpt":{"rendered":"<p>Par Jean-Pierre Mbelu (en m\u00e9moire de Mamadou Moustapha Ndala) Qui vient de tuer Mamadou Moustapha Ndala ? Qui a tir\u00e9 sur nos enfants \u00e0 la RTNC, \u00e0 l\u2019a\u00e9roport, au camp Tshatshi, dans les rues de Lubumbashi ou \u00e0 l\u2019a\u00e9roport de Kindu ? Qui a dit aux partisans de Jean-Pierre Bemba, apr\u00e8s la mascarade \u00e9lectorale de [&hellip;]<\/p>\n","protected":false},"author":1,"featured_media":6253,"comment_status":"open","ping_status":"open","sticky":false,"template":"","format":"standard","meta":{"_acf_changed":false,"content-type":"","footnotes":""},"categories":[107,124],"tags":[],"class_list":["post-6252","post","type-post","status-publish","format-standard","has-post-thumbnail","hentry","category-analyses-commentaires","category-politique-societe"],"acf":[],"_links":{"self":[{"href":"https:\/\/congolobilelo.com\/IN\/wp-json\/wp\/v2\/posts\/6252","targetHints":{"allow":["GET"]}}],"collection":[{"href":"https:\/\/congolobilelo.com\/IN\/wp-json\/wp\/v2\/posts"}],"about":[{"href":"https:\/\/congolobilelo.com\/IN\/wp-json\/wp\/v2\/types\/post"}],"author":[{"embeddable":true,"href":"https:\/\/congolobilelo.com\/IN\/wp-json\/wp\/v2\/users\/1"}],"replies":[{"embeddable":true,"href":"https:\/\/congolobilelo.com\/IN\/wp-json\/wp\/v2\/comments?post=6252"}],"version-history":[{"count":0,"href":"https:\/\/congolobilelo.com\/IN\/wp-json\/wp\/v2\/posts\/6252\/revisions"}],"wp:featuredmedia":[{"embeddable":true,"href":"https:\/\/congolobilelo.com\/IN\/wp-json\/"}],"wp:attachment":[{"href":"https:\/\/congolobilelo.com\/IN\/wp-json\/wp\/v2\/media?parent=6252"}],"wp:term":[{"taxonomy":"category","embeddable":true,"href":"https:\/\/congolobilelo.com\/IN\/wp-json\/wp\/v2\/categories?post=6252"},{"taxonomy":"post_tag","embeddable":true,"href":"https:\/\/congolobilelo.com\/IN\/wp-json\/wp\/v2\/tags?post=6252"}],"curies":[{"name":"wp","href":"https:\/\/api.w.org\/{rel}","templated":true}]}}