{"id":6248,"date":"2014-01-02T09:36:45","date_gmt":"2014-01-02T09:36:45","guid":{"rendered":"http:\/\/www.ingeta.com\/?p=6248"},"modified":"2014-01-02T09:36:45","modified_gmt":"2014-01-02T09:36:45","slug":"quelle-lecture-faire-des-evenements-du-30-decembre-2013-en-rdc","status":"publish","type":"post","link":"https:\/\/congolobilelo.com\/IN\/quelle-lecture-faire-des-evenements-du-30-decembre-2013-en-rdc\/","title":{"rendered":"Quelle lecture faire des \u00e9v\u00e9nements du 30 d\u00e9cembre 2013 en RDC?"},"content":{"rendered":"<p>\t\t\t\tPar <a href=\"http:\/\/desc-wondo.org\/speciale-enquete-quelle-lecture-faire-des-evenements-du-30-decembre-2013-en-rdc-jj-wondo\/\">Jean-Jacques Wondo<\/a><\/p>\n<p><strong>Les \u00e9v\u00e9nements qui se sont d\u00e9roul\u00e9s simultan\u00e9ment ce 30 d\u00e9cembre 2013 \u00e0 Kinshasa, \u00e0 Lubumbashi et \u00e0 Kindu ne cessent de susciter un d\u00e9ferlement des commentaires et fantasmes de tous genres. A ce jour, aucune analyse s\u00e9rieuse ni article de presse n\u2019est parvenu de faire la lumi\u00e8re sur les tenants et aboutissants ce que l\u2019on qualifie d\u00e9j\u00e0 de l\u2019 \u00ab Affaire Mukungubila \u00bb. Les premi\u00e8res r\u00e9actions lues, vues et entendues ici et l\u00e0 font transpara\u00eetre la pr\u00e9cipitation et le manque de recul dans la lecture de ces \u00e9v\u00e9nements car empreintes d\u2019une dose \u00e9lev\u00e9e d\u2019\u00e9motivit\u00e9 qui a obnubil\u00e9 chez plusieurs la facult\u00e9 d\u2019analyse froide, fouill\u00e9e et r\u00e9fl\u00e9chie. Fid\u00e8le \u00e0 sa d\u00e9vise \u00ab Connaitre pour Agir \u00bb, DESC essaie de livrer une analyse technique au d\u00e9part de quelques pistes d\u2019enqu\u00eate, en se basant sur des techniques d\u2018analyse criminologiques.<\/strong><\/p>\n<p>Selon l\u2019analyste et expert en diplomatie\u00a0<strong>Henri Kamande Nzuzi<\/strong>\u00a0qui nous a fait part de sa premi\u00e8re analyse, \u00ab\u00a0<em>concernant ce qu\u2019il se passe actuellement, je pense qu\u2019il ne faut y voir qu\u2019un \u00e9ni\u00e8me avertissement \u00e0 Kabila venant de la garde rapproch\u00e9e de Numbi et des katangais. Par la nomination de Bisengemana comme chef national de la police, Numbi est d\u00e9finitivement \u00e9cart\u00e9 apr\u00e8s qu\u2019on lui ait \u00e0 plusieurs reprises promis une r\u00e9habilitation par le pouvoir. Les katangais se sentent flou\u00e9s et sont frustr\u00e9s depuis un bon moment, ils ont l\u2019impression de perdre le pouvoir au profit d\u2019autres provinces. Kamerhe en avait fait les frais devenant trop puissant, de plus, ils ont tous en t\u00eate 2016. Comment expliquez-vous le fait que Kabila n\u2019arrive toujours pas \u00e0 mettre en place un nouveau gouvernement? Le Katanga veut la part du lion en pr\u00e9vision des prochaines \u00e9lections, mais Kabila r\u00e9siste, chaque fois qu\u2019il y a une attaque\/menace des Bakata Katanga au Katanga tout le monde sait que ce sont les balubakat qui sont derri\u00e8re avec \u00e9videmment Numbi et ses simbas. Il est \u00e9tonnant que cette attaque arrive juste apr\u00e8s la confirmation de Bisengemana comme chef de la police. Il devenait d\u00e9rangeant, trop puissant\u2026 Bon c\u2019est mon analyse mais, je crois fonci\u00e8rement que le vers est dans le fruit du pouvoir et que la guerre est avant tout interne. Le renforcement des anciens mobutistes autour de Kabila, n\u2019est pas au gout de \u00ab\u00a0ses fr\u00e8res\u00a0\u00bb katangais\u2026 les \u00e9v\u00e8nements d\u2019aujourd\u2019hui sont pour moi juste un avertissement \u00e0 qui de droit qu\u2019ils peuvent attaquer m\u00eame \u00e0 Kinshasa..<\/em>.\u00a0\u00bb. Une analyse que nous partageons. M. Nzuzi est responsable de la radio en ligne :<a href=\"http:\/\/desc-wondo.org\/speciale-enquete-quelle-lecture-faire-des-evenements-du-30-decembre-2013-en-rdc-jj-wondo\/www.mbote.info\">\u00a0www.mbote.info<\/a>)<\/p>\n<h3><strong>Trois villes symboliques pour le r\u00e9gime de Kabila<\/strong><\/h3>\n<p>La premi\u00e8re question que l\u2019on se pose est de savoir pourquoi les attaques simultan\u00e9es \u00e0 Kinshasa, Lubumbashi et Kindu\u00a0? Cela renvoie directement \u00e0 constater que ces trois villes ont une importance non seulement g\u00e9o-sociopolitique pour le pr\u00e9sident Kabila mais aussi strat\u00e9gique vu l\u2019importance que rev\u00eatent ces villes pour quiconque analyse le fonctionnement du r\u00e9gime depuis 2001.<\/p>\n<p>D\u2018abord, Kinshasa reste indubitablement le si\u00e8ge des institutions et le centre n\u00e9vralgique de l\u2019Etat et de la diplomatie en RDC. Qui ne contr\u00f4le pas Kinshasa ne contr\u00f4le pas encore la RDC.\u00a0Donc attaquer Kinshasa et monter la fragilit\u00e9 de ses institutions et de son dispositif s\u00e9curitaire revient \u00e0 montrer la faiblesse du r\u00e9gime. Ainsi, pendant plus de quatre heures durant, Kinshasa est demeur\u00e9e sans chef, tous les officiels militaires et politiques ont brill\u00e9 par leur absence pendant que les assaillants se faisaient ma\u00eetres de la capitale au point que la rumeur d\u2019un coup \u2018\u00e9tat imminent se r\u00e9pandit come une train\u00e9e de poudre aux quatre coins du monde. Et dans cette confusion totale, le pouvoir \u00e9tait effectivement dans la rue avant que le d\u00e9mineur m\u00e9diatique, le ministre Mende vienne rassurer la population sans vraiment convaincre l\u2019opinion. Ce n\u2019est que vers 16 heures que DESC est parvenu \u00e0 joindre ses diff\u00e9rents contacts partout dans le pays, particuli\u00e8rement dans les diff\u00e9rents services de s\u00e9curit\u00e9s de l\u2019arm\u00e9e, de la police, des renseignements militaires et civils, des responsables politiques et autres sources expatri\u00e9es locales. A notre grande surprise, ces contacts, soi-disant de hauts niveaux, comptaient plut\u00f4t sur DESC pour leur fournir plus d\u2018informations et d\u2019analyses sur ces \u00e9v\u00e9nement qu\u2019ils \u00e9taient plut\u00f4t cens\u00e9s \u00eatre les premiers \u00e0 nous informer car devant \u00eatre sur le front de l\u2019action. Que nenni\u00a0! Presque tous \u00e9taient \u00e0 la bonne planque. Le r\u00e9gime a trembl\u00e9 car Kinshasa a eu vraiment peur\u00a0!<\/p>\n<p>Puis Lubumbashi qui en plus d\u2019\u00eatre la capitale du poumon \u00e9conomique de la RDC, Katanga, est \u00e9galement le fief ethnor\u00e9gional du pr\u00e9sident Kabila.\u00a0La province qui, aux c\u00f4t\u00e9s des ressortissants Tutsi-Banyamulenge\u00a0\u00bb pourvoit l\u2019essentiel du pr\u00e9-carr\u00e9 s\u00e9curitaire du \u00ab\u00a0ra\u00efs\u00a0\u00bb, notamment au sein de l\u2019ethnie Balubakat. Le Katanga se taille \u00e9galement la part du lion dans la distribution des postes politiques et \u00e9tatiques en RDC depuis 1997. Tenez, depuis son \u00e9lecvtion en 2006, tous les ministres de la D\u00e9fense sont Katangais (Chikez Diemu, Mwando Simba, Luba Tambo), Sur le plan s\u00e9curitaire, les hommes fors du r\u00e9gime sont\u00a0:<\/p>\n<ul>\n<li>le g\u00e9n\u00e9ral-major\u00a0Dieudonn\u00e9 Banze Lubunji\u00a0(Lubakat, ex-FAZ, issu\u00a0de la 8\u00e8me\u00a0promotion de l\u2019EFO-Kananga). Banze dirige la garde r\u00e9publicaine (GR) pr\u00e9sidentielle compos\u00e9e essentiellement de Katangais provenant en majorit\u00e9 de l\u2019ethnie Lubakat \u00e0 laquelle est associ\u00e9e Kabila. Une garde pr\u00e9torienne dont les derni\u00e8res estimations recensent environ 18.600 hommes dont 6.000 surarm\u00e9s, qui n\u2019a \u00e9t\u00e9 que partiellement \u2018brass\u00e9e\u2019 et\u00a0\u00e9chappe au contr\u00f4le effectif du chef d\u2019\u00e9tat-major g\u00e9n\u00e9ral des FARDC.<\/li>\n<\/ul>\n<ul>\n<li>Le g\u00e9n\u00e9ral-Major\u00a0Damas Kabulo\u00a0(Lubakat de m\u00e8re Tutsi, issu de la 6\u00e8me\u00a0promotion de l\u2019EFO), je Secr\u00e9taire g\u00e9n\u00e9ral du minist\u00e8re de la D\u00e9fense, est un ex-FAZ du Service d\u2019actions et de renseignement militaire (SARM). Kabulo a dirig\u00e9 la DEMIAP jusqu\u2019\u00e0 l\u2019assassinat de L.D. Kabila. Il deviendra le chef de la Maison militaire du chef de l\u2019Etat lorsque Joseph Kabila est devenu pr\u00e9sident. le g\u00e9n\u00e9ral Kabulo est cit\u00e9 actuellement comme l\u2019\u00e9minence grise sur le plan militaire de Kabila.<\/li>\n<\/ul>\n<ul>\n<li>Les Balubakat\u00a0:\u00a0le g\u00e9n\u00e9ral de brigade\u00a0Jean-Claude Yav Kabej\u00a0(chef des renseignements militaires\u00a0: D\u00e9miap) et\u00a0Kalev Mutond\u00a0(chef du service de renseignement civil, ANR) ont jou\u00e9 un r\u00f4le-cl\u00e9 dans les contacts secrets entretenus entre Kinshasa et Kigali durant la guerre contre le M23.<\/li>\n<\/ul>\n<ul>\n<li><strong>D\u2019autres Katangais dans les institutions et s\u00e9curit\u00e9<\/strong>:<\/li>\n<\/ul>\n<p>Trois katangais \u00e0 la t\u00eate des 3 des 11 r\u00e9gions militaires<\/p>\n<table border=\"0\" cellspacing=\"0\" cellpadding=\"0\">\n<tbody>\n<tr>\n<td valign=\"top\" width=\"76\"><strong>Num\u00e9ro RM<\/strong><\/td>\n<td valign=\"top\" width=\"126\"><strong>Province<\/strong><\/td>\n<td valign=\"top\" width=\"260\"><strong>Commandant<\/strong><\/td>\n<td valign=\"top\" width=\"144\"><strong>Province d\u2019origine<\/strong><\/td>\n<\/tr>\n<tr>\n<td valign=\"top\" width=\"76\">7\u00e8me<\/td>\n<td valign=\"top\" width=\"126\">Maniema<\/td>\n<td valign=\"top\" width=\"260\">\u00a0Gen-Bde Bobo Kakudji<\/td>\n<td valign=\"top\" width=\"144\">Katanga<\/td>\n<\/tr>\n<tr>\n<td valign=\"top\" width=\"76\">9\u00e8me<\/td>\n<td valign=\"top\" width=\"126\">Province Orientale<\/td>\n<td valign=\"top\" width=\"260\">Gen-Maj.\u00a0<strong>Jean-Claude Kifwa Kambili<\/strong><\/td>\n<td valign=\"top\" width=\"144\">Katanga<\/td>\n<\/tr>\n<tr>\n<td valign=\"top\" width=\"76\">11\u00e8me<\/td>\n<td valign=\"top\" width=\"126\">Kinshasa<\/td>\n<td valign=\"top\" width=\"260\">Gen-Bde. Abdallah\u00a0<strong>Nyembo Betu.<\/strong>\u00a0Il remplace du Gen-Maj. Nabyolwa(Kivu)<\/td>\n<td valign=\"top\" width=\"144\">Katanga<\/td>\n<\/tr>\n<\/tbody>\n<\/table>\n<p>Les Katangais dans le secteur de la d\u00e9fense et s\u00e9curit\u00e9 et autres secteurs strat\u00e9gique en RDC<\/p>\n<table border=\"1\" cellspacing=\"0\" cellpadding=\"0\">\n<tbody>\n<tr>\n<td valign=\"top\" width=\"169\">Fonction<\/td>\n<td valign=\"top\" width=\"151\">Nom<\/td>\n<td valign=\"top\" width=\"84\">Origine<\/td>\n<td valign=\"top\" width=\"216\">Observations<\/td>\n<\/tr>\n<tr>\n<td valign=\"top\" width=\"169\">Ministre de la D\u00e9fense<\/td>\n<td valign=\"top\" width=\"151\">Alexandre Luba Ntambo<\/td>\n<td valign=\"top\" width=\"84\">Katanga<\/td>\n<td valign=\"top\" width=\"216\">Pharmacien de formation<\/td>\n<\/tr>\n<tr>\n<td valign=\"top\" width=\"169\">Secr. G\u00e9n de la D\u00e9fense nat.<\/td>\n<td valign=\"top\" width=\"151\">Vice-amiral D. Kabulo<\/td>\n<td valign=\"top\" width=\"84\">\u00a0Lubakat<\/td>\n<td valign=\"top\" width=\"216\">M\u00e8re Tutsi.\u00a0Proche des Tutsi du RCD<\/td>\n<\/tr>\n<tr>\n<td valign=\"top\" width=\"169\">Chef d\u2019EM Renseignements militaires (D\u00e9miap)\u00a0<a title=\"\" href=\"http:\/\/desc-wondo.org\/speciale-enquete-quelle-lecture-faire-des-evenements-du-30-decembre-2013-en-rdc-jj-wondo\/#_ftn1\">[1]<\/a><\/td>\n<td valign=\"top\" width=\"151\">Gen-Bde Jean-Claude Yav Kabej<\/td>\n<td valign=\"top\" width=\"84\">(Katanga)<\/td>\n<td valign=\"top\" width=\"216\">Il succ\u00e8de au Gen\u00a0Kitenge Tundwa. Un Katangais mari\u00e9 \u00e0 uneTutsi<\/td>\n<\/tr>\n<tr>\n<td valign=\"top\" width=\"169\">Chef EM particulier adjoint du Chef de l\u2019Etat<\/td>\n<td valign=\"top\" width=\"151\">Gen-Maj Constantin Ilunga Kapambu<\/td>\n<td valign=\"top\" width=\"84\">Katanga (Mulubakat)<\/td>\n<td valign=\"top\" width=\"216\">Il seconde le Gen C\u00e9lestin Mbala, en suspension<\/td>\n<\/tr>\n<tr>\n<td valign=\"top\" width=\"169\">Commandant de la garde\u00a0\u00a0 r\u00e9publicaine (GR)<\/td>\n<td valign=\"top\" width=\"151\">Gen-Maj Dieudonn\u00e9 Banze Lubunji<\/td>\n<td valign=\"top\" width=\"84\">Katanga (Mulubakat)<\/td>\n<td valign=\"top\" width=\"216\"><\/td>\n<\/tr>\n<tr>\n<td valign=\"top\" width=\"169\">1er Pr\u00e9sident de la Haute cour militaire<\/td>\n<td valign=\"top\" width=\"151\">Gen Bde Delphin Nyembo Yabuzilu<\/td>\n<td valign=\"top\" width=\"84\">Katanga<\/td>\n<td valign=\"top\" width=\"216\"><\/td>\n<\/tr>\n<tr>\n<td valign=\"top\" width=\"169\">Directeur de l\u2019ANR<\/td>\n<td valign=\"top\" width=\"151\">Colonel Kalev Mutond<\/td>\n<td valign=\"top\" width=\"84\">Katanga (Mulubakat)<\/td>\n<td valign=\"top\" width=\"216\">Il remplace\u00a0Jean-Pierr Daruwezi(Prov. orientale)<\/td>\n<\/tr>\n<tr>\n<td valign=\"top\" width=\"169\">Commissaire\u00a0g\u00e9n\u00e9ral de la PNC<\/td>\n<td valign=\"top\" width=\"151\">Gen-maj Charles Bisengimana<\/td>\n<td valign=\"top\" width=\"84\">Tutsi du Kivu<\/td>\n<td valign=\"top\" width=\"216\">En remplacement du Gen-Maj John Numbi (Katangais)<\/td>\n<\/tr>\n<tr>\n<td valign=\"top\" width=\"169\">Ministre Int\u00e9rieur, S\u00e9curit\u00e9\u2026<\/td>\n<td valign=\"top\" width=\"151\">Richard Muyej<\/td>\n<td valign=\"top\" width=\"84\">Katanga<\/td>\n<td valign=\"top\" width=\"216\"><\/td>\n<\/tr>\n<tr>\n<td valign=\"top\" width=\"169\">Ministre de la Justice\u2026<\/td>\n<td valign=\"top\" width=\"151\">Wivine Mumba Matipa<\/td>\n<td valign=\"top\" width=\"84\">Katanga<\/td>\n<td valign=\"top\" width=\"216\">Apparent\u00e9e \u00e0 A. Katumba Mwanke<\/td>\n<\/tr>\n<tr>\n<td valign=\"top\" width=\"169\">Gouverneur de la Banque Centrale<\/td>\n<td valign=\"top\" width=\"151\">Deogratias Mutombo<\/td>\n<td valign=\"top\" width=\"84\">Katanga Lubakat<\/td>\n<td valign=\"top\" width=\"216\"><\/td>\n<\/tr>\n<tr>\n<td valign=\"top\" width=\"169\">Commandant adjt \u00e0 la PNC<\/td>\n<td valign=\"top\" width=\"151\">Ra\u00fcs Chalwe<\/td>\n<td valign=\"top\" width=\"84\">Katangais<\/td>\n<td valign=\"top\" width=\"216\">d\u2019origine zambienne<\/td>\n<\/tr>\n<tr>\n<td valign=\"top\" width=\"169\">Commandant de la Police du Bas-Congo<\/td>\n<td valign=\"top\" width=\"151\">Patience Mushidi Yav<\/td>\n<td valign=\"top\" width=\"84\">Katangais<\/td>\n<td valign=\"top\" width=\"216\">Le Bas-Congo reste depuis 2006 une province oppos\u00e9e \u00e0 Kabila<\/td>\n<\/tr>\n<tr>\n<td valign=\"top\" width=\"169\">Procureur G\u00e9n\u00e9ral de la R\u00e9p<\/td>\n<td valign=\"top\" width=\"151\">Kabange Numbi<\/td>\n<td valign=\"top\" width=\"84\">Mulubakat<\/td>\n<td valign=\"top\" width=\"216\">Proche de Murigande et Ruberwa<\/td>\n<\/tr>\n<tr>\n<td valign=\"top\" width=\"169\"><\/td>\n<td valign=\"top\" width=\"151\"><\/td>\n<td valign=\"top\" width=\"84\"><\/td>\n<td valign=\"top\" width=\"216\"><\/td>\n<\/tr>\n<\/tbody>\n<\/table>\n<p><em>Source\u00a0:\u00a0Les Arm\u00e9es au Congo-Kinshasa\u00a0et recoupements propres.<\/em><\/p>\n<p>Depuis peu, deux autres anciennes figures de proue font leur come-back dans l\u2019inner circle du pr\u00e9sident\u00a0:<strong>Ma\u00eetre Jean Mbuyu et Ma\u00eetre Norbert Nkulu Kilombo<\/strong><strong>\u00a0:<\/strong>\u00a0Ces deux katangais, conseillers de Kabila, sont de plus en plus cit\u00e9s pour succ\u00e9der \u00e0 Katumba Mwanke \u00e0 la t\u00eate du \u00ab\u00a0Gouvernement parall\u00e8le\u00a0\u00bb ou\u00a0<strong>le \u00ab\u00a0<\/strong><strong>COST<\/strong>\u00a0\u00bb<strong>(Comit\u00e9 de strat\u00e9gie)<\/strong><a title=\"\" href=\"http:\/\/desc-wondo.org\/speciale-enquete-quelle-lecture-faire-des-evenements-du-30-decembre-2013-en-rdc-jj-wondo\/#_ftn3\">[3]<\/a><strong><\/strong>et remplacer Pierre Lumbi comme conseiller sp\u00e9cial du chef de l\u2019Etat en mati\u00e8re de s\u00e9curit\u00e9. Il y a lieu de signaler que le ministre de la D\u00e9fense, Alexandre Luba, a \u00e9t\u00e9 le directeur de cabinet adjoint de Mbuyu. Selon les c\u00e2bles wikileaks, Mbuyu, en contact avec l\u2019ambassade am\u00e9ricaine \u00e0 Kinshasa, a jou\u00e9 un r\u00f4le central dans le choix de Joseph Kabila \u00e0 la t\u00eate du Congo (Jeune Afrique, 18\/04\/2013). Ma\u00eetre Nkulu, l\u2019actuel ambassadeur de la RDC \u00e0 Kigali, a \u00e9t\u00e9 charg\u00e9, entre-autres, par le pr\u00e9sident Kabila pour traiter l\u2019\u00e9pineux dossier des r\u00e9fugi\u00e9s Tutsi congolais install\u00e9s au Rwanda. Nkulu serait pressenti pour remplacer Gustave Beya au poste de directeur de cabinet de Kabila.<\/p>\n<p>Enfin\u00a0<strong>la ville de Kindu\u00a0<\/strong>est symbolique de l\u2019attachement de Kabila \u00e0 la province du Maniema d\u2019o\u00f9 est originaire Madame Sifa Mahanya, pr\u00e9sent\u00e9e comme \u00e9tant la m\u00e8re biologique de Kabila, malgr\u00e9 plusieurs th\u00e8ses prouvant le contraire, notamment sa filiation Tutsi via une dame Tutsi \u00e9galement m\u00e8re d\u2019une troisi\u00e8me \u00e9pouse de Museveni. Maniema est une petite province qui ne p\u00e8se pas g\u00e9opolitiquement mais mise en orbite par Kabila pour consolider son ancrage congolais dans une province enclav\u00e9e du Congo devant prouver sa congolit\u00e9. Et Kindu semble servie sur un plateau d\u2019or sur le plan s\u00e9curitaire et politique avec de gros calibres comme le Premier\u00a0ministre\u00a0<strong>Matata Ponyo Mapon<\/strong>\u00a0(de m\u00e8re Tutsi), le Conseiller sp\u00e9cial en s\u00e9curit\u00e9,\u00a0<strong>Pierre Lumbi Okongo<\/strong>\u00a0(De m\u00e8re Tutsi Munyamulenge), le g\u00e9n\u00e9ral d\u2018arm\u00e9e le Kusu-tetela de Kibombo Fran\u00e7ois Olenga, chef int\u00e9rimaire de l\u2019arm\u00e9e de terre, le tout puissant, m\u00eame suspendu, le<strong>\u00a0g\u00e9n\u00e9ral Gabriel Amisi Tango four<\/strong>. Ce<strong>\u00a0Lega du territoire de Punia dans le Maniema<\/strong>, connu sous le code de \u00ab\u00a0Tango Four\u00a0\u00bb pour avoir \u00e9t\u00e9 responsable de la logistique (<em>T4 : tango four<\/em>) au sein du RCD-Goma, continue, malgr\u00e9 sa suspension, de faire partie des g\u00e9n\u00e9raux de confiance du pr\u00e9sident Kabila. Cet ex-FAZ, issu de la 20\u00e8mepromotion de l\u2019EFO, s\u2019est ralli\u00e9 \u00e0 l\u2019AFDL en 1996 avant de rejoindre le RCD-Goma au sein duquel il s\u2019est illustr\u00e9 notamment dans la r\u00e9pression brutale de la mutinerie \u00e0 Kisangani en mai 2002. Il s\u2019est ensuite rapproch\u00e9 du pr\u00e9sident Kabila en 2004 lorsque ses compagnons d\u2019armes Nkunda et Mutebusi ont refus\u00e9 de rejoindre les FARDC. Il a \u00e9t\u00e9 cit\u00e9 comme \u00e9tant \u00e0 la base de la chute de Goma en 2012 en ordonnant aux troupes de battre retraite et de replier vers Sake. Acte passible de haute trahison mais le g\u00e9n\u00e9ral, tr\u00e8s proche de Sifa Mahanya, vaque librement \u00e0 ses business \u00e0 Kindu et continuerait d\u2019entretenir des milices locales.<\/p>\n<p><strong>En attaquant Lubumbashi et Kindu, le but des assaillants \u00e9tait sans doute de lancer un avertissement \u00e0 Kabila qu\u2019il serait priv\u00e9 de sa base arri\u00e8re ethnor\u00e9gionale si le bras de fer avec les acteurs de l\u2019ombre de ces attaques se poursuivait.<\/strong>\u00a0Kabila aurait d\u00e9j\u00e0 perdu les deux Kivu,\u00a0malgr\u00e9 sa tentative en demie teinte de re-s\u00e9duction du Nord-Kivu lors de son dernier voyage provinciale, o\u00f9 les jeunes activistes de La Lucha (les indignados de Goma) l\u2019ont accueilli avec des slogans peu flatteurs. (<a href=\"http:\/\/afrikarabia2.blogs.courrierinternational.com\/archive\/2013\/12\/16\/la-lucha-les-indignados-de-goma-49449.html\">http:\/\/afrikarabia2.blogs.courrierinternational.com\/archive\/2013\/12\/16\/la-lucha-les-indignados-de-goma-49449.html<\/a>).<\/p>\n<p>Derri\u00e8re Lubumbashi (Katanga) et Kindu (Maniema) planent selon certaines sources s\u00e9curitaires anonymes congolaises les mains de John Numbi et Amisi Tango Fort qui se sentiraient frustr\u00e9s de ce que leurs postes respectifs de commissaire g\u00e9n\u00e9ral de la PNC et de chef d\u2019\u00e9tat-major de l\u2019arm\u00e9e de terre leur \u00e9chappent d\u00e9finitivement depuis l\u2019officialisation du Tutsi Bisengimana \u00e0 la t\u00eate e la PNC. Autant Tango Four contr\u00f4le les miliciens Bakata-Katanga dans la province cuprif\u00e8re de\u00a0m\u00eame Amisi contr\u00f4le quelques Ma\u00ef-Ma\u00ef dans le Maniema, m\u00eame les Kivu. On peut criminologiquement interpr\u00e9ter l\u2019attaque de ce ces deux villes comme marque de fabrique de ces deux officiers fougueux et ambitieux de surcroit qui tiennent \u00e0 lancer un signal qu\u2019ils restent ma\u00eetres de leurs fiefs provinciaux. D\u2019autre part, contrairement aux premi\u00e8res r\u00e9actions \u00e9mises \u00e7a et l\u00e0, il ne s\u2019agirait pas que d\u2019un m\u00e9contentement des Balubakat bien choy\u00e9s par le r\u00e9gime. Mais bien d\u2019autres ethnies du Katanga (notamment du sud comme les Bemba et les Lunda \u00e0 laquelle appartient Numbi) qui ne se retrouvent pas non plus dans la r\u00e9partition des postes rafl\u00e9s par les Balubakat. Et pourtant le sud est \u00e9conomiquement plus riche que le nord Katanga, pauvre, dont le poids \u00e9conomique ans la province est tr\u00e8s faible. A cela, il faut afficher les ambitions plus que probables de\u00a0<strong>Mo\u00efse Katumbi<\/strong>\u00a0(un Bemba du sud) qui pourrait s\u2019allier \u00e0 Numbi et qui aurait affich\u00e9 ses ambitions pour 2016 au sein de certains milieux ferm\u00e9s. Cette crainte des Katangais pourraient les amener \u00e0 se poser davantage des questions sur les d\u00e9c\u00e8s de Samba Kaputo et Katumba Mwanke, deux Katangais du pr\u00e9-carr\u00e9 de Kabila dont les circonstances de leurs disparitions n\u2019ont jamais apais\u00e9 certains esprits. Une bo\u00eete de pandore pourrait alors s\u2019ouvrir\u2026<\/p>\n<p>On peut enfin d\u00e9duire que la domination Tutsi au sein des services de s\u00e9curit\u00e9 congolais suscite des frustrations dans les rangs.\u00a0En 2012, une enqu\u00eate FARDC, r\u00e9alis\u00e9e par le g\u00e9n\u00e9ral Kabeya Nkongolo, a recens\u00e9 un taux anormalement tr\u00e8s \u00e9lev\u00e9 de 35% des officiers sup\u00e9rieurs et g\u00e9n\u00e9raux Tutsi dans le Nord et le Sud-Kivu. Le nombre des officiers Tutsi des unit\u00e9s op\u00e9rant dans deux Kivu est plus \u00e9lev\u00e9 que le nombre de leurs coll\u00e8gues de toutes les autres ethnies r\u00e9unies des deux Kivu. Outre Pierre Lumbi et Bisengimana, les Tutsi sont bien loties ans l\u2019arm\u00e9e. C\u2019est le cas de\u00a0<strong>Moustapha Mukiza<\/strong>\u00a0(Commandant de la base militaire de Kitona dans le Bas-Congo frondeur),\u00a0<strong>Kasereka Sindani<\/strong>\u00a0(ex-RCD-KML et commandant de la 3\u00e8me r\u00e9gion militaire \u00e0 l\u2019Equateur),\u00a0<strong>Obedi Rwabasira<\/strong>\u00a0(ex-CNDP et alli\u00e9 de Mutebusi \u00e0 Bukavu en 2004, \u00e0 la 4\u00e8me r\u00e9gion militaire \u00e0 Kananga au Kasai-Occiental), toutes les trois provinces acquises \u00e0 l\u2019opposition contre Kabila. Mais aussi le Tutsi g\u00e9n\u00e9ral-major\u00a0<strong>Pacifique Masunzu<\/strong>\u00a0\u00e0 la 10\u00e8me r\u00e9gion militaire au Sud-Kivu, une province qui a vot\u00e9 en faveur de Vital Kamerhe en signe de rejet de Kabila.<\/p>\n<h3><strong>Un indice troublant\u00a0: l\u2019attaque de l\u2019a\u00e9roport de Ndjili et l\u2019inaction de la Police.<\/strong><\/h3>\n<p>Contrairement \u00e0 ce qu\u2019une certaine presse occidentale a fait croire, la police nationale n\u2019a pas directement r\u00e9agi apr\u00e8s les attaques du 30 d\u00e9cembre. Seules les unit\u00e9s de la GR \u00e9taient \u00e0 pied d\u2019\u0153uvre pour m\u00e2ter les insurg\u00e9s. La police n\u2019a pu investir les lieux, \u00e0 Kinshasa et \u00e0 lubulbashi, qu\u2019une fois les assaillants ont \u00e9t\u00e9 neutralis\u00e9s. Est-ce par peur de voir la police, acquise \u00e0 Numbi, se solidariser avec les insurg\u00e9s?<\/p>\n<p>Le fait que l\u2019a\u00e9roport de Ndjili soit parmi les cibles potentielles de ces attaques est un indice fort qui montre que la conceptualisation de ces attaques a \u00e9t\u00e9 l\u2019\u0153uvre des professionnels, m\u00eame si ce sont des jeunes d\u00e9s\u0153uvr\u00e9s, \u00e0 l\u2019allure des Kulunas (jeunes d\u00e9linquants de rue) que le porte-parole du gouvernement s\u2019est empress\u00e9 \u00e0 pr\u00e9senter au public, l\u00e0 o\u00f9 les experts attendaient une communication du parquet ou de la cour d\u2019ordre militaire pour des pr\u00e9cisions techniques d\u2019usage. En effet, selon nos sources s\u00e9curitaires de l\u2019\u00e9tat major g\u00e9n\u00e9ral des FARDC,\u00a0il y avait des militaires parmi les assaillants et elles ont formellement reconnues quelques uns m\u00eame si le ministre Mende s\u2019est empress\u00e9 de nous pr\u00e9senter des civils. Or on ne peut attaquer un complexe de taille de l\u2019a\u00e9roport de Ndjili, bien gard\u00e9 par la garde r\u00e9publicaine et plusieurs services de s\u00e9curit\u00e9 (Force a\u00e9rienne, DGM, ANR\u2026), sans des complicit\u00e9s militaires internes.<\/p>\n<p>A ce sujet, il y a lieu de rappeler qu\u2019avant d\u2019aller \u00e0 la t\u00eate de la police nationale, Numbi a \u00e9t\u00e9 le chef d\u2019\u00e9tat-major de la force a\u00e9rienne d\u2018o\u00f9 il a ramen\u00e9 l\u2019essentiel de l\u2019unit\u00e9 d\u2019\u00e9lite, le bataillon Simba, de triste m\u00e9moire dans les affaires Bundu dia Kongo et Chabeya-Bazana. Il y a une forte probabilit\u00e9 qu\u2019il ait gard\u00e9 des liens forts avec ses ex-troupes, d\u2018autant que l\u2019a\u00e9roport de Ndjili d\u00e9pend militairement de la force a\u00e9rienne et que le camp CETA devenu camp de la GR se trouve juste en face.<\/p>\n<p>Autre indice interpellant concerne la non r\u00e9action rapide des \u00e9l\u00e9ments de la police dans les locaux de la t\u00e9l\u00e9vision nationale, la RTNC, peut s\u2019expliquer par la crainte que la plus des \u00e9l\u00e9ments de la police soient encore rest\u00e9s fid\u00e8les \u00e0 leur ancien chef. D\u00e8s lors, il serait risqu\u00e9 de les envoyer mater une insurrection de peur de se solidariser avec les assaillants de d\u2019\u00e9tendre le foyer de l\u2019insurrection. Et pourtant, la si\u00e8ge de la police nationale, dont la LENI (L\u00e9gion nationale d\u2019intervention, l\u2019ex-PIR\u00a0: police d\u2019intervention rapide) est situ\u00e9 dans le secteur de la RTNC. Un autre indice bizarre est \u00e9galement l\u2019absence de r\u00e9action des \u00e9l\u00e9ments de la 11\u00e8meR\u00e9gion militaire situ\u00e9e au camp Kokolo, \u00e0 moins de 2 kilom\u00e8tres de la RTNC d\u2019o\u00f9 les affrontements se seraient \u00e9galement signal\u00e9s.<\/p>\n<p>Par l\u2019intervention de la seule garde r\u00e9publicaine dans un premier temps, l\u2019une des le\u00e7ons que l\u2019on peut tirer, est que Kabila n\u2019a plus confiance au reste de l\u2019arm\u00e9e, si ce n\u2019est par sa garde r\u00e9publicaine Ainsi, le reste des troupes non GR \u00e9tant d\u00e9sarm\u00e9es, donc incapables de contrer les assaillants, seule la garde r\u00e9publicaine pourra d\u00e9sormais lui assurer la protection, jusqu\u2019\u00e0 quand ? D\u2019autant que l\u2019on sait que cette garde pr\u00e9torienne est essentiellement katangaise et qu\u2019avec les derni\u00e8res nominations \u00e0 la Police et les signes apparents de m\u00e9contentement du c\u00f4t\u00e9 des Katangais, ces derniers pourraient de plus en plus remettre en question leur loyalisme \u00e0 leur \u00ab<em>\u00a0Mutoto<\/em>\u00a0\u00bb (fils en swahili). Ce qui ouvre la porte \u00e0 toutes sortes de sp\u00e9culations possibles quant \u00e0 la survie du r\u00e9gime de Kabila qui, faute de l\u00e9gitimit\u00e9 populaire, ne se maintient que par la force..<\/p>\n<h3><strong>Si derri\u00e8re l\u2019alibi Mukungubila, c\u2019\u00e9tait la fragilit\u00e9 du r\u00e9gime et de son dispositif de s\u00e9curit\u00e9 que l\u2019on veut d\u00e9tourner l\u2019attention l\u2019opinion\u00a0?<\/strong><\/h3>\n<p>C\u2019est la question que se posent bon nombres d\u2019analystes qui estiment qu\u2019au-del\u00e0 des d\u00e9clarations imputant l\u2019attaque aux adeptes du pasteur Mukungubila, c\u2019est effectivement la fragilit\u00e9 du r\u00e9gime qu\u2019on veut cacher. En analysant les d\u00e9clarations de Mende \u00e0 la presse et d\u2019autres recoupements des sources personnelles, on aper\u00e7oit un certain nombre d\u2019incoh\u00e9rences techniques qui sautent aux yeux des professionnels militaires.<\/p>\n<p>L\u2019entr\u00e9e facile aux locaux strat\u00e9giques de la RTNC\u00a0: Quel est le militaire bien form\u00e9 qui aurait pu se faire d\u00e9loger aussi facilement d\u2019un immeuble aussi grand que la RTNC par des hommes arm\u00e9s \u00e0 peines de quelques gourdins et armes blanches\u00a0? Si quelques illumin\u00e9s ont pu tenir en haleine toute une r\u00e9publique, quelle aurait \u00e9t\u00e9 le r\u00e9sultat si on avait \u00e0 faire \u00e0 de vrais professionnels, bien \u00e9quip\u00e9s et d\u00e9termin\u00e9s d\u2019aller jusqu\u2019au bout? N\u2019est-ce pas l\u00e0 un avertissement pour montrer \u00e0 Kabila qu\u2019il peut \u00eatre atteint partout, m\u00eame au coeur de sa garde r\u00e9publicaine au camp Tshatshi?<\/p>\n<p>Autre chose, lorsqu\u2019\u00e0 la t\u00e9l\u00e9vision belge, la RTL TVI, le ministre belge des Affaires Etrang\u00e8res, Didier Reynders, sans tomber dans le pi\u00e8ge Mukungubila, d\u00e9clare qu\u2019ils n\u2019ont aucune indication pr\u00e9cise sur le(s) commanditaire(s) des attaques, surtout qu\u2019elles se d\u00e9roulent simultan\u00e9ment dans trois villes diff\u00e9rentes et qu\u2019il faut \u00eatre prudents car dans les jours ou les semaines \u00e0 venir les \u00e9v\u00e9nements peuvent toujours se reproduire \u2026 et \u00eatre prudents sur place dans les jours qui viennent, cela en dit long dans le langage diplomatique.(<a href=\"http:\/\/www.rtl.be\/videos\/video\/471143.aspx?CategoryID=3512\">http:\/\/www.rtl.be\/videos\/video\/471143.aspx?CategoryID=3512<\/a>)<\/p>\n<p>Rappelons-nous qu\u2019en 2001, ce sont les belges, via notamment la d\u00e9claration du ministre Louis Michel, qui furent les premiers \u00e0 annoncer et confirmer le d\u00e9c\u00e8s de Laurent-D\u00e9sir\u00e9 Kabila. L\u2019int\u00e9r\u00eat port\u00e9 par la Belgique au Congo fait que la Belgique a sans doute d\u00e9velopp\u00e9 un r\u00e9seau de contacts \u00e0 tous les niveaux des services de s\u00e9curit\u00e9 de la RDC, de sorte \u00e0 \u00eatre inform\u00e9e in real time des graves \u00e9v\u00e9nements pouvant se d\u00e9rouler en RDC. DESC a identifi\u00e9 plusieurs congolais \u00ab\u00a0des services\u00a0\u00bb travaillant au service des certains agents belges de la s\u00e9curit\u00e9 et inversement. Donc, la d\u00e9claration de Reynders, loin d\u2019\u00eatre anodine, montre que la situation reste complexe et incertaine. M\u00eame constat aupr\u00e8s es nos sources dans les diff\u00e9rents\u00a0 organes de s\u00e9curit\u00e9 de la RDC, tous me disent d\u2018attendre le rapport confidentiel du conseil sup\u00e9rieur de la d\u00e9fense pour en voir plus clair au-del\u00e0 du \u00ab\u00a0claironnage\u00a0\u00bb de M. Mende \u00e0 qui on a assign\u00e9 pour l\u2019instant la mission d\u2019occuper vaille que vaille les m\u00e9dias pour donner l\u2019impression du contr\u00f4le de la situation par le pouvoir. Dans nos diff\u00e9rents contacts avec nos sources s\u00e9curitaires, loin du triomphalisme m\u00e9diatique affich\u00e9 par le ministre des M\u00e9dias, c\u2019est la nervosit\u00e9 et l\u2019inqui\u00e9tude qui y est ressenti, come en t\u00e9moigne l\u2019\u00e9change plus bas.<\/p>\n<p>Ces \u00e9v\u00e9nements ont eu en plus pour corollaire de retarder la mise en place \u00e0 la t\u00eate de l\u2019arm\u00e9e au niveau de la confirmation ou non du g\u00e9n\u00e9ral Didier Etumba et de la mise en place au niveau des zones de d\u00e9fense devant remplacer les 11 r\u00e9gions militaires conform\u00e9ment aux dispositions e la loi organique portant organisation et fonctionnement es FARDC. Un choix corn\u00e9lien d\u2019apr\u00e8s une source interne des FARDC au camp Tshatshi. Un suspense interminable qui rend les pr\u00e9tendants peu diserts et tendus \u2018apr\u00e8s leurs collaborateurs. Un autre contact parle d\u2018un exercice d\u2019\u00e9quilibriste \u00e0 haut risque pour Kabila, qui pourrait entrainer e graves cons\u00e9quences si le choix des animateurs de ces organes strat\u00e9giques e l\u2019arm\u00e9e ne rencontrent pas les attentes es uns ou des autres parmi les hommes \u00e9toil\u00e9s des FARDC m\u00eame ceux mis momentan\u00e9ment \u00e0 la touche. Nous n\u2019excluons m\u00eame pas une compensation en faveur du g\u00e9n\u00e9ral Numbi qui pourrait revenir \u00e0 la t\u00eate de l\u2019arm\u00e9e de l\u2019air qu\u2019il a occup\u00e9e avant de diriger la police. S\u2019en contentera-t-il pour une force qui ne compte qu\u2019un effectif r\u00e9siduel de 2.548 hommes qui de plus seront r\u00e9partis au sein des 3 zones de d\u00e9fense o\u00f9 ils d\u00e9pendront op\u00e9rationnellement des commandants des zones de d\u00e9fense que c-du chef d\u2019EM de l\u2019arm\u00e9e de l\u2019air qui n\u2019aura qu\u2019une comp\u00e9tence administrative creuse\u00a0?<\/p>\n<h3><strong>Qui seraient les commanditaires de ces actes\u00a0?<\/strong><\/h3>\n<p>A la presse, on pouvait lire les d\u00e9clarations suivantes\u00a0: \u00ab\u00a0Les autorit\u00e9s gouvernementales sont<em>\u00a0en pleine investigation<\/em>\u00a0\u00e0 ce sujet. Selon les premiers \u00e9l\u00e9ments,\u00a0<em>\u00ab\u00a0aucun\u00a0\u00bb<\/em>\u00a0policier ni militaire ne figurait parmi la\u00a0<em>\u00ab\u00a0bande de terroristes\u00a0\u00bb<\/em>\u00a0qui a men\u00e9 des attaques dans le pays.\u00a0\u00bb\u2026\u00a0<em>\u00ab\u00a0La plupart des assaillants sont des r\u00e9cidivistes qui ont plusieurs fois b\u00e9n\u00e9fici\u00e9 de l\u2019amnistie, ce qui nous commande de leur\u00a0<\/em><em><a href=\"http:\/\/conjugaison.lemonde.fr\/conjugaison\/premier-groupe\/appliquer\" target=\"_blank\" rel=\"noopener\">appliquer<\/a>\u00a0cette fois-ci toute la rigueur de la loi\u00a0\u00bb.\u00a0\u00ab Faut-il leur\u00a0<a href=\"http:\/\/conjugaison.lemonde.fr\/conjugaison\/troisieme-groupe\/faire\" target=\"_blank\" rel=\"noopener\">faire<\/a><a href=\"http:\/\/conjugaison.lemonde.fr\/conjugaison\/premier-groupe\/b%C3%A9n%C3%A9ficier\" target=\"_blank\" rel=\"noopener\">b\u00e9n\u00e9ficier<\/a>\u00a0de la loi d\u2019amnistie qui est en pr\u00e9paration ? Je dis imm\u00e9diatement \u2018non\u2019, au nom du gouvernement\u00a0\u00bb<\/em>, d\u00e9clarait le ministre Mende.<\/p>\n<p>En analysant cet extrait de d\u00e9claration, M. Mende parle des multir\u00e9cidivistes qui ont plusieurs fois b\u00e9n\u00e9fici\u00e9 de l\u2019amnistie. Plus loin, il parle d\u2019une loi \u2018amnistie qui est en pr\u00e9paration. L\u00e0, notre analyse nous oriente vers le M23 dont les membres issus du CNDP et du RCD Goma ont b\u00e9n\u00e9fici\u00e9, suite aux diff\u00e9rents accords de paix sign\u00e9s en leur faveur, de l\u2019amnistie \u00e0 plus d\u2019une fois. Surtout qu\u2019apr\u00e8s la signature des documents \u00e0 Nairobi, le pr\u00e9sident Kabila avait demand\u00e9 \u00e0 son gouvernement de pr\u00e9parer une loi d\u2019amnistie en faveur des combattants du M23 \u00e9ligibles \u00e0 cette \u00e9ni\u00e8me cl\u00e9mence leur offerte par le chef de l\u2019Etat l\u00e0 o\u00f9 les prisonniers politiques \u2018non arm\u00e9s\u2019 peinent de b\u00e9n\u00e9ficier des mesures similaires.<\/p>\n<p>[note text_color=&#8221;#000000&#8243;]Au niveau des auteurs de ces actes, ci-dessous,la retranscription de l\u2019extrait d\u2019un entretien du 30 d\u00e9cembre avec une source de la DEMIAP\u00a0:<\/p>\n<p>Source\u00a0: \u00ab\u00a0J attends fin interrogatoires pour en savoir plus\u00a0\u00bb<\/p>\n<p>JJW\u00a0: Ok. On parle des actions coordonn\u00e9es avec L\u2019Shi et Kindu ? Donc rien \u00e0 avoir avec la nomination de Bisengimana? Le conseil sup\u00e9rieur de la d\u00e9fense (CSD) de ce jour est alors suspendu? C\u2019est de l\u00e0 qu\u2019on attendait la suite sur les possibles nominations aux FARDC. Qui sont les favoris?<br \/>\nSource\u00a0: A Kindu les mai mai parlent de nomination de rwandais\u2026 Oui le CSD suspendu\u2026 Les chefs tiennent une r\u00e9union de s\u00e9curit\u00e9 apr\u00e8s inspection du terrain. La simultan\u00e9it\u00e9 des actions sur kin kindu et lubumbashi. Synchronisation \u00e0 Kin nous font croire que ce n\u2019est pas juste une secte.\u00a0Des faci\u00e8s rwandais ou somaliens parmi les morts assaillants. 4 tutsi\u00a0dans les morts de ceux qui ont attaqu\u00e9 EMG.<\/p>\n<p>JJW\u00a0: C&#8217;est tr\u00e8s curieux<br \/>\nSource\u00a0:\u00a0Tout aussi curieux la coordination des mouvements\u2026<\/p>\n<p>JJW\u00a0: Merci. Je continue de mon c\u00f4t\u00e9 \u00e0 investiguer aussi. En tout cas la nomination de Bis\u2026 ne pla\u00eet pas dutout. Surtout apr\u00e8s ce qui s\u2019est pass\u00e9 \u00e0 l\u2019Est. On parle que certains Offr tutsi pourraient \u00e9galement \u00eatre gratifi\u00e9s dans la nouvelle mise en place et m\u00eame de Ruberwa pour la D\u00e9fense, voire primature\u2026 A L\u2019Shi on dit que c\u2019\u00e9tait assez s\u00e9rieux, le calme y est revenu? Qui seront au conseil de s\u00e9cu de ce soir ?<br \/>\nSource\u00a0: Min D\u00e9fense, ANR,\u00a0 OGM, Chef EMG, Com Gen PNC, DGM. Attendons conclusions du conseil sup\u00e9rieur d\u00e9fense de ce matin. Nous avons huit pertes en tout (03 morts \u00e0 kin et 05 \u00e0 lubumbashi). Mais comme tu sais dans ce genre de circonstances il y a tjrs qlq bavures. J\u2019ai \u00e9t\u00e9 t\u00e9moins de l\u2019une en tout cas o\u00f9 des FARDC ont tir\u00e9 sur des policiers par indiscipline. En tout \u00e9tat de cause nous avons eu une r\u00e9action disproportionn\u00e9e.\u00a0 Pour une soixantaine d\u2019assaillants mal arm\u00e9s nous avons utilis\u00e9\u2026 La police totalement inefficace. Services compl\u00e8tement \u00e9mouss\u00e9s<\/p>\n<p>JJW\u00a0: \u00e7a c\u2019est un grand travail \u00e0 faire avec les troupes. Leur apprendre \u00e0 avoir la ma\u00eetrise de soi et surtout de ne pas paniquer \u00e0 chaque coup de feu entendu en r\u00e9agissant par des tirs de rafales qui \u00e9puisent b\u00eatement les munitions (\u00e9conomie des moyens) et occasionnent des d\u00e9g\u00e2ts civils. De plus, il y a des techniques de tirs qui permettent de mettre l\u2019Eni hors d\u2019\u00e9tat de nuire sans n\u00e9cessairement le tuer\u2026 En plus dans un monde o\u00f9 les droits de l\u2019homme deviennent pressants, cela peut toujours se retourner contre les donneurs d\u2019ordre\u2026<br \/>\nSource\u00a0: A l\u2019\u00e9tat major g\u00e9n\u00e9ral, au camp Tshatshi, on a tir\u00e9 pendant trois heures\u2026.alors que les assaillants n\u2019avaient que deux tchingomas des machettes et des b\u00e2tons. On a m\u00eame envoy\u00e9 en appui direct un char. Et pendant toutes les op\u00e9rations il fallait encadrer la troupe pour \u00e9viter bavures et dissipation des munitions. Point positif c est l enthousiasme, le moral de la troupe. Disponibilit\u00e9 du commandement\u2026 A Kindu nos commandos se sont bien comport\u00e9s.<\/p>\n<p>JJW\u00a0: C\u2019est normal, parce que form\u00e9s sur base de standards internationaux\u2026<br \/>\nSource\u00a0: C\u2019est un autre enseignement. Le soin \u00e0 mettre dans la formation de base. Mais aussi le civisme\u2026\u2026j\u2019ai vu des nos soldats qui s\u2019appr\u00eataient \u00e0 flinguer des gens qu\u2019ils trouvaient suspects sans autre forme de proc\u00e8s.<\/p>\n<p>JJW\u00a0: Oui, tout passe par la formation de base\u2026<br \/>\nSource\u00a0: Je suis s\u00fbr que ton expertise serait pr\u00e9cieuse ici\u2026 vu ce que tu fais d\u00e9j\u00e0 avec tes analyses\u2026 Je t\u2019y encourage. La r\u00e9flexion doit conduire les actions pas le contraire.<\/p>\n<p>JJW\u00a0: Pas dans les conditions actuelles\u2026 Merci.[\/note]<\/p>\n<p>De cet \u00e9change riche en informations, la piste d\u2019une complicit\u00e9 interne dans l\u2019arm\u00e9e reste plausible et c\u2019est \u00e0 ce niveau que l\u2019on ressent l\u2019inqui\u00e9tude et le malaise au niveau de l\u2019arm\u00e9e car le r\u00e9gime pourrait avoir deux r\u00e9actions possibles. La premi\u00e8re, c\u2019est d\u2019\u00e9touffer le malaise et continuer de fonctionner comme si de rien n\u2019\u00e9tait en proc\u00e9dant par des purges isol\u00e9es, sans faire trop de bruit. Question de ne pas laver en public le linge sale. \u00a0La deuxi\u00e8me r\u00e9action, c\u2019est de sanctionner les soutiens au sein de l\u2019arm\u00e9e avec le risque d\u2019implosion et des m\u00e9contentements de la part des troupes dont les chefs seraient mis en cause. Mais en tout \u00e9tat de cause, quelle que soit l\u2019option envisag\u00e9e, le ver est d\u00e9j\u00e0 dans le fruit ou encore le\u00a0levain devant faire monter la p\u00e2te\u00a0d\u2018explosion des FARDC ne cesse d\u2019agiter\u00a0la marmite ferm\u00e9e\u00a0d\u00e9j\u00e0 satur\u00e9e\u00a0!<\/p>\n<h3><strong>Il y eut les massacres du campus de Lubumbahi en 1990, peut-on parler du massacre du 30 d\u00e9cembre 2013\u00a0?<\/strong><\/h3>\n<p>Lorsqu\u2019en 1990, ce qu\u2019on a qualifi\u00e9 de massacre des \u00e9tudiants \u00e0 Lubumbashi sonna le glas du r\u00e9gime Mobutu, des voix congolaises se l\u00e8vent pour qualifier \u00a0la r\u00e9action disproportionn\u00e9e des services de s\u00e9curit\u00e9 de massacres qui ne doivent rester impunis. En effet, les services de s\u00e9curit\u00e9 ne sont pas habilit\u00e9s de r\u00e9agir sur base du seul principe de l\u00e9galit\u00e9 mais doivent \u00e9galement tenir compte de eux autres principes qui r\u00e9gissent l\u2019usage des moyens de contrainte que sont la proportionnalit\u00e9 et l\u2019opportunit\u00e9. Ce qui ne semble pas le cas au vu des images des assaillants tu\u00e9s. DESC, se limite ici \u00e0 publier deux interpellations que nous avons re\u00e7us en priv\u00e9 de la part des activistes des droits de l\u2019homme\u00a0 qui attendent une vive r\u00e9action de la communaut\u00e9 internationale dont le silence face au drame congolais devient exasp\u00e9rant:<\/p>\n<p>Le Mercredi 1 janvier 2014 9h37, Massou summer a \u00e9crit :<\/p>\n<blockquote><p><em>Bonjour,<\/em><\/p>\n<p><em>je m\u2019adresse \u00e0 vous d\u00e9fenseurs de la paix et vous demande si vous \u00eates au courant du massacre qui s\u2019est produit le 30\/12\/2013 \u00e0 Kinshasa. Ces jeunes sont sont appel\u00e9s des \u00ab\u00a0assaillants, des rebelles\u00a0\u00bb etc\u2026 Mais en les voyant mort je me suis pos\u00e9e la question o\u00f9 sont les armes ensanglant\u00e9s avec eux ? On nous montre les armes apr\u00e8s alors que les t\u00e9moins affirment que ces jeunes gens n\u2019avaient pas d\u2019armes. Je vous en supplie faite quelque chose en ce moment les familles de ces personnes sont en cavale poursuivit il n\u2019a pas de droit aucun respect pour ces personnes. veuillez me contacter pour plus d\u2019information sur ce num\u00e9ro 0753220488.\u00a0Promulguez la v\u00e9rit\u00e9 de cette histoire pour vos fr\u00e8res congolais qui sont mort s\u2019il vous plait o\u00f9 sont les droit de l\u2019homme. Vos fr\u00e8re tu\u00e9s et vous n\u2019avez pas le droit de sortir des mensonges faite quelque chose je vous en\u00a0supplie.\u00a0\u00a0ces hommes \u00ab\u00a0assaillant avaient vraiment des armes sont \u2018ils morts comme des poules juste parce qu\u2019ils ont d\u00e9cid\u00e9 de s\u2019exprimer?\u00a0<\/em><\/p>\n<p><em>Bonjour Jean Jacques! Suite a ce qui s\u2019est pass\u00e9 en Rd Congo le 30 decembre 2013 sur ce que nous appelons le massacre de jeunes gens qui ne revendiquaient que leur droit sans pour autant avoir des armes n\u00e9cessaires pour permettre une r\u00e9ponse forte anti terroriste des forces arm\u00e9es\u2026 J\u2019aimerai bien savoir si: 1. cette r\u00e9ponse de FARDC qui a cout\u00e9 103 morts aux assaillants est-elle tolerable ? 2. Joseph Kabila etant le chef supr\u00eame de l\u2019arm\u00e9e, serait-il responsable de la d\u00e9cision de la r\u00e9ponse de l\u2019op\u00e9ration ou la d\u00e9cision pouvait bien etre prise sur place par des commandants sur place ? 3. Quelles sont les diff\u00e9rentes tactiques que les FARDC disposent pour mener les operations de la sorte surtout quand il s\u2019agit de l\u2019atteinte \u00e0 la securit\u00e9 du territoire ? Si vous avez des informations qui pourront nous aider \u00e0 bien comprendre cette chaine de prise de d\u00e9cision, ce serait tr\u00e8s appr\u00e9ciable. D. B.<\/em><\/p><\/blockquote>\n<h3><strong>A qui profite le crime\u00a0?<\/strong><\/h3>\n<p>C\u2019est la question classique que les criminologues se posent en pareille situation. Faute d\u2018avoir plus d\u2019\u00e9l\u00e9ments sur les commanditaires de ces actes, en apparence folklorique, nous nous posons la question a contrario\u00a0: A qui dessert cette forfaiture\u00a0? Ainsi, qu\u2019il s\u2019agisse d\u2019un coup d\u2019\u00e9tat mont\u00e9 et manqu\u00e9 fabriqu\u00e9 par le r\u00e9gime ou un acte de contestation du r\u00e9gime, le premier perdant reste invariablement le r\u00e9gime congolais qui se d\u00e9cr\u00e9dibilise davantage tant aupr\u00e8s de la population et\u00a0 que de ses soutiens ext\u00e9rieurs. Les premiers conforteront leur conviction d\u2019avoir \u00e0 faire \u00e0 un pouvoir incapable de s\u00e9curiser ses populations. Une perte de confiance qui, coupl\u00e9e au d\u00e9ficit de l\u00e9gitimit\u00e9 dont souffre le r\u00e9gime depuis les \u00e9lections de 2011, va davantage rendre difficile l\u2019exercice de l\u2019autorit\u00e9 et l\u2019adh\u00e9sion populaire \u00e0 l\u2019action gouvernementale, malgr\u00e9 les efforts consentis par l\u2019\u00e9quipe Matata. Sur le plan international, ces \u00e9v\u00e9nements vont \u00e0 coup s\u00fbr jouer en d\u00e9faveur du r\u00e9gime qui continue de donner l\u2019image d\u2019un pouvoir fragile incapable d\u2019assurer, pas seulement \u00e0 l\u2019est du pays mais aussi dans la capitale, l\u2019autorit\u00e9 de l\u2019Etat.\u00a0 Cela pourrait \u00e9galement occasionner un impact n\u00e9gatif sur la cotation du Congo au niveau de l\u2019apport des investissements et des capitaux \u00e9trangers. D\u00e9j\u00e0, des firmes s\u00e9rieuses rechignent \u00e0 venir investir proprement en RDC car devant payer tr\u00e8s cher les primes d\u2019assurance couvrant les risques li\u00e9s \u00e0 l\u2019ins\u00e9curit\u00e9 en RDC, une zone rouge selon les assureurs.<\/p>\n<p>Et les \u00e9v\u00e9nements du 30 d\u00e9cembre induiront\u00a0davantage une \u00e9rosion de confiance des bailleurs aupr\u00e8s des autorit\u00e9s congolaise. On peut m\u00eame parler d\u2019un agacement ou un ras-le-bol de continuer \u00e0 soutenir un r\u00e9gime devenu davantage le vrai probl\u00e8me que la solution du Congo, du fait de son incapacit\u00e9 de pouvoir stabiliser convenablement l\u2019ensemble du pays et surtout l\u2019environnement \u00e9conomique. Il n\u2019est pas exclus que ces faiseurs de rois se tournent d\u00e9j\u00e0 vers d\u2019autres alternatives plus cr\u00e9dibles et plus efficaces en termes de gouvernance. La preuve en est que d\u2019habitude, lorsque pareils \u00e9v\u00e9nements surviennent en RDC, les soutiens ext\u00e9rieurs du r\u00e9gime s\u2019activent les uns \u00e0 la suite des autres \u00e0 condamner ces actes. Ce qui n\u2019est pas le cas pour ces derniers \u00e9v\u00e9nements. Ni la MONUSCO, ni la Belgique ou encore moins l\u2019UE et Madame Robinson n\u2019ont fait aucune d\u00e9claration en ce sens. Signe que les temps commencent \u00e0 changer et dans la plupart des chancelleries, l\u2019on se pr\u00e9occupe davantage sur l\u2019apr\u00e8s Kabila, que dis-je apr\u00e8s 2016\u00a0! Kabila devient \u00ab\u00a0diplomatievore\u00a0\u00bb et \u00e9mousse l\u2019\u00e9nergie de la communaut\u00e9 internationale de plus en plus accul\u00e9e par les actions de la diaspora congolaise.<\/p>\n<p>Les choses \u00e9voluent \u00e0 telle allure que nous sommes contraints de publier temporairement cette analyse non finalis\u00e9e \u00e0 notre go\u00fbt car les \u00e9v\u00e9nements peuvent \u00e9voluer \u00e0 tout moment. D\u2019ailleurs, des tirs ont \u00e9t\u00e9 entendus le 1er janvier 2014 soir au centre ville \u00e0 Lubumbashi, au Parc H\u00f4tel dans la commune de Lubumbashi. Un contact pr\u00e9sent sur les lieux d\u00e9crit des hommes arm\u00e9s en tenue bleue tr\u00e8s fonc\u00e9edans un 4X4 Land Cruiser qui tiraient en l\u2019air pendant une dizaine de minutes. Il pr\u00e9cise que ce n\u2019est pas la GR ni la police. Apr\u00e8s analyse et \u00e9limination, il s\u2019agirait des \u00e9l\u00e9ments du bataillon Simba fid\u00e8les \u00e0 Numbi John. Il pourrait aussi s\u2019agir d\u2019un couvre feu qui ne dit son mot. D\u2019autres tirs ont \u00e9t\u00e9 confirm\u00e9s \u00e0 Lubumbashi \u00e0 la place de la poste, au quartier Golf et vers le quartier Gecamines appel\u00e9 \u00ab Makomeno \u00bble 1er janvier apr\u00e8s 20h. Il y a 45 minutes d\u2019autres tirs ont \u00e9t\u00e9 a nouveau entendus c\u00f4t\u00e9 golf. Le Consulat de Belgique aurait pr\u00e9venu les ressortissants belges de rester prudents et d\u2019\u00e9viter des sorties nocturnes \u00e0 Lubumbashi ! le hic est que le pouvoir, via certaines presses occidentales, tient \u00e0 minimiser ce qui se passe au Katanga pour pr\u00e9server les biens des quelques mafieux occidentaux qui saignent la RDC en profitant du chaos politique qui r\u00e8gne depuis 2011.<\/p>\n<p>Bref, tous ces signent montrent \u00e0 suffisance qu\u2019 il y a, au sein des forces arm\u00e9es, un malaise profond qui ne dit son mot mais difficile \u00e0 dissimuler. Le r\u00e9gime en sortira, tout au moins, tr\u00e8s affaibli\u2026 A ce stade, tout reste possible car nous risquons de traverser une zone de grandes turbulences dans les prochains jours. Si le 30 \u00e9cembre 2013 \u00e9tait la goutte d\u2019eau de trop qui sonne le glas de l\u2019\u00e8re Kabila?<\/p>\n<p>&nbsp;<\/p>\n<p><em>Jean-Jacques Wondo Omanyundu<br \/>\nAnalyste des questions politiques et s\u00e9curitaires de la RD Congo<br \/>\nLire toutes ses analyses sur\u00a0<a href=\"http:\/\/desc-wondo.org\/\">desc-wondo.org<\/a><\/em><\/p>\n<div>\n<hr align=\"left\" size=\"1\" width=\"33%\" \/>\n<div><a title=\"\" href=\"http:\/\/desc-wondo.org\/speciale-enquete-quelle-lecture-faire-des-evenements-du-30-decembre-2013-en-rdc-jj-wondo\/#_ftnref1\">[1]<\/a>\u00a0D\u00e9tection Militaire des Activit\u00e9s Anti Patrie. Le service de renseignement militaire congolais sous LD Kabila.<\/div>\n<div><a title=\"\" href=\"http:\/\/desc-wondo.org\/speciale-enquete-quelle-lecture-faire-des-evenements-du-30-decembre-2013-en-rdc-jj-wondo\/#_ftnref2\">[2]<\/a>\u00a0De m\u00e8re\u00a0Tutsi, Membre depuis 2003 du cabinet du Conseiller sp\u00e9cial du pr\u00e9sident en mati\u00e8re de s\u00e9curit\u00e9.<\/div>\n<div><a title=\"\" href=\"http:\/\/desc-wondo.org\/speciale-enquete-quelle-lecture-faire-des-evenements-du-30-decembre-2013-en-rdc-jj-wondo\/#_ftnref3\">[3]<\/a>Think-tank autour de Joseph Kabila mis en place par Katumba peu apr\u00e8s la mort de Laurent D\u00e9sir\u00e9 Kabila en 2001.<\/div>\n<\/div>\n<p>&nbsp;\t\t<\/p>\n","protected":false},"excerpt":{"rendered":"<p>Par Jean-Jacques Wondo Les \u00e9v\u00e9nements qui se sont d\u00e9roul\u00e9s simultan\u00e9ment ce 30 d\u00e9cembre 2013 \u00e0 Kinshasa, \u00e0 Lubumbashi et \u00e0 Kindu ne cessent de susciter un d\u00e9ferlement des commentaires et fantasmes de tous genres. A ce jour, aucune analyse s\u00e9rieuse ni article de presse n\u2019est parvenu de faire la lumi\u00e8re sur les tenants et aboutissants [&hellip;]<\/p>\n","protected":false},"author":1,"featured_media":6249,"comment_status":"open","ping_status":"open","sticky":false,"template":"","format":"standard","meta":{"_acf_changed":false,"content-type":"","footnotes":""},"categories":[107,124,162],"tags":[],"class_list":["post-6248","post","type-post","status-publish","format-standard","has-post-thumbnail","hentry","category-analyses-commentaires","category-politique-societe","category-rd-congo"],"acf":[],"_links":{"self":[{"href":"https:\/\/congolobilelo.com\/IN\/wp-json\/wp\/v2\/posts\/6248","targetHints":{"allow":["GET"]}}],"collection":[{"href":"https:\/\/congolobilelo.com\/IN\/wp-json\/wp\/v2\/posts"}],"about":[{"href":"https:\/\/congolobilelo.com\/IN\/wp-json\/wp\/v2\/types\/post"}],"author":[{"embeddable":true,"href":"https:\/\/congolobilelo.com\/IN\/wp-json\/wp\/v2\/users\/1"}],"replies":[{"embeddable":true,"href":"https:\/\/congolobilelo.com\/IN\/wp-json\/wp\/v2\/comments?post=6248"}],"version-history":[{"count":0,"href":"https:\/\/congolobilelo.com\/IN\/wp-json\/wp\/v2\/posts\/6248\/revisions"}],"wp:featuredmedia":[{"embeddable":true,"href":"https:\/\/congolobilelo.com\/IN\/wp-json\/"}],"wp:attachment":[{"href":"https:\/\/congolobilelo.com\/IN\/wp-json\/wp\/v2\/media?parent=6248"}],"wp:term":[{"taxonomy":"category","embeddable":true,"href":"https:\/\/congolobilelo.com\/IN\/wp-json\/wp\/v2\/categories?post=6248"},{"taxonomy":"post_tag","embeddable":true,"href":"https:\/\/congolobilelo.com\/IN\/wp-json\/wp\/v2\/tags?post=6248"}],"curies":[{"name":"wp","href":"https:\/\/api.w.org\/{rel}","templated":true}]}}