{"id":6234,"date":"2013-12-29T23:00:08","date_gmt":"2013-12-29T23:00:08","guid":{"rendered":"http:\/\/www.ingeta.com\/?p=6234"},"modified":"2013-12-29T23:00:08","modified_gmt":"2013-12-29T23:00:08","slug":"le-role-de-la-diaspora-congolaise-dans-le-congo-daujourdhui-et-de-demain","status":"publish","type":"post","link":"https:\/\/congolobilelo.com\/IN\/le-role-de-la-diaspora-congolaise-dans-le-congo-daujourdhui-et-de-demain\/","title":{"rendered":"Le r\u00f4le de la diaspora congolaise dans le Congo d\u2019aujourd\u2019hui et de demain : Le temps des bilans et des challenges \u00e0 relever"},"content":{"rendered":"<p>\t\t\t\tL\u2019analyste politique Jean-Pierre Mbelu d\u00e9crypte les raisons du foss\u00e9 entre les populations et le gouvernement fant\u00f4che de Kinshasa, insiste sur la n\u00e9cessit\u00e9 pour les congolais de s\u2019engager pour le Congo, d\u2019une mani\u00e8re ou d\u2019une autre, souligne le r\u00f4le moteur de la diaspora congolaise et pose les d\u00e9fis \u00e0 relever pour changer le Congo. L\u2019abb\u00e9 Mbelu explique \u00e9galement pourquoi nous devons imp\u00e9rativement cr\u00e9er et mobiliser les moyens \u00e9conomiques, intellectuels, culturels et spirituels pour gagner la guerre des id\u00e9es et changer la donne.<\/p>\n<p><iframe loading=\"lazy\" src=\"\/\/player.vimeo.com\/video\/82831102\" width=\"560\" height=\"360\" frameborder=\"0\" webkitallowfullscreen mozallowfullscreen allowfullscreen><\/iframe> <\/p>\n<p><strong>Sur l\u2019importance pour les congolais de s\u2019engager pour le Congo<\/strong><\/p>\n<blockquote><p>Il y a la politique politicienne qui implique de s\u2019engager dans un parti politique et postuler \u00e0 des postes politiques. Il y a aussi une autre approche de la politique comme \u00e9tant la participation citoyenne \u00e0 l\u2019\u00e9dification de la cit\u00e9. Analyser politiquement la vie telle qu\u2019elle se m\u00e8ne chez nous constitue mon apport \u00e0 l\u2019\u00e9dification de la cit\u00e9 congolaise.<br \/>\nPlusieurs d\u2019entre nous sont sur le bon chemin. Mais nous devons pouvoir compter avec le temps, nous devons nous organiser dans un processus qui nous fasse comprendre que les enjeux face auquel notre pays est plac\u00e9 nous exige de travail \u00e0 court, moyen et long terme. Et cela nous exige aussi de travail davantage avec les plus jeunes pour leur passer le relais. Les enjeux et int\u00e9r\u00eats autour de notre pays sont si importants et strat\u00e9giques que le travail d\u2019appropriation de notre histoire et de toutes les analyses que nous faisons est indispensable, pour nous, mais surtout pour les plus jeunes, \u00e0 qui nous devons laisser une m\u00e9moire. Comme le dit Danielle Mitterrand, dans son livre (le livre de ma m\u00e9moire), un peuple sans m\u00e9moire ne peut pas \u00eatre un peuple libre.<br \/>\nCe n\u2019est pas demain que nous mettrons r\u00e9ellement fin au viol de l\u2019imaginaire. Il faudra refonder les lieux o\u00f9 se viol de l\u2019imaginaire peut \u00eatre combattu. Nous devons nous atteler \u00e0 la refondation de l\u2019\u00e9cole, de l\u2019universit\u00e9, de l\u2019\u00e9glise et m\u00eame des communaut\u00e9s villageoises de base.<br \/>\nC\u2019est facile d\u2019avoir des id\u00e9es, c\u2019est facile de faire un premier pas. Mais pers\u00e9v\u00e9rer dans la dur\u00e9e n\u2019est pas donn\u00e9 \u00e0 tout le monde.  Quand on ose, le reste est donn\u00e9 par surcro\u00eet. Nous avons commenc\u00e9, nous pers\u00e9v\u00e9rons. M\u00eame si demain, ou apr\u00e8s-demain, nous n\u2019avons pas de gros moyens pour que ce travail aille de l\u2019avant. Nous finirons par avoir des compatriotes ou des alli\u00e9s qui estimeront que ce travail vaut la peine d\u2019\u00eatre soutenu. Peut-\u00eatre qu\u2019ils mettront la main \u00e0 la poche pour nous soutenir. Mais nous aussi, nous devons imaginer les possibilit\u00e9s de pouvoir cr\u00e9er nous-m\u00eame nos moyens. <\/p><\/blockquote>\n<p><strong>Sur le foss\u00e9 entre les populations et le gouvernement de Matata et Kabila<\/strong><\/p>\n<blockquote><p>Il y a un foss\u00e9 grandissant entre la population et les gouvernants. Ce foss\u00e9 est li\u00e9 au fait que ceux que nos compatriotes estiment \u00eatre au pouvoir ne sont pas au pouvoir. Ce sont des n\u00e8gres de service. Comme ils ne sont l\u00e0 que comme n\u00e8gres de service, comme marionnettes, ils ne peuvent rien faire d\u2019autre que de s\u2019enrichir aux d\u00e9pens de leur population. On peut les changer comme on en veut, mais tant que le syst\u00e8me au sein duquel il fonctionne restera le m\u00eame, il sera difficile de combler le foss\u00e9 entre nos populations et ces gens du \u00ab gouvernement \u00bb.<br \/>\nEn Am\u00e9rique latine, des pr\u00e9sidents se sont efforc\u00e9s de r\u00e9duire ce foss\u00e9. Comment ? En faisant de leurs populations des partenaires privil\u00e9gi\u00e9s. Il n\u2019y a pas 36 solutions. Le n\u00e9olib\u00e9ralisme qui est la matrice organisationnelle sur fond duquel fonctionne le syst\u00e8me marionnettiste congolais \u00e9vite l\u2019intervention de l\u2019Etat dans la gestion des entreprises. Il y a un privil\u00e8ge indu donn\u00e9 aux entreprises priv\u00e9es. Mais les Chavez, Maduro, Morales, Correa qui ont compris qu\u2019il y a moyen d\u2019avoir une gestion mixte, avec d\u2019une part des entreprises publiques nationalis\u00e9es et d\u2019autre part des entreprises priv\u00e9es, essaient de faire avancer leur pays.<br \/>\nMais chez nous comme le fait d\u2019acc\u00e9der au peuple n\u2019est pas toujours le fait du peuple mais des arrangements entre les puissances occultes du monde et quelques n\u00e8gres de service, il y aura toujours ce foss\u00e9 entre ces \u00e9lites marionnettistes et nos populations.<br \/>\nKabila n\u2019a pas le pouvoir. Ces gens du gouvernement acceptent juste de l\u2019argent pour d\u00e9truire leur propre pays. Notre pays est sous la tutelle de l\u2019ONU. Kabila a juste quelques t\u00e2ches qu\u2019on lui demande d\u2019accomplir de temps en temps. Le pouvoir c\u2019est l\u2019ONU, le FMI et la Banque Mondiale.<\/p><\/blockquote>\n<p><strong>Sur le bilan de Jospeh Kabila et de son &#8220;gouvernement&#8221;<\/strong><\/p>\n<blockquote><p>Nous n\u2019avons aucune industrie. Nos mati\u00e8res premi\u00e8res sont export\u00e9es sans aucune valeur ajout\u00e9e. Le Congo ne contr\u00f4le absolument rien, et dans l\u2019entre-temps nous avons, ces gens qui organisent des bilans d\u2019auto-satisfaction et se congratulent entre eux. Pendant ce temps, de l\u2019autre c\u00f4t\u00e9, le peuple a touch\u00e9 le fond de la mis\u00e8re.<br \/>\nEt si nos populations arrivent \u00e0 applaudir ces messieurs qui viennent, par moment, leur faire des dons, c\u2019est simplement pour des motifs de survie. Quand vous avez une guerre qui dure pendant plus de deux d\u00e9cennies, vous \u00eates d\u00e9truit en tant qu\u2019individus. Les guerres de basse intensit\u00e9 qui durent pendant tr\u00e8s longtemps avilissent et d\u00e9truisent et les identit\u00e9s et les familles.<br \/>\nDonc au lieu que les populations se disent \u00ab cet argent est \u00e0 nous, il faudrait une r\u00e9partition qui permettrait \u00e0 tous d\u2019avoir un revenu minimum \u00bb, ils applaudissent ceux qui se servent sur le dos du peuple.<br \/>\nPour pouvoir arriver \u00e0 des r\u00e9sultats qui conduisent, par exemple, \u00e0 l\u2019\u00e9galit\u00e9 des chances, on doit pouvoir lutter pendant tr\u00e8s longtemps. On doit pouvoir cr\u00e9er un fond de r\u00e9sistance avec des objectifs pr\u00e9cis. Notre b\u00eatise  est de croire parfois qu\u2019il suffit qu\u2019untel part et tout va changer.  Il faut davantage privil\u00e9gier les processus que les individus.<br \/>\nLes hostilit\u00e9s ont repris, \u00e0 l\u2019est du Congo. Cette guerre th\u00e9\u00e2tralis\u00e9e est une pr\u00e9dation, une mani\u00e8re d\u2019organiser le vol, celui de vies, des ressources naturelles et des terres. Contrairement \u00e0 ce que nous pensons de temps en temps, les congolais ont compris. Ils ont compris que le poisson pourrit aussi par la t\u00eate.<\/p><\/blockquote>\n<p><strong>Sur le r\u00f4le de la diaspora congolaise \u00e0 travers le monde<\/strong><\/p>\n<blockquote><p>La diaspora congolaise fait beaucoup. Elle a compris qu\u2019elle doit prendre le temps d\u2019expliquer sur ce qui se passe r\u00e9ellement sur le terrain. Le travail de communication et d\u2019information est tr\u00e8s important et la diaspora le fait tr\u00e8s bien. Parce que nous sommes souvent victimes de la propagande mensong\u00e8re et de la d\u00e9sinformation. Un autre travail que la diaspora fait tr\u00e8s bien, c\u2019est lorsqu\u2019elle se mobilise pour une cause.<br \/>\nLa diaspora devrait penser \u00e0 cr\u00e9er un peu plus de moyens de sa politique. Marcher, manifester, c\u2019est bien. Un peuple debout n\u2019est jamais un peuple vaincu. Mais cr\u00e9er les moyens de sa lutte est important, cr\u00e9er par exemple une organisation qui aide cette diaspora \u00e0 se structurer et \u00e0 devenir une force qui n\u2019a pas peur. Nous pourrions avoir une organisation qui a, \u00e0 sa t\u00eate, une pluralit\u00e9 de membres, et qui travaille sur le court, moyen et long terme, et qui mobilise les moyens intellectuels, culturels, \u00e9conomiques et sociaux pour sa politique. On ne peut pas se battre simplement avec la parole. La mobilisation des moyens, c\u2019est important et indispensable.<br \/>\nIl ne faut pas exiger que tout le monde fasse ce que tout le monde fait. Nous devrions proc\u00e9der \u00e0 une division du travail. Nous devrions avoir des compatriotes qui ne font que lire et \u00e9crire. Nous devrions avoir des compatriotes qui publient. Des compatriotes qui rencontrent ceux qui produisent et mettent \u00e0 la disposition des autres compatriotes le fruit de ces rencontres.<br \/>\nUne division du travail permettra \u00e0 chacun de faire ce qu\u2019il peut faire pour un autre devenir pour le Congo. Nous devons devenir \u00ab cr\u00e9ateur de valeur \u00bb, pas pour nous-m\u00eame individuellement, mais pour nous en tant que communaut\u00e9 et pour notre terre m\u00e8re.<br \/>\nPourquoi ne sommes-nous pas capables d\u2019avoir une banque congolaise \u00e0 Paris ou \u00e0 Bruxelles ? Ainsi l\u2019argent que nous envoyons au pays, et qui passe par les banques de ceux qui nous font la guerre, passe par nos banques \u00e0 nous.<br \/>\nPourquoi la diaspora ne s\u2019organise pas pour cr\u00e9er ses propres entreprises au Congo ? Il y a des tentatives \u00e0 faire et des risques \u00e0 prendre pour nous r\u00e9approprier notre \u00e9conomie, m\u00eame si pour que les choses marchent au Congo, il faudrait que le pouvoir soit entre les mains des dignes filles et fils du pays.<\/p><\/blockquote>\n<p><strong>Sur les relations et interactions de la diaspora avec les Occidentaux<\/strong><\/p>\n<blockquote><p>On peut tout dire mais l\u2019Europe ou l\u2019Occident des lumi\u00e8res a quand m\u00eame marqu\u00e9 certains esprits africains. Il y a un certain imaginaire qui est marqu\u00e9 par certaines valeurs humanistes et qui croit qu\u2019en discutant avec l\u2019Occident, on pourrait arriver \u00e0 quelque chose de bien, pour le Congo. Mais il est temps qu\u2019on puisse dresser le bilan et tirer des conclusions qui permettent aux Congolais et aux africains, en g\u00e9n\u00e9ral, \u00e0 s\u2019engager dans des d\u00e9marches qui diversifient les partenaires strat\u00e9giques. Ainsi nous pourrons apprendre comment faire les choses autrement.<br \/>\nNous sommes trop longtemps rest\u00e9s prisonniers dans une sorte de \u00ab droit-de-l\u2019hommisme \u00bb. Nous croyons que les choses s\u2019arrangent quand nous nous adressons aux ONG des droits de l\u2019homme. Mais nous n\u2019arrivons pas \u00e0 voir qui sont derri\u00e8re ces ONG internationales des droits de l\u2019homme.<\/p><\/blockquote>\n<p><strong>Sur le travail qu\u2019il reste \u00e0 accomplir pour la diaspora congolaise<\/strong><\/p>\n<blockquote><p>Nous devons pouvoir cr\u00e9er des soci\u00e9t\u00e9s civiles vivantes et des partis politiques qui ont une id\u00e9ologie diff\u00e9rente de ceux qu\u2019on r\u00e9p\u00e8te dans plusieurs partis politiques du pays.<br \/>\nNous devons d\u00e9velopper un travail de synergie entre nos diff\u00e9rentes organisations qui sont \u00e0 l\u2019ext\u00e9rieur et les organisations qui sont au pays. Qu\u2019on puisse travailler en permanence, en utilisant le plus possible les nouvelles technologies de l\u2019information et de la communication. Et en essayant aussi le plus possible d\u2019aller sur place au pays, \u00e9changer avec nos compatriotes au pays.<br \/>\nNous devons aussi cr\u00e9er les moyens mat\u00e9riels, intellectuels, culturels et spirituels en essayant de refonder l\u2019\u00e9cole, l\u2019universit\u00e9 et l\u2019\u00e9glise.<br \/>\nEnfin, si nous voulons que le Congo aille de l\u2019avant, nous devons passer au panafricanisme des peuples. Le Congo doit \u00eatre sur le devant de la sc\u00e8ne pour travailler au panafricanisme des peuples et continuer le travail de Lumumba. C\u2019est cela qui peut sauver l\u2019Afrique et le Monde. Le salut du monde se trouve en Afrique et plus particuli\u00e8rement au Congo.\n<\/p><\/blockquote>\n<p><\/br>\t\t<\/p>\n","protected":false},"excerpt":{"rendered":"<p>L\u2019analyste politique Jean-Pierre Mbelu d\u00e9crypte les raisons du foss\u00e9 entre les populations et le gouvernement fant\u00f4che de Kinshasa, insiste sur la n\u00e9cessit\u00e9 pour les congolais de s\u2019engager pour le Congo, d\u2019une mani\u00e8re ou d\u2019une autre, souligne le r\u00f4le moteur de la diaspora congolaise et pose les d\u00e9fis \u00e0 relever pour changer le Congo. L\u2019abb\u00e9 Mbelu [&hellip;]<\/p>\n","protected":false},"author":1,"featured_media":6235,"comment_status":"open","ping_status":"open","sticky":false,"template":"","format":"standard","meta":{"_acf_changed":false,"content-type":"","footnotes":""},"categories":[107,124],"tags":[],"class_list":["post-6234","post","type-post","status-publish","format-standard","has-post-thumbnail","hentry","category-analyses-commentaires","category-politique-societe"],"acf":[],"_links":{"self":[{"href":"https:\/\/congolobilelo.com\/IN\/wp-json\/wp\/v2\/posts\/6234","targetHints":{"allow":["GET"]}}],"collection":[{"href":"https:\/\/congolobilelo.com\/IN\/wp-json\/wp\/v2\/posts"}],"about":[{"href":"https:\/\/congolobilelo.com\/IN\/wp-json\/wp\/v2\/types\/post"}],"author":[{"embeddable":true,"href":"https:\/\/congolobilelo.com\/IN\/wp-json\/wp\/v2\/users\/1"}],"replies":[{"embeddable":true,"href":"https:\/\/congolobilelo.com\/IN\/wp-json\/wp\/v2\/comments?post=6234"}],"version-history":[{"count":0,"href":"https:\/\/congolobilelo.com\/IN\/wp-json\/wp\/v2\/posts\/6234\/revisions"}],"wp:featuredmedia":[{"embeddable":true,"href":"https:\/\/congolobilelo.com\/IN\/wp-json\/"}],"wp:attachment":[{"href":"https:\/\/congolobilelo.com\/IN\/wp-json\/wp\/v2\/media?parent=6234"}],"wp:term":[{"taxonomy":"category","embeddable":true,"href":"https:\/\/congolobilelo.com\/IN\/wp-json\/wp\/v2\/categories?post=6234"},{"taxonomy":"post_tag","embeddable":true,"href":"https:\/\/congolobilelo.com\/IN\/wp-json\/wp\/v2\/tags?post=6234"}],"curies":[{"name":"wp","href":"https:\/\/api.w.org\/{rel}","templated":true}]}}