{"id":6229,"date":"2013-12-27T14:18:32","date_gmt":"2013-12-27T14:18:32","guid":{"rendered":"http:\/\/www.ingeta.com\/?p=6229"},"modified":"2013-12-27T14:18:32","modified_gmt":"2013-12-27T14:18:32","slug":"zero-les-congolais-jugent-le-bilan-2013-du-gouvernement-de-matata-et-kabila","status":"publish","type":"post","link":"https:\/\/congolobilelo.com\/IN\/zero-les-congolais-jugent-le-bilan-2013-du-gouvernement-de-matata-et-kabila\/","title":{"rendered":"Z\u00e9ro: Les congolais jugent le bilan 2013 du gouvernement de Matata et Kabila (en lingala)"},"content":{"rendered":"<p>\t\t\t\tLe reportage r\u00e9alis\u00e9 par <a href=\"https:\/\/www.voiceofcongo.net\/\">Voice of Congo <\/a>(en lingala) part \u00e0 la rencontre des habitants de Kinshasa et recueille les points de vue de congolais quant au bilan du gouvernement congolais, globalement n\u00e9gatif.<\/p>\n<p>Ce qu&#8217;il en ressort est tr\u00e8s instructif. Il est incontestable qu&#8217;un nombre de plus en plus important de congolais a compris que:<br \/>\n&#8211; Ce gouvernement ne travaille pas pour l&#8217;int\u00e9r\u00eat du peuple<br \/>\n&#8211; Les slogans et la propagande ne changent rien \u00e0 leur quotidien<br \/>\n&#8211; Cette guerre avec le M23 est une mascarade<br \/>\n&#8211; Leurs conditions de vie et de survie ne sont pas acceptables<\/p>\n<p><iframe loading=\"lazy\" width=\"560\" height=\"315\" src=\"\/\/www.youtube.com\/embed\/ohvEQlaTNag\" frameborder=\"0\" allowfullscreen><\/iframe>\t\t<\/p>\n","protected":false},"excerpt":{"rendered":"<p>Le reportage r\u00e9alis\u00e9 par Voice of Congo (en lingala) part \u00e0 la rencontre des habitants de Kinshasa et recueille les points de vue de congolais quant au bilan du gouvernement congolais, globalement n\u00e9gatif. Ce qu&#8217;il en ressort est tr\u00e8s instructif. Il est incontestable qu&#8217;un nombre de plus en plus important de congolais a compris que: [&hellip;]<\/p>\n","protected":false},"author":1,"featured_media":6230,"comment_status":"open","ping_status":"open","sticky":false,"template":"","format":"video","meta":{"_acf_changed":false,"content-type":"","footnotes":""},"categories":[148,124,162,133],"tags":[],"class_list":["post-6229","post","type-post","status-publish","format-video","has-post-thumbnail","hentry","category-documents-presse","category-politique-societe","category-rd-congo","category-videos","post_format-post-format-video"],"acf":[],"_links":{"self":[{"href":"https:\/\/congolobilelo.com\/IN\/wp-json\/wp\/v2\/posts\/6229","targetHints":{"allow":["GET"]}}],"collection":[{"href":"https:\/\/congolobilelo.com\/IN\/wp-json\/wp\/v2\/posts"}],"about":[{"href":"https:\/\/congolobilelo.com\/IN\/wp-json\/wp\/v2\/types\/post"}],"author":[{"embeddable":true,"href":"https:\/\/congolobilelo.com\/IN\/wp-json\/wp\/v2\/users\/1"}],"replies":[{"embeddable":true,"href":"https:\/\/congolobilelo.com\/IN\/wp-json\/wp\/v2\/comments?post=6229"}],"version-history":[{"count":0,"href":"https:\/\/congolobilelo.com\/IN\/wp-json\/wp\/v2\/posts\/6229\/revisions"}],"wp:featuredmedia":[{"embeddable":true,"href":"https:\/\/congolobilelo.com\/IN\/wp-json\/"}],"wp:attachment":[{"href":"https:\/\/congolobilelo.com\/IN\/wp-json\/wp\/v2\/media?parent=6229"}],"wp:term":[{"taxonomy":"category","embeddable":true,"href":"https:\/\/congolobilelo.com\/IN\/wp-json\/wp\/v2\/categories?post=6229"},{"taxonomy":"post_tag","embeddable":true,"href":"https:\/\/congolobilelo.com\/IN\/wp-json\/wp\/v2\/tags?post=6229"}],"curies":[{"name":"wp","href":"https:\/\/api.w.org\/{rel}","templated":true}]}}