{"id":6223,"date":"2013-12-21T15:34:13","date_gmt":"2013-12-21T15:34:13","guid":{"rendered":"http:\/\/www.ingeta.com\/?p=6223"},"modified":"2013-12-21T15:34:13","modified_gmt":"2013-12-21T15:34:13","slug":"arrete-de-la-prefecture-de-paris-sur-lannulation-du-concert-de-jb-mpiana","status":"publish","type":"post","link":"https:\/\/congolobilelo.com\/IN\/arrete-de-la-prefecture-de-paris-sur-lannulation-du-concert-de-jb-mpiana\/","title":{"rendered":"Arr\u00eat\u00e9 de la prefecture de Paris sur l&#8217;annulation du Concert de JB Mpiana"},"content":{"rendered":"<p>\t\t\t\tVoici l&#8217;arr\u00eat\u00e9 de la pr\u00e9fecture de Paris notifiant l&#8217;annulation du concert de l&#8217;artiste congolais JB Mpiana, pr\u00e9vu le 21 d\u00e9cembre 2013 au Zenith de Paris.<\/p>\n<p><a href=\"http:\/\/www.ingeta.com\/wp-content\/uploads\/2013\/12\/arr\u00eat\u00e9-JB1.jpg\"><img loading=\"lazy\" decoding=\"async\" class=\"alignnone  wp-image-6224\" alt=\"arr\u00eat\u00e9-JB1\" src=\"http:\/\/www.ingeta.com\/wp-content\/uploads\/2013\/12\/arr\u00eat\u00e9-JB1.jpg\" width=\"542\" height=\"768\" \/><\/a><\/p>\n<p><a href=\"http:\/\/www.ingeta.com\/wp-content\/uploads\/2013\/12\/arr\u00eat\u00e9-JB2.jpg\"><img loading=\"lazy\" decoding=\"async\" class=\"alignnone size-full wp-image-6225\" alt=\"arr\u00eat\u00e9-JB2\" src=\"http:\/\/www.ingeta.com\/wp-content\/uploads\/2013\/12\/arr\u00eat\u00e9-JB2.jpg\" width=\"542\" height=\"768\" \/><\/a><\/p>\n<p>&nbsp;\t\t<\/p>\n","protected":false},"excerpt":{"rendered":"<p>Voici l&#8217;arr\u00eat\u00e9 de la pr\u00e9fecture de Paris notifiant l&#8217;annulation du concert de l&#8217;artiste congolais JB Mpiana, pr\u00e9vu le 21 d\u00e9cembre 2013 au Zenith de Paris. &nbsp;<\/p>\n","protected":false},"author":1,"featured_media":6227,"comment_status":"open","ping_status":"open","sticky":false,"template":"","format":"standard","meta":{"_acf_changed":false,"content-type":"","footnotes":""},"categories":[156,122,124],"tags":[],"class_list":["post-6223","post","type-post","status-publish","format-standard","has-post-thumbnail","hentry","category-france","category-news-alertes","category-politique-societe"],"acf":[],"_links":{"self":[{"href":"https:\/\/congolobilelo.com\/IN\/wp-json\/wp\/v2\/posts\/6223","targetHints":{"allow":["GET"]}}],"collection":[{"href":"https:\/\/congolobilelo.com\/IN\/wp-json\/wp\/v2\/posts"}],"about":[{"href":"https:\/\/congolobilelo.com\/IN\/wp-json\/wp\/v2\/types\/post"}],"author":[{"embeddable":true,"href":"https:\/\/congolobilelo.com\/IN\/wp-json\/wp\/v2\/users\/1"}],"replies":[{"embeddable":true,"href":"https:\/\/congolobilelo.com\/IN\/wp-json\/wp\/v2\/comments?post=6223"}],"version-history":[{"count":0,"href":"https:\/\/congolobilelo.com\/IN\/wp-json\/wp\/v2\/posts\/6223\/revisions"}],"wp:featuredmedia":[{"embeddable":true,"href":"https:\/\/congolobilelo.com\/IN\/wp-json\/"}],"wp:attachment":[{"href":"https:\/\/congolobilelo.com\/IN\/wp-json\/wp\/v2\/media?parent=6223"}],"wp:term":[{"taxonomy":"category","embeddable":true,"href":"https:\/\/congolobilelo.com\/IN\/wp-json\/wp\/v2\/categories?post=6223"},{"taxonomy":"post_tag","embeddable":true,"href":"https:\/\/congolobilelo.com\/IN\/wp-json\/wp\/v2\/tags?post=6223"}],"curies":[{"name":"wp","href":"https:\/\/api.w.org\/{rel}","templated":true}]}}