{"id":6209,"date":"2013-12-24T10:09:17","date_gmt":"2013-12-24T10:09:17","guid":{"rendered":"http:\/\/www.ingeta.com\/?p=6209"},"modified":"2013-12-24T10:09:17","modified_gmt":"2013-12-24T10:09:17","slug":"la-republique-democratique-du-congo-un-etat-fantome-dans-une-guerre-en-reseau","status":"publish","type":"post","link":"https:\/\/congolobilelo.com\/IN\/la-republique-democratique-du-congo-un-etat-fantome-dans-une-guerre-en-reseau\/","title":{"rendered":"La R\u00e9publique d\u00e9mocratique du Congo\u00a0: Un Etat fant\u00f4me dans une guerre en r\u00e9seau"},"content":{"rendered":"<p>\t\t\t\tAlors que les massacres et les violences se poursuivent au Congo, l&#8217;analyste politique Jean-Pierre Mbelu d\u00e9crypte le fonctionnement de la guerre en r\u00e9seau, telle qu&#8217;elle se d\u00e9roule au Congo, expose l&#8217;inutilit\u00e9 du d\u00e9bat autour des accords de Nairobi et explique pourquoi les congolais doivent \u00abs&#8217;organiser en conscience\u00a0\u00bb.<\/p>\n<p><iframe loading=\"lazy\" src=\"\/\/www.youtube.com\/embed\/cqo_IQmq6mM?rel=0\" height=\"360\" width=\"560\" allowfullscreen=\"\" frameborder=\"0\"><\/iframe><\/p>\n<p><strong>Sur le d\u00e9bat autour des accords de Nairobi avec le M23<\/strong><\/p>\n<blockquote><p>Ce d\u00e9bat a un c\u00f4t\u00e9 distrayant tr\u00e8s prononc\u00e9. Il n&#8217;y a pas de M23, il s&#8217;agit d&#8217;une milice ougando-rwandaise qui agresse le Congo avec la complicit\u00e9 de certains membres de ce qu&#8217;on appelle la majorit\u00e9 pr\u00e9sidentielle. Et il n&#8217;est pas \u00e9tonnant que certains membres de cette majorit\u00e9 pr\u00e9sidentielle essaient de d\u00e9fendre cet \u00ab\u00a0 accord de la honte\u00a0 \u00bb. De l&#8217;AFDL au M23, c&#8217;est la m\u00eame strat\u00e9gie utilis\u00e9e par Museveni et Kagame. Ils cr\u00e9ent des milices qu&#8217;ils envoient tuer et piller au Congo avec la complicit\u00e9 de leurs parrains, et eux s&#8217;enrichissent. Si nous poursuivons ce d\u00e9bat sur cet accord cela peut constituer un gaspillage de temps et d\u2019\u00e9nergie.<\/p><\/blockquote>\n<p><strong>Sur le r\u00f4le de l&#8217;opposition politique au Congo<\/strong><\/p>\n<blockquote><p>Qu&#8217;il arrive \u00e0 cette opposition de contester ce qui se passe, elle est dans son r\u00f4le. Mais cette fameuse opposition fait partie du syst\u00e8me qui avilie le Congo et pr\u00e9cipite son implosion et sa balkanisation. Il y a des exceptions ici ou l\u00e0, mais une bonne majorit\u00e9 de cette opposition fait le jeu des parrains de l&#8217;Ouganda et du Rwanda.<\/p><\/blockquote>\n<p><strong>Sur la r\u00e9cente tourn\u00e9e de Kabila dans l&#8217;Est du Congo<\/strong><\/p>\n<blockquote><p>Nos populations n&#8217;ont pas toujours la bonne information. Elles sont souvent d\u00e9sinform\u00e9es et doivent faire face \u00e0 des rh\u00e9toriques \u00e0 fortes doses de propagande imb\u00e9cilisante. Le pays n&#8217;est pas en paix, l&#8217;Est n&#8217;est pas en paix du tout. Il y a des informations viables qui montrent que nos populations y sont toujours victimes de massacres et assassinats perp\u00e9tr\u00e9s par les collaborateurs des milices rwando-ougandaises qui se sont retir\u00e9s dans leurs pays respectifs.<br \/>\nPr\u00eater trop d&#8217;attention \u00e0 ce qui se passe \u00e0 Kinshasa, c&#8217;est oublier, entre autres, que le porte-parole de ce gouvernement l\u00e0 vient d&#8217;un groupe cr\u00e9\u00e9 par le Rwanda, qui s&#8217;appelle RCD. Mais comme nous tombons dans l&#8217;amn\u00e9sie rapidement, nous croyons pouvoir faire \u0153uvre utile en \u00e9coutant les balivernes que raconte ce monsieur l\u00e0.<br \/>\nKabila n&#8217;a aucun b\u00e9n\u00e9fice politique \u00e0 tirer de cette \u00ab\u00a0 victoire\u00a0 sur le M23\u00a0 \u00bb. Il ne dirige pas le pays, il est dans un r\u00f4le de bouffon. C&#8217;est l&#8217;ONU avec M. Kobler qui dirigent le pays.<\/p><\/blockquote>\n<p><strong>Sur le r\u00f4le des multinationales au Congo<\/strong><\/p>\n<blockquote><p>Dans l&#8217;initiative public-priv\u00e9 sign\u00e9 \u00e0 Kinshasa en novembre 2011, il y a environ 21 entreprises multinationales qui sont impliqu\u00e9es dans l&#8217;exploitation des ressources naturelles du Congo, au Katanga, les deux Kivu et en Ituri. Pour pouvoir exploiter au maximum ces ressources naturelles, Ces multinationales ont besoin de travailler avec Museveni, Kagam\u00e9 et leurs alli\u00e9s \u00e0 Kinshasa pour que le Congo soit d\u00e9structur\u00e9, pour que les identit\u00e9s culturelles congolaises soient d\u00e9truites, pour que le Congo devienne un Etat fant\u00f4me (qu&#8217;il est d\u00e9j\u00e0 devenu), pour que le Congo s&#8217;affaiblisse davantage de l&#8217;int\u00e9rieur, pour que les divisions entre congolais et la haine entre congolais soient exacerb\u00e9es. Ainsi, ces \u00e9lites et leurs milices ougando-rwandaises peuvent poursuivre leur petit bonhomme de chemin.<\/p><\/blockquote>\n<p><strong>Sur ce qui se passe au Congo<\/strong><\/p>\n<blockquote><p>Ce qui se passe au Congo, c&#8217;est une pr\u00e9dation organis\u00e9e par des \u00e9lites n\u00e9olib\u00e9rales. Les \u00e9lites n\u00e9olib\u00e9rales ne peuvent prosp\u00e9rer que l\u00e0 o\u00f9 elles s\u00e8ment la mort, la violence et la d\u00e9solation. Maintenant qu&#8217;elles sont en train d&#8217;appliquer des mesures d&#8217;aust\u00e9rit\u00e9 dans certains pays occidentaux, la situation est en train de devenir aussi pire qu&#8217;au Congo. Le m\u00eame syst\u00e8me qui a \u00e9t\u00e9 appliqu\u00e9 longtemps dans notre pays est en train d&#8217;\u00eatre appliqu\u00e9 aussi au Nord.<br \/>\nLe syst\u00e8me sur lequel fonctionne notre pays aujourd&#8217;hui, comme il ne permet pas l&#8217;\u00e9galit\u00e9 des chances, comme il ne cr\u00e9e pas un pluralisme politique, ni un pluralisme m\u00e9diatique, est un syst\u00e8me violent qui ne peut que tuer et d\u00e9plorer nos morts. Malheureusement nous nous limitons souvent dans nos analyses aux \u00e9piph\u00e9nom\u00e8nes, nous refusons d&#8217;aller au fond des choses pour questionner le syst\u00e8me mis en place dans notre pays.<br \/>\nIl n&#8217;y a plus d&#8217;Etat au Congo. La guerre permanente entretenue au Congo a cass\u00e9 l&#8217;Etat. Nous n&#8217;avons qu&#8217;un Etat fant\u00f4me.<\/p><\/blockquote>\n<p>Sur le r\u00f4le des minorit\u00e9s organis\u00e9es<\/p>\n<blockquote><p>Le peuple doit pouvoir se dire qu&#8217;il faut qu&#8217;il prenne son destin en main. le peuple doit plaide lui-m\u00eame sa cause, avec des minorit\u00e9s qui sont en train de monter. Ces minorit\u00e9s doivent s&#8217;organiser en conscience. Si on ne s&#8217;organise pas en conscience, si on ne donne pas de continuit\u00e9 \u00e0 ses actions, si on ne planifie pas ce que l&#8217;on fait, on risque de tourner en rond.<br \/>\nIl est plus que temps, pour les minorit\u00e9s congolaises organis\u00e9es en conscience, travaillent avec nos masses populaires, avec les m\u00e9dias alternatifs pour pouvoir remettre sur pied, un autre syst\u00e8me.<br \/>\nSouvent, nous nous mentons \u00e0 nous-m\u00eames quand nous estimons qu&#8217;il suffira demain de chasser ceux qui sont au pouvoir fant\u00f4che aujourd&#8217;hui pour que les choses changent. Nous devons nous ins\u00e9rer dans des processus qui promeuvent le changement sur le court, moyen et long terme. Et nous devons nous attacher \u00e0 enrichir ces processus l\u00e0. Si nous ne sortons pas du syst\u00e8me de la mort actuel, pur pouvoir cr\u00e9er une autre matrice organisationnelle de notre soci\u00e9t\u00e9, nous n&#8217;irons pas de l&#8217;avant. Nous avons beau crier et vocif\u00e9rer, si le syst\u00e8me ne change pas, rien ne bougera. Il y a un travail de fond \u00e0 faire et ce travail doit \u00eatre \u00e9tendu au milieu de la culture, comme l&#8217;Ecole, comme les Eglises, comme les universit\u00e9s, comme les familles, comme les communaut\u00e9s de base de nos populations. Il faut \u00e9veiller la conscience de la prise en charge par nos populations par elles-m\u00eames.<\/p><\/blockquote>\n<p><strong>Sur les guerres en r\u00e9seau<\/strong><\/p>\n<blockquote><p>Lorsque les \u00e9lites dominantes m\u00e8nent des guerres en r\u00e9seau, elles nous font croire souvent qu&#8217;elles sont des guerres civiles, des guerres inter\u00e9thniques, alors qu&#8217;il s&#8217;agit d&#8221;\u00e9v\u00e9nements profonds, c&#8217;est \u00e0 dire des \u00e9v\u00e9nements fabriqu\u00e9s de toutes pi\u00e8ces impliquant la collaboration de certains gouvernements, leurs services secrets, leurs polices, leurs arm\u00e9es, leurs multinationales et ceux que l&#8217;on consid\u00e8re habituellement comme des criminels. C&#8217;est ce qui se passe dans notre pays.<br \/>\nSi nous n&#8217;analysons pas ce qui se passe autour de nous, nous rentrons dans le jeu de l&#8217;exacerbation de la haine entre nous, nous commen\u00e7ons \u00e0 nous voir comme les autres nous voient, \u00e0 force d&#8217;avoir des identit\u00e9s culturelles d\u00e9truites, nous commen\u00e7ons \u00e0 croire que nous ne valons plus rien et nous perdons jusqu&#8217;\u00e0 la fiert\u00e9 d&#8217;\u00eatre nous-m\u00eames. Nous tombons dans la r\u00e9signation et la fatalit\u00e9, et pourtant en \u00e9tudiant ces guerres comme \u00e9tant des \u00e9v\u00e9nements profonds, on se rend compte que le pouvoir occulte et parall\u00e8le engag\u00e9 dans ces guerres l\u00e0 tombe r\u00e9guli\u00e8rement dans le d\u00e9lire. Il lui arrive de confondre le d\u00e9sir de puissance et la r\u00e9alit\u00e9 sur le terrain. Ainsi, si nous n&#8217;avons pas la ma\u00eetrise de ce mode op\u00e9ratoire, il nous sera difficile de lui proposer une contre-organisation.<\/p><\/blockquote>\n<p><strong>Sur l&#8217;annulation du concert de JB Mpiana \u00e0 Paris et sa r\u00e9sonance dans les diasporas congolaises<\/strong><\/p>\n<blockquote><p>Les autorit\u00e9s fran\u00e7aises se sont rendus compte qu&#8217;il y a une force congolaise qui existe \u00e0 l&#8217;ext\u00e9rieur du Congo et qui agit r\u00e9guli\u00e8rement en fonction des objectifs qu&#8217;elle se fixe. Ensuite, la r\u00e9sistance congolaise incarn\u00e9e par les combattants semble \u00eatre associ\u00e9e facilement au terrorisme. Il y a donc comme un effort d\u00e9ploy\u00e9 pour criminaliser les combattants et les r\u00e9sistants congolais. Le terrorisme devient un mot fourre-tout et tous les r\u00e9sistants contre les syst\u00e8mes d&#8217;oppression et d&#8217;exploitation sont facilement associ\u00e9s au terrorisme.<br \/>\nC&#8217;est par le chant que le Congo a aussi r\u00e9ussi \u00e0 mettre fin \u00e0 al deuxi\u00e8me guerre du Rwanda et de l&#8217;Ouganda chez nous, apr\u00e8s le d\u00e9but de la guerre du 2 ao\u00fbt 1998. Il y a eu ce chant \u00ab\u00a0 Tokufa pona Congo\u00a0 \u00bb. Ceux qui se sont rendus compte \u00e0 ce moment l\u00e0 que le chant \u00e9tait mobilisateur, ont essay\u00e9 d&#8217;attirer plusieurs artistes musiciens congolais dans leur traquenard pour que leurs chants servent beaucoup plus \u00e0 distraire les congolais qu&#8217;\u00e0 les mobiliser pour une cause.<\/p><\/blockquote>\n<p><strong>Sur Diomi Ndongala, Kutino et les autres prisonniers politiques<\/strong><\/p>\n<blockquote><p>On ne met jamais fin aux jours des grands messieurs. Ils peuvent toujours rebondir. Ce sont des combattants de la libert\u00e9 et on ne laisse pas les combattants de la libert\u00e9 se pavaner dans les rues comme si de rien n&#8217;\u00e9tait. Les v\u00e9ritables politiciens ne courent pas les rues \u00e0 Kinshasa. S&#8217;il en avait, on ne les laisserait pas prendre la parole en public comme certains essaient de nous le faire croire.<\/p><\/blockquote>\n<p><\/br>\t\t<\/p>\n","protected":false},"excerpt":{"rendered":"<p>Alors que les massacres et les violences se poursuivent au Congo, l&#8217;analyste politique Jean-Pierre Mbelu d\u00e9crypte le fonctionnement de la guerre en r\u00e9seau, telle qu&#8217;elle se d\u00e9roule au Congo, expose l&#8217;inutilit\u00e9 du d\u00e9bat autour des accords de Nairobi et explique pourquoi les congolais doivent \u00abs&#8217;organiser en conscience\u00a0\u00bb. Sur le d\u00e9bat autour des accords de Nairobi [&hellip;]<\/p>\n","protected":false},"author":1,"featured_media":6210,"comment_status":"open","ping_status":"open","sticky":false,"template":"","format":"standard","meta":{"_acf_changed":false,"content-type":"","footnotes":""},"categories":[107,124],"tags":[],"class_list":["post-6209","post","type-post","status-publish","format-standard","has-post-thumbnail","hentry","category-analyses-commentaires","category-politique-societe"],"acf":[],"_links":{"self":[{"href":"https:\/\/congolobilelo.com\/IN\/wp-json\/wp\/v2\/posts\/6209","targetHints":{"allow":["GET"]}}],"collection":[{"href":"https:\/\/congolobilelo.com\/IN\/wp-json\/wp\/v2\/posts"}],"about":[{"href":"https:\/\/congolobilelo.com\/IN\/wp-json\/wp\/v2\/types\/post"}],"author":[{"embeddable":true,"href":"https:\/\/congolobilelo.com\/IN\/wp-json\/wp\/v2\/users\/1"}],"replies":[{"embeddable":true,"href":"https:\/\/congolobilelo.com\/IN\/wp-json\/wp\/v2\/comments?post=6209"}],"version-history":[{"count":0,"href":"https:\/\/congolobilelo.com\/IN\/wp-json\/wp\/v2\/posts\/6209\/revisions"}],"wp:featuredmedia":[{"embeddable":true,"href":"https:\/\/congolobilelo.com\/IN\/wp-json\/"}],"wp:attachment":[{"href":"https:\/\/congolobilelo.com\/IN\/wp-json\/wp\/v2\/media?parent=6209"}],"wp:term":[{"taxonomy":"category","embeddable":true,"href":"https:\/\/congolobilelo.com\/IN\/wp-json\/wp\/v2\/categories?post=6209"},{"taxonomy":"post_tag","embeddable":true,"href":"https:\/\/congolobilelo.com\/IN\/wp-json\/wp\/v2\/tags?post=6209"}],"curies":[{"name":"wp","href":"https:\/\/api.w.org\/{rel}","templated":true}]}}