{"id":6195,"date":"2013-12-15T20:03:05","date_gmt":"2013-12-15T20:03:05","guid":{"rendered":"http:\/\/www.ingeta.com\/?p=6195"},"modified":"2013-12-15T20:03:05","modified_gmt":"2013-12-15T20:03:05","slug":"kampala-le-m23-et-kabila-certains-congolais-sont-alles-trop-loin-dans-la-traitrise","status":"publish","type":"post","link":"https:\/\/congolobilelo.com\/IN\/kampala-le-m23-et-kabila-certains-congolais-sont-alles-trop-loin-dans-la-traitrise\/","title":{"rendered":"Kampala, le M23 et Kabila : Certains congolais sont all\u00e9s trop loin dans la tra\u00eetrise!"},"content":{"rendered":"<p>\t\t\t\tL\u2019analyste politique Jean-Pierre Mbelu d\u00e9crypte l\u2019accord (ou la d\u00e9claration, c\u2019est selon) de Kampala (ou de Nairobi, c\u2019est selon) entre le gouvernement fant\u00f4che de Kinshasa et le M23 (entre autres), analyse comment les commanditaires de la guerre au Congo pr\u00e9parent les ingr\u00e9dients pour une guerre faussement ethnique, et explique pourquoi il est temps de demander des comptes aux congolais qui ont trahi le Congo.<\/p>\n<p><iframe loading=\"lazy\" src=\"\/\/www.youtube.com\/embed\/08GGt3oN1kU\" height=\"315\" width=\"560\" allowfullscreen=\"\" frameborder=\"0\"><\/iframe><\/p>\n<p><strong>Sur le M23<\/strong><\/p>\n<blockquote><p>Pourquoi le M23 doit-il avoir beaucoup plus de privil\u00e8ges que les autres mouvements qualifi\u00e9s de forces n\u00e9gatives ?<br \/>\nQuand ce mouvement M23 se retire en Ouganda il se d\u00e9multiplie. Ecoutez les proches de Kagam\u00e9, qui ont \u00e9t\u00e9 dans le secret de Kagam\u00e9, ils vous disent qu\u2019il n\u2019y a pas de M23. Ils vous disent que c\u2019est une milice rwando-ougandaise, mont\u00e9e par Kagam\u00e9 et son mentor, Museveni, pour pouvoir d\u00e9stabiliser le Congo.<br \/>\nKagam\u00e9 utilise le m\u00eame modus operandi depuis la guerre de l\u2019AFDL. Demain, il pourrait y avoir m\u00eame un M27. Notre b\u00eatise est que nous n\u2019avons pas compris que le ver est dans le fruit depuis la guerre de dite de lib\u00e9ration, de l\u2019AFDL.<br \/>\nOn a un jeune homme qui joue le r\u00f4le que Gorbachev a jou\u00e9 contre l\u2019URSS. Ce jeune homme l\u00e0, Joseph Kabila, m\u00e8ne le jeu contre la souverainet\u00e9 de la RDC.<\/p><\/blockquote>\n<p><strong>Sur Museveni et l\u2019accord de Nairobi\/Kampala<\/strong><\/p>\n<blockquote><p>Qui est Museveni ? C\u2019est quelqu\u2019un qui fait partie avec Kagam\u00e9 d\u2019un groupe d\u2019africains que l\u2019on a appel\u00e9 les leaders de la renaissance africaine, c&#8217;est-\u00e0-dire des leaders appel\u00e9s \u00e0 travailler \u00e0 la disparition de l\u2019Afrique. Nous devons rompre \u00e0 des concepts qui ne signifient absolument rien pour nous.<br \/>\nMuseveni comme Kagam\u00e9 ont adopt\u00e9 le modus operandi de leurs parrains anglo-saxons qui utilisent des mots qui ont une forte dose de propagande d\u00e9magogique. Il n\u2019y a rien que Museveni ne puisse propose aux congolais pour leur bien.<br \/>\nMuseveni est en train de lutter pour que l\u2019Ouganda puisse avoir un plus d\u2019espace. Prenez le rapport Kassem de 2002, vous y lirez que les proches de Museveni ont \u00e9t\u00e9 impliqu\u00e9s dans le r\u00e9seau de pr\u00e9dation qui a pill\u00e9 notre pays. Nous avons oubli\u00e9 que Museveni a \u00e9t\u00e9 traduit en justice par la cour internationale de justice et avait \u00e9t\u00e9 oblig\u00e9 de payer 10 milliards de dollars au Congo. Cet argent n\u2019a jamais \u00e9t\u00e9 donn\u00e9 au Congo. Kabila dont Museveni est un mentor ne r\u00e9clamera jamais cet argent.<br \/>\nLes congolais ont oubli\u00e9 que le Rwanda de Kagam\u00e9, qui a \u00e9t\u00e9 form\u00e9 par Museveni et aid\u00e9 par celui pour faire la guerre au Rwanda, et l\u2019Ouganda de Museveni se sont affront\u00e9s sur le sol congolais parce qu\u2019ils se disputaient nos mati\u00e8res premi\u00e8res. Donc, ces congolais ont oubli\u00e9 tout cela et sont all\u00e9s \u00e0 Kampala pour n\u00e9gocier l\u2019accord ou la d\u00e9claration avec le M23. Arr\u00eatons de rigoler !<\/p><\/blockquote>\n<p><strong>Sur la signature de cet accord<\/strong><\/p>\n<blockquote><p>La RDC n\u2019est pas fondamentalement concern\u00e9e par la signature de ces trois textes. D\u00e9j\u00e0, il faut rappeler que c\u2019est le gouvernement fant\u00f4che de Kinshasa qui a support\u00e9 le s\u00e9jour du M23 \u00e0 Kampala. Et n\u2019oubliez pas que les anc\u00eatres du M23, le CNDP, le RCD sont les alli\u00e9s de ce qu\u2019on appelle au Congo la majorit\u00e9 pr\u00e9sidentielle. Il faudrait qu\u2019on arr\u00eate de se moquer des congolais. Il faudrait que les congolais comprennent eux-m\u00eames, qu\u2019ils doivent arr\u00eate de se moquer d\u2019eux-m\u00eames. Ces textes l\u00e0 sont sign\u00e9s, nous prenons acte. Mais nous continuons la lutte.<br \/>\nIls nous prennent pour des imb\u00e9ciles. Ils peuvent amnistier le M23 et garder en prison les dignes fils et filles du Congo. Qui parle de Diomi Ndongala ? A-t-il fait pire que ces tueurs ougando-rwandais ?<br \/>\nNous sommes pr\u00eats \u00e0 subir toutes les atrocit\u00e9s inimaginables, mais qu\u2019ils sachent que, et nous, et nos enfants, nous n\u2019allons pas nous rabaisser devant eux. Ils sont \u00e0 bout d\u2019arguments. Ils peuvent inventer tous les textes qu\u2019ils veulent. Mais nous allons avoir raison d\u2019eux. Parce que nous avons r\u00e9ussi \u00e0 avoir la ma\u00eetrise de leur modus operandi.<\/p><\/blockquote>\n<p><strong>Sur les pi\u00e8ges que les congolais doivent \u00e9viter<\/strong><\/p>\n<blockquote><p>Il y a un pi\u00e8ge \u00e9norme qui est tendu aux congolais. Il y a un risque que cette guerre de pr\u00e9dation soit convertie en une guerre ethnique entre les congolais qui n\u2019ont pas sign\u00e9 le document du M23 et les congolais qui ont sign\u00e9 ce document.<br \/>\nIl y a un autre pi\u00e8ge. Les commanditaires de cette guerre mettent les congolais contre les kasaiens, puis ils mettent les congolais contre l\u2019Eglise. En m\u00eame temps, ils s\u2019en prennent \u00e0 ceux qu\u2019ils estiment \u00eatre des \u00ab grandes gueules \u00bb et \u00e0 ce qui est une force de la soci\u00e9t\u00e9 civile qui a encore la possibilit\u00e9 de mobiliser les masses.<br \/>\nSi Mende continue \u00e0 faire ce qu\u2019il fait, si les Tshibanda, Mwamba continuent ce qu\u2019ils font, sans se rendre compte qu\u2019ils sont vus comme les tra\u00eetres de la cause congolaise, demain, ils auront \u00e0 rendre des comptes aux congolais.<br \/>\nM\u00eame si l\u2019ext\u00e9rieur a sa part, nous devrions de plus en plus nous en prendre aux notres.<\/p><\/blockquote>\n<p><strong>Sur la trahison des congolais<\/strong><\/p>\n<blockquote><p>Certains de nos compatriotes sont all\u00e9s trop loin dans la tra\u00eetrise. Une maison divis\u00e9e contre elle-m\u00eame est vou\u00e9e \u00e0 sa perte. Comment voulez-vous que dans un pays o\u00f9 il n\u2019y a pas de recensement effectu\u00e9, que nous puissions savoir demain qui font partie de ces milices qui se sont d\u00e9multipli\u00e9s \u00e0 Kampala et qui n\u2019en font pas partie ?<br \/>\nNous avons \u00e9t\u00e9 infiltr\u00e9s par la complicit\u00e9 de certains d\u2019entre nous, parce que nous aimions manger et boire, parce que nous aimions aller \u00e0 la mangeoire. Le temps est venu d\u2019arr\u00eater d\u2019accuser x ou y de l\u2019ext\u00e9rieur pour que nous demandions des comptes \u00e0 ces gens qui sont all\u00e9s signer ces accords de Kampala.<\/p><\/blockquote>\n<p><strong>Sur la lutte \u00e0 mener<\/strong><\/p>\n<blockquote><p>Les congolais et les congolaises ont r\u00e9ussi \u00e0 avoir la ma\u00eetrise de l\u2019enjeu dans notre pays. Ces messieurs se trompent en pensant que les congolais et les congolaises sont b\u00eates. C\u2019est faux. Les congolais vont les surprendre.<br \/>\nCe qu\u2019il faut \u00e9viter, par contre, c\u2019est une vengeance b\u00eate. Nous luttons contre des monstres qui ont perdu leurs c\u0153urs. Lutter contre des monstres, ce n\u2019est pas facile, lutter contre des petits tra\u00eetres qui se pr\u00e9valent d\u2019avoir 3 ou 4 voitures, 5 ou 6 parcelles, ce n\u2019est pas \u00e9vident, mais les congolais vont poursuivre cette lutte pendant tr\u00e8s longtemps. Mais qui pouvait croire qu\u2019apr\u00e8s la mort de Lumumba, les congolais pouvaient reprendre le flambeau ?<br \/>\nCeux qui luttent devraient fonder leur lutte sur 3 mots : Courage, pers\u00e9v\u00e9rance et esprit d\u2019abn\u00e9gation.<br \/>\nLes congolais continuent de croire que ces pays, comme la France qui torpillent la fa\u00e7on de faire des n\u00f4tres, repr\u00e9sentent la d\u00e9mocratie et les droits de l\u2019homme. C\u2019est faux. Nous devons gu\u00e9rir notre imaginaire de ces conceptions d\u00e9phas\u00e9es des pays que nous consid\u00e9rions, quand nous \u00e9tions enfants, comme des grandes d\u00e9mocraties. Ce sont des imp\u00e9rialistes et n\u00e9ocolonialistes qui en veulent \u00e0 notre pays et \u00e0 notre peuple.<\/p><\/blockquote>\n","protected":false},"excerpt":{"rendered":"<p>L\u2019analyste politique Jean-Pierre Mbelu d\u00e9crypte l\u2019accord (ou la d\u00e9claration, c\u2019est selon) de Kampala (ou de Nairobi, c\u2019est selon) entre le gouvernement fant\u00f4che de Kinshasa et le M23 (entre autres), analyse comment les commanditaires de la guerre au Congo pr\u00e9parent les ingr\u00e9dients pour une guerre faussement ethnique, et explique pourquoi il est temps de demander des [&hellip;]<\/p>\n","protected":false},"author":1,"featured_media":6196,"comment_status":"open","ping_status":"open","sticky":false,"template":"","format":"standard","meta":{"_acf_changed":false,"content-type":"","footnotes":""},"categories":[107,124],"tags":[],"class_list":["post-6195","post","type-post","status-publish","format-standard","has-post-thumbnail","hentry","category-analyses-commentaires","category-politique-societe"],"acf":[],"_links":{"self":[{"href":"https:\/\/congolobilelo.com\/IN\/wp-json\/wp\/v2\/posts\/6195","targetHints":{"allow":["GET"]}}],"collection":[{"href":"https:\/\/congolobilelo.com\/IN\/wp-json\/wp\/v2\/posts"}],"about":[{"href":"https:\/\/congolobilelo.com\/IN\/wp-json\/wp\/v2\/types\/post"}],"author":[{"embeddable":true,"href":"https:\/\/congolobilelo.com\/IN\/wp-json\/wp\/v2\/users\/1"}],"replies":[{"embeddable":true,"href":"https:\/\/congolobilelo.com\/IN\/wp-json\/wp\/v2\/comments?post=6195"}],"version-history":[{"count":0,"href":"https:\/\/congolobilelo.com\/IN\/wp-json\/wp\/v2\/posts\/6195\/revisions"}],"wp:featuredmedia":[{"embeddable":true,"href":"https:\/\/congolobilelo.com\/IN\/wp-json\/"}],"wp:attachment":[{"href":"https:\/\/congolobilelo.com\/IN\/wp-json\/wp\/v2\/media?parent=6195"}],"wp:term":[{"taxonomy":"category","embeddable":true,"href":"https:\/\/congolobilelo.com\/IN\/wp-json\/wp\/v2\/categories?post=6195"},{"taxonomy":"post_tag","embeddable":true,"href":"https:\/\/congolobilelo.com\/IN\/wp-json\/wp\/v2\/tags?post=6195"}],"curies":[{"name":"wp","href":"https:\/\/api.w.org\/{rel}","templated":true}]}}