{"id":6191,"date":"2013-12-15T20:04:39","date_gmt":"2013-12-15T20:04:39","guid":{"rendered":"http:\/\/www.ingeta.com\/?p=6191"},"modified":"2013-12-15T20:04:39","modified_gmt":"2013-12-15T20:04:39","slug":"nelson-mandela-rd-congo-centrafrique-pourquoi-lafrique-risque-de-disparaitre","status":"publish","type":"post","link":"https:\/\/congolobilelo.com\/IN\/nelson-mandela-rd-congo-centrafrique-pourquoi-lafrique-risque-de-disparaitre\/","title":{"rendered":"Nelson Mandela, RD Congo, Centrafrique : Pourquoi l\u2019Afrique (telle que nous la connaissons) risque de dispara\u00eetre."},"content":{"rendered":"<p>\t\t\t\tL\u2019analyste politique Jean-Pierre Mbelu apporte un \u00e9clairage historique et critique sur la m\u00e9moire et l\u2019h\u00e9ritage de Nelson Mandela, met en exergue l\u2019hypocrisie des occidentaux autour de ce r\u00e9sistant africain et expose le r\u00f4le de Mandela et de l\u2019Afrique du Sud dans la guerre men\u00e9e contre le Congo. Dans cet entretien, M. Mbelu d\u00e9crypte \u00e9galement les enjeux strat\u00e9giques de l\u2019intervention fran\u00e7aise en Centrafrique, revient sur l\u2019initiative public priv\u00e9 qui prive les congolais du droit de regard sur une partie de leur pays et explique pourquoi les \u00e9lites capitalistes sont en train de d\u00e9truire l\u2019Afrique.<\/p>\n<p><iframe loading=\"lazy\" src=\"\/\/www.youtube.com\/embed\/PwUmEPL4uDo\" height=\"315\" width=\"560\" allowfullscreen=\"\" frameborder=\"0\"><\/iframe><\/p>\n<p><strong>Sur la m\u00e9moire de Mandela<\/strong><\/p>\n<blockquote><p>Sa m\u00e9moire \u00e9voque d\u2019abord une lutte d\u2019un r\u00e9sistant africain contre le pouvoir raciste de l\u2019Apartheid. Elle \u00e9voque un combattant africain qui a su, contre vents et mar\u00e9es, pers\u00e9v\u00e9rer dans la lutte et accepter un sacrifice supr\u00eame pour que son peuple puisse finalement b\u00e9n\u00e9ficier de la libert\u00e9. Mais la figure de Mandela \u00e9voque aussi l\u2019internationalisme socialiste, assum\u00e9 par le Cuba de Fidel Castro. Il y a aussi le fait qu\u2019une fois lib\u00e9r\u00e9, Mandela ne s\u2019est pas accroch\u00e9 au pouvoir.<\/p><\/blockquote>\n<p><strong>Sur l\u2019hypocrisie des Occidentaux autour de la personne de Mandela<\/strong><\/p>\n<blockquote><p>Quand vous lisez les m\u00e9dias alternatifs sur la mort de Nelson Mandela, vous avez une approche diff\u00e9rente de celle des m\u00e9dias dominants.<br \/>\nLes m\u00e9dias dominants n\u2019ont pas r\u00e9ussi un seul instant \u00e0 indiquer le fait qu\u2019une fois lib\u00e9r\u00e9 de prison, Mandela a effectu\u00e9 un voyage \u00e0 Cuba o\u00f9 il a prononc\u00e9 l\u2019un de ses plus grands discours en 1991. Certains pays qui se sont ru\u00e9s en Afrique du Sud pour assister \u00e0 l\u2019hommage rendu \u00e0 Mandela ont soutenu le pouvoir raciste de l\u2019Afrique du Sud pendant que l\u2019ANC de Mandela combattait ce pouvoir l\u00e0. La France, par exemple, a soutenu l\u2019Apartheid, et les USA, jusqu\u2019en 2008, classifiaient Mandela parmi les terroristes. Et puis, tout ce beau monde n\u2019a fait aucune allusion \u00e0 Winnie Mandela. Celle qui, avec Nelson Mandela, a beaucoup lutt\u00e9 contre l\u2019Apartheid.<br \/>\nEnfin, Mandela de son vivant n\u2019a pas \u00e9t\u00e9 aussi applaudi que cela\u2026 Aujourd\u2019hui, nous avons encore des combattants de la libert\u00e9 que les pays dits libres et de vieilles d\u00e9mocraties n\u2019acceptent pas et ne soutiennent pas. Mais demain ils risquent aussi, comme avec Mandela, de venir s\u2019incliner sur les cercueils de ces combattants de la libert\u00e9.<\/p><\/blockquote>\n<p><strong>Sur l\u2019h\u00e9ritage de Mandela vis-\u00e0-vis des noirs<\/strong><\/p>\n<blockquote><p>Un ami m\u2019a dit ceci : Si tu vois un noir applaudi par les m\u00e9dias dominants, essaie de te demander si ce noir l\u00e0 n\u2019a pas trahi ses fr\u00e8res et s\u0153urs de race.<br \/>\nMandela est une figure historique importante pour l\u2019Afrique. Il a r\u00e9ussi \u00e0 demander \u00e0 son peuple de ne pas se venger. Mais quand on essaie de voir ce que l\u2019Afrique du Sud est devenu apr\u00e8s Mandela, on se demande si la lutte qu\u2019il a men\u00e9e ne devrait pas \u00eatre remise, sous certains aspects, en question. Avoir le pouvoir politique ne signifie rien si vous n\u2019avez pas le pouvoir \u00e9conomique.<br \/>\nPour certains africains, Mandela a \u00e9t\u00e9 applaudi, parce qu\u2019il a jou\u00e9 de fa\u00e7on \u00e0 ce que ses compatriotes noirs aient le pouvoir politique et que le pouvoir \u00e9conomique reste entre les mains des blancs qui sont par ailleurs, tr\u00e8s minoritaires. Les Sud-Africains n\u2019ont pas eu ce qu\u2019ils attendaient de la fin de l\u2019Apartheid. Il y a encore beaucoup de mis\u00e8re en Afrique du Sud, et les noirs vivent encore, pour la plupart, dans des taudis et quartiers insalubres.<br \/>\nOn peut aussi dire ceci, Mandela a fait sa part de travail. Il appartient \u00e0 ses successeurs de faire la leur. Mais dans la part qu\u2019il a assum\u00e9, il y a des compatriotes africains qui estiment que, sur certains points, il a trahi l\u2019Afrique.<\/p><\/blockquote>\n<p><strong>Sur Mandela et la RD Congo<\/strong><\/p>\n<blockquote><p>Nelson Mandela a \u00e9t\u00e9 l\u2019appui de ce qu\u2019on a appel\u00e9 les nouveaux leaders de la renaissance africaine (Kagam\u00e9, Museveni), soutenus par le lobby am\u00e9ricain au service de Bill Clinton. Quand Mandela a \u00e9t\u00e9 impliqu\u00e9 dans les n\u00e9gociations sur l\u2019avenir de la RDC, il n\u2019a pas jou\u00e9 un r\u00f4le tr\u00e8s positif. N\u2019oubliez pas que les \u00e9lections bidons de 2011 ont \u00e9t\u00e9 aussi le fait de l\u2019Afrique du Sud. Quand vous \u00e9tudiez la provenance des armes utilis\u00e9es par le Rwanda et l\u2019Ouganda, pendant la guerre men\u00e9e contre la RDC, beaucoup de ces armes venaient de l\u2019Afrique du Sud et aujourd\u2019hui, Jacob Zuma est un appui s\u00e9rieux \u00e0 Kabila.<br \/>\nCette Afrique du Sud, adoub\u00e9e par les m\u00e9dias, ne devrait pas int\u00e9resser, outre mesure, les Congolais. L\u2019Afrique du Sud a toujours eu peur que le Congo devienne un g\u00e9ant g\u00eanant en Afrique. Alors, pour cette Afrique du Sud l\u00e0, tous les coups sont permis. Si Zuma mettait ce qu\u2019il consid\u00e8re comme \u00e9tant les int\u00e9r\u00eats de l\u2019Afrique du Sud au Congo au service de tous les Sud-Africains, cela se comprendrait. Mais c\u2019est juste un petit clan autour de Jacob Zuma qui essaie de jouir de ce qu\u2019ils tirent comme dividendes dans son engagement \u00e0 c\u00f4t\u00e9 de Joseph Kabila.<\/p><\/blockquote>\n<p><strong>Sur l\u2019intervention fran\u00e7aise en Centrafrique<\/strong><\/p>\n<blockquote><p>Il n\u2019y a pas de guerre civile en Centrafrique. La France vient sauvegarder les int\u00e9r\u00eats de ses multinationales dans le pays et prouve, par son acte, que la Fran\u00e7afrique n\u2019est pas morte. La France prouve par ses interventions n\u00e9ocoloniales en Afrique, qu\u2019elle est incapable de vivre sans l\u2019Afrique. Ce sont la France et ses alli\u00e9s qui cr\u00e9ent ces situations, qui sont des \u00e9v\u00e8nements profonds, pour se pr\u00e9senter en pompiers, alors qu\u2019ils sont des pyromanes. La R\u00e9publique centrafricaine est d\u00e9stabilis\u00e9e depuis longtemps par la France qui prend ses diamants et son uranium.<br \/>\nQuand nous avons un imaginaire viol\u00e9, nous croyons que nous sommes en train de chercher des boucs \u00e9missaires en accusant l\u2019Occident. Nous ne devons pas avoir honte de dire cela. Ayons une vision globale de ce que cette \u00e9lite capitaliste n\u00e9olib\u00e9rale est en train de faire chez nous.<\/p><\/blockquote>\n<p><strong>Sur la destruction de l\u2019Afrique<\/strong><\/p>\n<blockquote><p>On va d\u00e9truire la Libye de Kadhafi qui avait un grand projet pour l\u2019Afrique, cr\u00e9er un fonds mon\u00e9taire africain pour qu\u2019il n\u2019y ait de d\u00e9pendance vis-\u00e0-vis de l\u2019Occident. Pourquoi? Que fait la France en Syrie, qu\u2019a fait la France en Libye, au Mali? Si nous n\u2019avons pas une vue d\u2019ensemble, nous aurons l\u2019impression de croire que la France va en Centrafrique comme pompier, alors qu\u2019elle est aussi pyromane, encore une fois.<br \/>\nQuelle est la c\u00f4te de popularit\u00e9 de celui qui envoy\u00e9 les militaires fran\u00e7ais en RCA ? Comment voulez-vous que quelqu\u2019un qui est incapable de pouvoir r\u00e9pondre aux questions de son propre peuple puisse se pr\u00e9senter comme le d\u00e9fenseur d\u2019un peuple africain ?<br \/>\nNotre imaginaire a \u00e9t\u00e9 tellement viol\u00e9 que nous croyons que quand la France descend en Afrique, c\u2019est pour le bonheur des Africains. Parce que dans notre imaginaire, la grande France est \u00e9ternellement la patrie des droits de l\u2019homme. Ce qui est faux.<br \/>\nIls sont all\u00e9s en RCA pour les 300 morts qu\u2019ils ont comptabilis\u00e9s. Pourquoi ils ne vont pas au Congo o\u00f9 il y a des millions de morts depuis 1996 ? Au Congo o\u00f9 ils ont mis une force de l\u2019ONU qui comptabilise nos morts et les viols de nos mamans ?<br \/>\nCes gens l\u00e0 qui agissent souvent en r\u00e9seau sont en train de d\u00e9truire l\u2019Afrique et le monde. Ils connaissent des crises parce qu\u2019ils ont financ\u00e9 des banques avec l\u2019argent du contribuable, ils ont jou\u00e9 au casino et, aujourd\u2019hui, c\u2019est l\u2019Afrique qui doit payer les pots cass\u00e9s.<br \/>\nNous ne comprenons pas que ces gens ne nous prennent pas au s\u00e9rieux. On doit casser avec cette mentalit\u00e9 imp\u00e9rialiste et n\u00e9ocoloniale pour que l\u2019Afrique s\u2019assume. Si nous nous tuons, alors qu\u2019on se tue. Pourquoi croient-ils qu\u2019ils doivent \u00eatre les bienfaiteurs et les philanthropes de l\u2019Afrique alors qu\u2019il n\u2019en est pas question ?<\/p><\/blockquote>\n<p><strong>Sur les violations des droits de l\u2019homme au Congo<\/strong><\/p>\n<blockquote><p>Le 26 novembre 2011, les forces de s\u00e9curit\u00e9 congolaises tirent \u00e0 bout portant sur les populations. Ce sont les responsables de ces forces de s\u00e9curit\u00e9 qui ont \u00e9t\u00e9 invit\u00e9s \u00e0 l\u2019Elys\u00e9e pour le sommet Afrique France de d\u00e9cembre 2013. Et vous pensez que la France peut plaider la cause du peuple congolais ou des peuples africains.<br \/>\nSi nous ne nous r\u00e9ussissons pas \u00e0 nous organiser, nous africains, pour rompre ou peser de tout notre poids dans ces organisations internationales qui ne prennent pas l\u2019Afrique au s\u00e9rieux, l\u2019Afrique risque de dispara\u00eetre.<br \/>\nCeux qui ont tu\u00e9 sur nos populations travaillent en r\u00e9seau avec certains de leurs amis du Nord. C\u2019est ensemble qu\u2019ils s\u2019arrangent pour cr\u00e9er la peur et cr\u00e9er la mort.<\/p><\/blockquote>\n<p><strong>Sur le syst\u00e8me n\u00e9olib\u00e9ral et l\u2019Afrique<\/strong><\/p>\n<blockquote><p>Le syst\u00e8me n\u00e9olib\u00e9ral ne prosp\u00e8re que l\u00e0 o\u00f9 il a l\u2019aust\u00e9rit\u00e9, la violence, la peur, la mort, l\u00e0 o\u00f9 il les identit\u00e9s culturelles ou sociales sont d\u00e9structur\u00e9es. Tuer nos populations participe de la d\u00e9structuration des identit\u00e9s sociales et culturelles.<br \/>\nLe syst\u00e8me n\u00e9olib\u00e9ral est la matrice organisationnelle de la mort, et au Nord, et au Sud. Quand on ne le sait pas, on va applaudir la France quand elle va en Centrafrique pendant que les petits fran\u00e7ais doivent vivre dans l\u2019aust\u00e9rit\u00e9.<br \/>\nSi nous \u00e9tions dans un monde s\u00e9rieux, nous ne serrions pas la main \u00e0 ceux qui ont ordonn\u00e9 qu\u2019on puisse tirer sur nos populations \u00e0 bout portant.<br \/>\nOn doit arr\u00eater de se laisser berner par la rh\u00e9torique de ceux qui se prennent pour les bienfaiteurs de l\u2019Afrique.<br \/>\nL\u2019Afrique avec ses dignes fils et filles doit pouvoir apprendre \u00e0 s\u2019assumer, avec les hommes et femmes de bonne volont\u00e9 du monde entier.<\/p><\/blockquote>\n<p><strong>Sur la situation en RD Congo<\/strong><\/p>\n<blockquote><p>IL y a quelque de dramatique qui est en train de se passer au Congo. En lisant le livre de Custer \u00ab Chasseurs de mati\u00e8res premi\u00e8res \u00bb. On se rend compte qu\u2019il y a eu des lois qui ont \u00e9t\u00e9 vot\u00e9es aux USA sur le Congo sans que les congolais soient partis prenantes du vote de ces lois. Imaginez-vous un seul instant que le parlement congolais puisse voter une loi sur les USA sans que les am\u00e9ricains participent \u00e0 ce vote ? C\u2019est un signe qui montre que dans l\u2019imaginaire de ceux qui ont fait voter ces lois l\u00e0, le Congo est une province des USA. En lisant ce livre, vous vous rendez compte qu\u2019il y a aussi une initiative Public-Priv\u00e9 qui octroie aux USA et un groupe de multinationales de pouvoir veiller au commerce pur des ressources naturelles \u00e0 l\u2019Est de notre pays et que ce partenariat entre ces multinationales, les am\u00e9ricains et le gouvernement congolais a \u00e9t\u00e9 officialis\u00e9 via un communiqu\u00e9 en date d\u2019octobre 2011. Et ce n\u2019est pas anodin. Pendant que les congolais se battaient pour les \u00e9lections, Kabila s\u2019arrangeait pour signer des contrats et des initiatives avec ceux qui estiment que c\u2019est de leur droit que de pouvoir contr\u00f4ler les ressources naturelles du Congo.<br \/>\nEt si la chose se passe telle que Raf Custer l\u2019\u00e9voque dans son livre, le Congo va perdre le droit de regard sur une partie de son pays (Ituri, les deux Kivus, Katanga).<\/p><\/blockquote>\n<p>&nbsp;\t\t<\/p>\n","protected":false},"excerpt":{"rendered":"<p>L\u2019analyste politique Jean-Pierre Mbelu apporte un \u00e9clairage historique et critique sur la m\u00e9moire et l\u2019h\u00e9ritage de Nelson Mandela, met en exergue l\u2019hypocrisie des occidentaux autour de ce r\u00e9sistant africain et expose le r\u00f4le de Mandela et de l\u2019Afrique du Sud dans la guerre men\u00e9e contre le Congo. Dans cet entretien, M. Mbelu d\u00e9crypte \u00e9galement les [&hellip;]<\/p>\n","protected":false},"author":1,"featured_media":6192,"comment_status":"open","ping_status":"open","sticky":false,"template":"","format":"standard","meta":{"_acf_changed":false,"content-type":"","footnotes":""},"categories":[107,120,124],"tags":[],"class_list":["post-6191","post","type-post","status-publish","format-standard","has-post-thumbnail","hentry","category-analyses-commentaires","category-mondialisation","category-politique-societe"],"acf":[],"_links":{"self":[{"href":"https:\/\/congolobilelo.com\/IN\/wp-json\/wp\/v2\/posts\/6191","targetHints":{"allow":["GET"]}}],"collection":[{"href":"https:\/\/congolobilelo.com\/IN\/wp-json\/wp\/v2\/posts"}],"about":[{"href":"https:\/\/congolobilelo.com\/IN\/wp-json\/wp\/v2\/types\/post"}],"author":[{"embeddable":true,"href":"https:\/\/congolobilelo.com\/IN\/wp-json\/wp\/v2\/users\/1"}],"replies":[{"embeddable":true,"href":"https:\/\/congolobilelo.com\/IN\/wp-json\/wp\/v2\/comments?post=6191"}],"version-history":[{"count":0,"href":"https:\/\/congolobilelo.com\/IN\/wp-json\/wp\/v2\/posts\/6191\/revisions"}],"wp:featuredmedia":[{"embeddable":true,"href":"https:\/\/congolobilelo.com\/IN\/wp-json\/"}],"wp:attachment":[{"href":"https:\/\/congolobilelo.com\/IN\/wp-json\/wp\/v2\/media?parent=6191"}],"wp:term":[{"taxonomy":"category","embeddable":true,"href":"https:\/\/congolobilelo.com\/IN\/wp-json\/wp\/v2\/categories?post=6191"},{"taxonomy":"post_tag","embeddable":true,"href":"https:\/\/congolobilelo.com\/IN\/wp-json\/wp\/v2\/tags?post=6191"}],"curies":[{"name":"wp","href":"https:\/\/api.w.org\/{rel}","templated":true}]}}