{"id":6156,"date":"2013-11-28T13:41:47","date_gmt":"2013-11-28T13:41:47","guid":{"rendered":"http:\/\/www.ingeta.com\/?p=6156"},"modified":"2013-11-28T13:41:47","modified_gmt":"2013-11-28T13:41:47","slug":"conference-debat-les-soldats-congolais-ces-heros-oublies-de-la-grande-guerre-5-decembre-2013-a-louvain-la-neuve","status":"publish","type":"post","link":"https:\/\/congolobilelo.com\/IN\/conference-debat-les-soldats-congolais-ces-heros-oublies-de-la-grande-guerre-5-decembre-2013-a-louvain-la-neuve\/","title":{"rendered":"Conf\u00e9rence-d\u00e9bat: Les soldats congolais, ces h\u00e9ros oubli\u00e9s de la grande guerre &#8211; 5 d\u00e9cembre 2013 \u00e0 Louvain-La-Neuve"},"content":{"rendered":"<p>\t\t\t\t<strong>Pr\u00e9sentation:<\/strong><br \/>\n<em>Il est \u00a0d\u00e9loyal de r\u00e9sumer les enjeux belges de la Grande Guerre aux simples batailles de l\u2019Yser ou de la Somme.<\/em> Les victoires de la force publique contre l\u2019Italie fasciste en Abyssinie (ancienne Ethiopie) ou l\u2019Allemagne Nazie au Rwanda-Urundi ont surtout permis \u00e0 la Belgique de n\u00e9gocier ces anciens protectorats de l\u2019ennemi allemand. C\u2019est ainsi qu\u2019en 1923, la Soci\u00e9t\u00e9 des Nations (anc\u00eatre des Nations Unies) accorde mandat d&#8217;administrer le Ruanda-Urundi \u00e0 la Belgique. Les soldats congolais ont <i>\u00abcontribu\u00e9 \u00e0 l\u2019\u0153uvre de la victoire\u00bb,<\/i> comme l\u2019\u00e9crit le 19 septembre 1944 le gouverneur g\u00e9n\u00e9ral Ryckmans, dans un \u00abcourrier confidentiel europ\u00e9en\u00bb. <i>\u00abGr\u00e2ce \u00e0 leurs souffrances et \u00e0 leurs morts, le drapeau belge n\u2019a cess\u00e9 de flotter fi\u00e8rement \u00e0 c\u00f4t\u00e9 des drapeaux alli\u00e9s sur les rivages \u00e9trangers. Le destin n\u2019a pas voulu qu\u2019ils participent \u00e0 la gloire des batailles. Ils n\u2019en n\u2019ont pas moins m\u00e9rit\u00e9 notre reconnaissance.<\/i>\u00bb<\/p>\n<p>Mais aujourd\u2019hui ces vaillants militaires, engag\u00e9s dans une guerre qui n\u2019\u00e9tait pas la leur, sont les grands oubli\u00e9s de l\u2019histoire. Et l\u2019arm\u00e9e congolaise n\u2019a h\u00e9rit\u00e9 de la force publique que son nom.<em> <\/em>A l\u2019aune des comm\u00e9morations du centenaire de la Grande Guerre, la CGEE vous d\u00e9voile les coulisses historiques des victoires congolaises en 14-18 et 1940-1945 \u00e0 travers r\u00e9cits et t\u00e9moignages uniques. En second lieu, il s\u2019agira de comprendre comment l\u2019odyss\u00e9e victorieuse n\u2019a pas su g\u00e9n\u00e9rer une arm\u00e9e \u00e0 m\u00eame d\u2019assurer en tout temps \u00a0l\u2019int\u00e9grit\u00e9 du pays.<\/p>\n<div><\/div>\n<p><strong>Les intervenants:<\/strong><br \/>\n&#8211;\u00a0 \u00a0 \u00a0 &#8211; \u00a0\u00a0<em><b>Dominique Kalonga\u00a0(Ex officier FAZ, ancien de l\u2019\u00e9cole militaire Royale belge):<\/b><\/em> <i>Historique des<\/i> <i>\u00a0campagnes de la force publique du Congo-Belge et ses retomb\u00e9es.<\/i><\/p>\n<p>&#8211;\u00a0 \u00a0 \u00a0&#8211; \u00a0 \u00a0<em><b>Les volontaires congolais dans l\u2019arm\u00e9e Belge, Odette Kudjabo<\/b> <\/em><i>(petite fille d\u2019Albert Kudjabo, compagnon de Panda Farnana) : T\u00e9moignage sur l\u2019engagement de son grand-p\u00e8re<\/i><\/p>\n<p>&#8211;\u00a0 \u00a0 \u00a0&#8211; \u00a0 \u00a0<em><b>Anicet Mobe (<\/b><b>historien et sp\u00e9cialiste militaire<\/b>)<\/em><b><em>\u00a0<\/em>: <\/b><i>De Mobutu \u00e0 Kabila\u00a0:<\/i><b> <\/b><i>Mercenaires, interventions des forces \u00e9trang\u00e8res, l\u2019arm\u00e9e a-t-elle \u00e9t\u00e9 pulv\u00e9ris\u00e9e\u00a0?<\/i> <i>Comment le politicien peut sauver le soldat \u00ab\u00a0congolais\u00a0\u00bb<\/i><\/p>\n<p><strong>Le Lieu:<\/strong><br \/>\nUniversit\u00e9 Catholique de Louvain<br \/>\nPlace de l&#8217;Universit\u00e9 1, 1348 Louvain-La-Neuve, Belgique<br \/>\nSalle: Auditoire Studio 13<\/p>\n<p><strong>Date et heures:<\/strong><br \/>\njeudi 5 d\u00e9cembre 2013<br \/>\nA partir de 18:45<\/p>\n<p><strong>Contact:<\/strong><br \/>\nCynthia Bashizi<br \/>\nT\u00e9l.: 0032488066665.<br \/>\nPage Facebook: <a href=\"https:\/\/www.facebook.com\/events\/181930095337553\/\">https:\/\/www.facebook.com\/events\/181930095337553\/<\/a><br \/>\n<\/br>\t\t<\/p>\n","protected":false},"excerpt":{"rendered":"<p>Pr\u00e9sentation: Il est \u00a0d\u00e9loyal de r\u00e9sumer les enjeux belges de la Grande Guerre aux simples batailles de l\u2019Yser ou de la Somme. Les victoires de la force publique contre l\u2019Italie fasciste en Abyssinie (ancienne Ethiopie) ou l\u2019Allemagne Nazie au Rwanda-Urundi ont surtout permis \u00e0 la Belgique de n\u00e9gocier ces anciens protectorats de l\u2019ennemi allemand. C\u2019est [&hellip;]<\/p>\n","protected":false},"author":1,"featured_media":6157,"comment_status":"open","ping_status":"open","sticky":false,"template":"","format":"standard","meta":{"_acf_changed":false,"content-type":"","footnotes":""},"categories":[167,145,124,127],"tags":[],"class_list":["post-6156","post","type-post","status-publish","format-standard","has-post-thumbnail","hentry","category-belgique","category-conferences-salons","category-politique-societe","category-rencontresdebats"],"acf":[],"_links":{"self":[{"href":"https:\/\/congolobilelo.com\/IN\/wp-json\/wp\/v2\/posts\/6156","targetHints":{"allow":["GET"]}}],"collection":[{"href":"https:\/\/congolobilelo.com\/IN\/wp-json\/wp\/v2\/posts"}],"about":[{"href":"https:\/\/congolobilelo.com\/IN\/wp-json\/wp\/v2\/types\/post"}],"author":[{"embeddable":true,"href":"https:\/\/congolobilelo.com\/IN\/wp-json\/wp\/v2\/users\/1"}],"replies":[{"embeddable":true,"href":"https:\/\/congolobilelo.com\/IN\/wp-json\/wp\/v2\/comments?post=6156"}],"version-history":[{"count":0,"href":"https:\/\/congolobilelo.com\/IN\/wp-json\/wp\/v2\/posts\/6156\/revisions"}],"wp:featuredmedia":[{"embeddable":true,"href":"https:\/\/congolobilelo.com\/IN\/wp-json\/"}],"wp:attachment":[{"href":"https:\/\/congolobilelo.com\/IN\/wp-json\/wp\/v2\/media?parent=6156"}],"wp:term":[{"taxonomy":"category","embeddable":true,"href":"https:\/\/congolobilelo.com\/IN\/wp-json\/wp\/v2\/categories?post=6156"},{"taxonomy":"post_tag","embeddable":true,"href":"https:\/\/congolobilelo.com\/IN\/wp-json\/wp\/v2\/tags?post=6156"}],"curies":[{"name":"wp","href":"https:\/\/api.w.org\/{rel}","templated":true}]}}