{"id":6153,"date":"2013-11-27T15:29:06","date_gmt":"2013-11-27T15:29:06","guid":{"rendered":"http:\/\/www.ingeta.com\/?p=6153"},"modified":"2013-11-27T15:29:06","modified_gmt":"2013-11-27T15:29:06","slug":"des-kuluna-non-cravates-tues-a-kinshasa","status":"publish","type":"post","link":"https:\/\/congolobilelo.com\/IN\/des-kuluna-non-cravates-tues-a-kinshasa\/","title":{"rendered":"Des &#8220;kuluna-non -cravat\u00e9s&#8221; tu\u00e9s \u00e0 Kinshasa"},"content":{"rendered":"<p>\t\t\t\tPar Jean-Pierre Mbelu<\/p>\n<div><b><i>Apr\u00e8s plus de trois d\u00e9cennies de dictature, plus de deux d\u00e9cennies de guerre de pr\u00e9dation et d\u2019usure, les in\u00e9galit\u00e9s et les exclusions ont explos\u00e9 en RDC. L\u2019appauvrissement des masses populaires et l\u2019enrichissement sans cause des vieux dinosaures\u00a0 et des nouveaux pr\u00e9dateurs ont fait de ce pays une jungle. L\u2019appauvrissement des masses a \u00e9t\u00e9 accompagn\u00e9 du non-respect de leurs droits socio-\u00e9conomiques, politiques et culturels. L\u2019une des cons\u00e9quences de cet \u00e9tat des choses est le ph\u00e9nom\u00e8ne \u00ab\u00a0kuluna\u00a0\u00bb. La police politique des \u00ab\u00a0kuluna-cravat\u00e9s\u00a0\u00bb\u00a0 croit pouvoir l\u2019\u00e9radiquer en \u00a0tuant les &#8220;kuluna-non-cravat\u00e9s&#8221; et\/ou en les livrant \u00e0 sa justice injuste.<\/i><\/b><\/div>\n<div><b><i>\u00a0<\/i><\/b><\/div>\n<div>Nous apprenons depuis hier, le 26 novembre 2013, que la police a lanc\u00e9\u00a0\u00a0 une \u00ab\u00a0op\u00e9ration coup de poing\u00a0\u00bb \u00e0 Kinshasa. Cette op\u00e9ration consiste \u00e0 traquer \u00ab\u00a0les kuluna\u00a0\u00bb, \u00ab\u00a0les voyous\u00a0\u00bb et \u00e0 les d\u00e9f\u00e9rer devant la justice et\/ou \u00e0 les tuer. Certains kinois rapportent qu\u2019ils ont vu la police tuer ces \u00ab\u00a0voyous\u00a0\u00bb devant leurs domiciles. Ce que r\u00e9fute l\u2019un des responsables de la police\u00a0: il met cela sur le compte des d\u00e9rapages li\u00e9s \u00e0 l\u2019op\u00e9ration susmentionn\u00e9e.<b><i><\/i><\/b><\/div>\n<div><\/div>\n<div>Quelques petits rappels historiques. Ceux et celles d\u2019entre nous qui ont encore un peu de m\u00e9moire savent qu\u2019apr\u00e8s les \u00e9lections-pi\u00e8ges-\u00e0-con\u00a0 de 2006, \u00ab\u00a0 une r\u00e9pression massive s\u2019est\u00a0 abattu sur les membres du MLC de Jean-Pierre Bemba\u00a0\u00bb comme en t\u00e9moigne un document publi\u00e9 par la FIDH[1]. Plusieurs militaires et civiles de la province de l\u2019Equateur avaient \u00e9t\u00e9 pris pour cibles.\u00a0 Plus tard,\u00a0 aux environs des \u00e9lections-pi\u00e8ges-\u00e0-con de 2011 et plus pr\u00e9cis\u00e9ment le 26 novembre, plusieurs partisans de l\u2019UDPS ont \u00e9t\u00e9 tu\u00e9s aux environs de l\u2019a\u00e9roport de Ndjili. Pour quel crime\u00a0? Ils s\u2019\u00e9taient organis\u00e9s pour aller accueillir leur leader, Etienne Tshisekedi, revenant d\u2019un voyage. Certains jeunes ont \u00e9t\u00e9 abattus dans certains quartiers de Kinshasa aux environs de cette date par la police politique de Kinshasa. La justice aux ordres de nouveaux pr\u00e9dateurs n\u2019a jamais fait la lumi\u00e8re sur ces meurtres et assassinats politiques.\u00a0 Que visaient-ils\u00a0? Semer la psychose dans \u00ab\u00a0la ville frondeuse\u00a0\u00bb, casser toute forme de r\u00e9sistance populaire contre un \u00ab\u00a0conglom\u00e9rat d\u2019aventuriers\u00a0\u00bb ayant usurp\u00e9 le pouvoir par la volont\u00e9 d\u2019un r\u00e9seau maffieux transnational de pr\u00e9dation, pousser cette ville \u00e0 reconna\u00eetre ces nouveaux pr\u00e9dateurs comme \u00ab\u00a0hommes d\u2019Etat\u00a0\u00bb, etc. Ce sont donc ces\u00a0 \u00ab\u00a0kuluna\u00a0\u00bb en costume et cravate ayant neutralis\u00e9 une bonne partie des institutions congolaises qui, depuis la guerre dite de lib\u00e9ration (de l\u2019AFDL), essaient de transformer la RDC\u00a0en une jungle o\u00f9 r\u00e8gne la loi de la guerre de tous contre tous.<\/div>\n<div><\/div>\n<div>Et voil\u00e0 qu\u2019ils r\u00e9cidivent apr\u00e8s \u00ab\u00a0les victoires ambigu\u00ebs des FARDC\u00a0\u00bb sur le M23, membre de la majorit\u00e9 dite pr\u00e9sidentielle\u00a0!\u00a0 Jusqu\u2019au 15 f\u00e9vrier 2014, la police politique de Kinshasa va traquer \u00ab\u00a0les faux-vrais-kuluna-sans-<wbr \/>cravate\u00a0\u00bb sous l\u2019instigation des nouveaux pr\u00e9dateurs\u00a0! Et une partie de nos populations d\u00e9sabus\u00e9e est tomb\u00e9e dans le larbinisme\u00a0: elle applaudit ses bourreaux\u00a0; les bourreaux des \u00ab\u00a0sans-voix\u00a0\u00bb et des dissidents politiques.<\/div>\n<div><\/div>\n<div>Il y a l\u00e0 une trag\u00e9die\u00a0! Elle va en rajouter aux plus de 8 millions des morts Congolais(es)\u00a0!\u00a0 Cela, dans un pays o\u00f9 le 1% de \u00ab\u00a0kuluna-en-costume-cravate\u00a0\u00bb a confisqu\u00e9\u00a0 les 99% de revenus des ressources du sol et du sous-sol aux\u00a0 d\u00e9pens des 99% de nos masses\u00a0 populaires (se partageant le 1% et) d\u2019o\u00f9 naissent et grandissent \u00ab\u00a0nos kuluna\u00a0\u00bb abandonn\u00e9s \u00e0 leur triste sort, sans \u00e9ducation, sans formation \u00e0 un m\u00e9tier, sans un revenu minimum d\u2019int\u00e9gration, sans famille, etc.<\/div>\n<div><\/div>\n<div>Apr\u00e8s avoir men\u00e9 une guerre de pr\u00e9dation pendant plus de deux d\u00e9cennies, les nouveaux pr\u00e9dateurs se sont enrichis sans cause. Ils ont\u00a0 creus\u00e9 les in\u00e9galit\u00e9s et fabriqu\u00e9 l\u2019exclusion\u00a0; ils ont crach\u00e9 sur les droits socio-\u00e9conomiques, culturels et politiques de nos masses populaires avec l\u2019appui des Institutions Financi\u00e8res Internationales. Ils ont cr\u00e9\u00e9 la pauvret\u00e9, la mis\u00e8re et la violence.\u00a0 Sans aucune boussole \u00e9thique et adeptes des m\u00e9thodes de l\u2019\u00e9lite n\u00e9olib\u00e9rale, ils ont \u00e9t\u00e9 incapables de promouvoir\u00a0 un minimum d\u2019\u00e9galit\u00e9 de chances. \u00a0Tel est le fond du probl\u00e8me\u00a0; tel est le vivier du \u00ab\u00a0kulunisme\u00a0\u00bb qu\u2019ils\u00a0 refusent d\u2019analyser en profondeur par mauvaise foi, cynisme ou voyoucratie. Et au lieu de s\u2019en prendre \u00e0 eux-m\u00eames, ils trouvent des boucs \u00e9missaires\u00a0: des \u00ab\u00a0kuluna-sans-cravate\u00a0\u00bb. Et les cravat\u00e9s cit\u00e9s par les rapports des commissions Lutundula et Bakandeja, o\u00f9 sont-ils pass\u00e9s\u00a0? Et\u00a0 les cravat\u00e9s cit\u00e9s par les diff\u00e9rents rapports des experts de l\u2019ONU, o\u00f9 sont-ils pass\u00e9s\u00a0? Pendant que leur police politique traque nos enfants qu\u2019ils ont abrutis\u00a0 et \u00e0 qui ils ont vol\u00e9s toute leur jeunesse, ils s\u2019appr\u00eatent \u00e0 n\u00e9gocier un accord avec \u00ab\u00a0les kuluna-cravat\u00e9s\u00a0\u00bb du Rwanda et de l\u2019Ouganda sous la supervision de leurs \u00ab\u00a0kuluna de parrains\u00a0\u00bb pour qu\u2019ils int\u00e8grent les institutions congolaises et poursuivent\u00a0 leur \u00ab\u00a0kulunisation\u00a0\u00bb au grand dam d\u2019une bonne partie de nos populations impuissant\u00e9e par l\u2019ignorance, la sous-information, la propagande mensong\u00e8re, la guerre d\u2019usure, la religiosit\u00e9 imbecillisante, etc.<\/div>\n<div><\/div>\n<div>H\u00e9las\u00a0! Qu\u2019ils le veuillent ou pas, leur \u0153uvre\u00a0 est vou\u00e9e \u00e0 l\u2019\u00e9chec. \u00ab\u00a0Tant que ne s\u2019\u00e9limine pas l\u2019exclusion sociale et la disparit\u00e9 sociale, dans la soci\u00e9t\u00e9 et entre les peuples, il sera impossible d\u2019\u00e9radiquer la violence, soutient le Pape Fran\u00e7ois. On accuse les pauvres (\u2026) de violence, mais, sans \u00e9galit\u00e9 de chances, les diff\u00e9rentes formes d\u2019agression et de guerre trouveront un terrain fertile qui t\u00f4t ou tard provoquera l\u2019explosion.\u00a0\u00bb (Lire Evangelii Gaudium).<\/div>\n<div><\/div>\n<div>C\u2019est vrai. Avec leurs parrains, ils ont r\u00e9ussi \u00e0 cr\u00e9er, dans les c\u0153urs\u00a0 et les esprits de plusieurs compatriotes, \u00ab\u00a0une nouvelle culture\u00a0\u00bb, celle de \u00ab\u00a0la tol\u00e9rance \u00e0 la violence et au meurtre\u00a0\u00bb. Et c\u2019est bien dommage\u00a0! Il faudra, aux pacifistes congolais et aux autres r\u00e9seaux d\u2019hommes et de femmes de bonne volont\u00e9, une mobilisation sur le court, moyen et long terme pour d\u00e9sarmer cette \u00ab\u00a0culture\u00a0\u00bb, lieu d\u2019\u00e9panouissement du capitalisme du d\u00e9sastre ou de \u00ab\u00a0la destruction cr\u00e9atrice\u00a0\u00bb du\u00a0 nouveau d\u00e9sordre mondial. Un jour, en RDC, il faudra qu\u2019une justice juste soit rendue\u00a0 \u00e0 toutes les victimes des \u00ab\u00a0kuluna-en-costume-cravate\u00a0\u00bb, ces nouveaux pr\u00e9dateurs occupant\u00a0 le pays de Lumumba depuis la guerre de l\u2019AFDL.<\/div>\n<p>&nbsp;<\/p>\n<div><em>Mbelu Babanya Kabudi<\/em><\/div>\n<div><\/div>\n<div>\n<p>&nbsp;<\/p>\n<hr align=\"left\" size=\"1\" width=\"33%\" \/>\n<div>[1]\u00a0Lire\u00a0<i>R\u00e9publique D\u00e9mocratique du Congo.\u00a0 La d\u00e9rive autoritaire du r\u00e9gime<\/i>, FIDH, 2009.<\/div>\n<\/div>\n<p>&nbsp;\t\t<\/p>\n","protected":false},"excerpt":{"rendered":"<p>Par Jean-Pierre Mbelu Apr\u00e8s plus de trois d\u00e9cennies de dictature, plus de deux d\u00e9cennies de guerre de pr\u00e9dation et d\u2019usure, les in\u00e9galit\u00e9s et les exclusions ont explos\u00e9 en RDC. L\u2019appauvrissement des masses populaires et l\u2019enrichissement sans cause des vieux dinosaures\u00a0 et des nouveaux pr\u00e9dateurs ont fait de ce pays une jungle. L\u2019appauvrissement des masses a [&hellip;]<\/p>\n","protected":false},"author":1,"featured_media":6154,"comment_status":"open","ping_status":"open","sticky":false,"template":"","format":"standard","meta":{"_acf_changed":false,"content-type":"","footnotes":""},"categories":[122,124,162],"tags":[],"class_list":["post-6153","post","type-post","status-publish","format-standard","has-post-thumbnail","hentry","category-news-alertes","category-politique-societe","category-rd-congo"],"acf":[],"_links":{"self":[{"href":"https:\/\/congolobilelo.com\/IN\/wp-json\/wp\/v2\/posts\/6153","targetHints":{"allow":["GET"]}}],"collection":[{"href":"https:\/\/congolobilelo.com\/IN\/wp-json\/wp\/v2\/posts"}],"about":[{"href":"https:\/\/congolobilelo.com\/IN\/wp-json\/wp\/v2\/types\/post"}],"author":[{"embeddable":true,"href":"https:\/\/congolobilelo.com\/IN\/wp-json\/wp\/v2\/users\/1"}],"replies":[{"embeddable":true,"href":"https:\/\/congolobilelo.com\/IN\/wp-json\/wp\/v2\/comments?post=6153"}],"version-history":[{"count":0,"href":"https:\/\/congolobilelo.com\/IN\/wp-json\/wp\/v2\/posts\/6153\/revisions"}],"wp:featuredmedia":[{"embeddable":true,"href":"https:\/\/congolobilelo.com\/IN\/wp-json\/"}],"wp:attachment":[{"href":"https:\/\/congolobilelo.com\/IN\/wp-json\/wp\/v2\/media?parent=6153"}],"wp:term":[{"taxonomy":"category","embeddable":true,"href":"https:\/\/congolobilelo.com\/IN\/wp-json\/wp\/v2\/categories?post=6153"},{"taxonomy":"post_tag","embeddable":true,"href":"https:\/\/congolobilelo.com\/IN\/wp-json\/wp\/v2\/tags?post=6153"}],"curies":[{"name":"wp","href":"https:\/\/api.w.org\/{rel}","templated":true}]}}