{"id":6151,"date":"2013-11-27T08:48:39","date_gmt":"2013-11-27T08:48:39","guid":{"rendered":"http:\/\/www.ingeta.com\/?p=6151"},"modified":"2013-11-27T08:48:39","modified_gmt":"2013-11-27T08:48:39","slug":"bruxelles-sit-in-pour-la-reconnaissance-du-genocide-congolais","status":"publish","type":"post","link":"https:\/\/congolobilelo.com\/IN\/bruxelles-sit-in-pour-la-reconnaissance-du-genocide-congolais\/","title":{"rendered":"Bruxelles: Sit-in pour la reconnaissance du g\u00e9nocide congolais"},"content":{"rendered":"<p>\t\t\t\tPar Cheik Fita\/<a href=\"http:\/\/www.cheikfitanews.net\/article-bruxelles-sit-in-pour-la-reconnaissance-du-genocide-congolais-121309038.html\">Cheik Fita News<\/a><\/p>\n<p><em><strong>Mardi 26 novembre 2013 de 14h00 \u00e0 16h00, les associations Congo lobbying et Change in Congo ont organis\u00e9 un sit-in devant le palais de justice de Bruxelles pour r\u00e9clamer la reconnaissance du g\u00e9nocide congolais.<\/strong><\/em><\/p>\n<p>Le premier g\u00e9nocide, lors du r\u00e8gne du Roi L\u00e9opold II, le deuxi\u00e8me avec l\u2019envahissement de la RD Congo par les forces rwandaises et ougandaises depuis 1997.<\/p>\n<p>Des millions de morts.<\/p>\n<p>Malgr\u00e9 le froid, la poign\u00e9e des manifestants a brandi durant deux longues heures les diff\u00e9rentes pancartes dont le message ne pr\u00eataient pas \u00e0 \u00e9quivoque.<\/p>\n<p>Une personnalit\u00e9 dont la pr\u00e9sence doit \u00eatre signal\u00e9e : celle du d\u00e9put\u00e9 f\u00e9d\u00e9ral belge Louis Laurent, pr\u00e9sident du mouvement \u00ab debout les belges \u00bb. lors de l\u2019interview qu\u2019il nous a accord\u00e9, le d\u00e9put\u00e9 belge a d\u00e9clar\u00e9 qu\u2019il \u00e9tait temps que la Belgique officielle ait le courage de regarder en face son histoire commune avec le Congo. Illustration regrettable, cette partie de l\u2019histoire belgo-congolaise est absente des manuels scolaires belges !<\/p>\n<p>Pour les organisateurs de la manifestation \u00e0 savoir messieurs Ngoy Mitch et Joseph Mbeka, cette manifestation n\u2019est que le d\u00e9but du cri du Congolais face \u00e0 ce silence assourdissant des nations. Mais ce cri qui a commenc\u00e9 aujourd\u2019hui finira par \u00eatre entendu.<br \/>\n<\/br><br \/>\n<em>Bruxelles, le 26 novembre 2013<\/em><\/p>\n<p><iframe loading=\"lazy\" width=\"560\" height=\"315\" src=\"\/\/www.youtube.com\/embed\/w5V1XOZZUu8\" frameborder=\"0\" allowfullscreen><\/iframe><br \/>\n<\/br>\t\t<\/p>\n","protected":false},"excerpt":{"rendered":"<p>Par Cheik Fita\/Cheik Fita News Mardi 26 novembre 2013 de 14h00 \u00e0 16h00, les associations Congo lobbying et Change in Congo ont organis\u00e9 un sit-in devant le palais de justice de Bruxelles pour r\u00e9clamer la reconnaissance du g\u00e9nocide congolais. Le premier g\u00e9nocide, lors du r\u00e8gne du Roi L\u00e9opold II, le deuxi\u00e8me avec l\u2019envahissement de la [&hellip;]<\/p>\n","protected":false},"author":1,"featured_media":6150,"comment_status":"open","ping_status":"open","sticky":false,"template":"","format":"standard","meta":{"_acf_changed":false,"content-type":"","footnotes":""},"categories":[167,122,124],"tags":[],"class_list":["post-6151","post","type-post","status-publish","format-standard","has-post-thumbnail","hentry","category-belgique","category-news-alertes","category-politique-societe"],"acf":[],"_links":{"self":[{"href":"https:\/\/congolobilelo.com\/IN\/wp-json\/wp\/v2\/posts\/6151","targetHints":{"allow":["GET"]}}],"collection":[{"href":"https:\/\/congolobilelo.com\/IN\/wp-json\/wp\/v2\/posts"}],"about":[{"href":"https:\/\/congolobilelo.com\/IN\/wp-json\/wp\/v2\/types\/post"}],"author":[{"embeddable":true,"href":"https:\/\/congolobilelo.com\/IN\/wp-json\/wp\/v2\/users\/1"}],"replies":[{"embeddable":true,"href":"https:\/\/congolobilelo.com\/IN\/wp-json\/wp\/v2\/comments?post=6151"}],"version-history":[{"count":0,"href":"https:\/\/congolobilelo.com\/IN\/wp-json\/wp\/v2\/posts\/6151\/revisions"}],"wp:featuredmedia":[{"embeddable":true,"href":"https:\/\/congolobilelo.com\/IN\/wp-json\/"}],"wp:attachment":[{"href":"https:\/\/congolobilelo.com\/IN\/wp-json\/wp\/v2\/media?parent=6151"}],"wp:term":[{"taxonomy":"category","embeddable":true,"href":"https:\/\/congolobilelo.com\/IN\/wp-json\/wp\/v2\/categories?post=6151"},{"taxonomy":"post_tag","embeddable":true,"href":"https:\/\/congolobilelo.com\/IN\/wp-json\/wp\/v2\/tags?post=6151"}],"curies":[{"name":"wp","href":"https:\/\/api.w.org\/{rel}","templated":true}]}}