{"id":6142,"date":"2013-11-26T21:14:27","date_gmt":"2013-11-26T21:14:27","guid":{"rendered":"http:\/\/www.ingeta.com\/?p=6142"},"modified":"2013-11-26T21:14:27","modified_gmt":"2013-11-26T21:14:27","slug":"histoire-du-m23-cest-fini-ok-mais-apres-on-fait-quoi","status":"publish","type":"post","link":"https:\/\/congolobilelo.com\/IN\/histoire-du-m23-cest-fini-ok-mais-apres-on-fait-quoi\/","title":{"rendered":"Histoire du M23, c\u2019est fini ? OK, mais apr\u00e8s, on fait quoi ?"},"content":{"rendered":"<p>\t\t\t\tPar <a href=\"http:\/\/chantalfaida.mondoblog.org\/2013\/11\/25\/rdc-histoire-du-m23-cest-finie-ok-mais-apres-on-fait-quoi\/\">Chantal Faida<\/a><\/p>\n<p><strong>L\u2019euphorie est \u00e0 son apoth\u00e9ose au Congo<\/strong>. Louange, gloire, honneur au ma\u00eetre des temps et de circonstances. Dieu tout puissant. Il a exauc\u00e9 nos pri\u00e8res. Les ennemis de la R\u00e9publique sont partis. Finie l\u2019humiliation, Bravo l\u2019arm\u00e9e. Nous avons gagn\u00e9. Vive l\u2019arm\u00e9e congolaise. Vive le grand Congo.\u00a0<strong>05 novembre 2013, date fatidique et m\u00e9morable en terre de\u00a0<a href=\"http:\/\/chantalfaida.blogspot.com\/2013\/06\/lumumba-ecrit-une-lettre-chantal-faida.html\">Lumumba<\/a>. Elle correspond au jour de la victoire de l\u2019offensive des forces loyalistes, les FARDC et de la force onusienne (Brigade d\u2019intervention) sur les rebelles du M23, dans le territoire de Rutshuru au Nord-Kivu.<\/strong><\/p>\n<p><strong>Nous avons la victoire en main; mais on ne sait trop quoi en faire car, en apparence, \u00a0nous n\u2019\u00e9tions pas pr\u00e9par\u00e9s<\/strong>. C\u2019est cela la vie d\u2019apr\u00e8s guerre au Nord-Kivu. \u00ab\u00a0<strong>G\u00e9rer c\u2019est pr\u00e9voir, organiser, contr\u00f4ler, coordonner et commander\u00a0\u00bb<\/strong>, selon Henri Fayol. Surtout quand il s\u2019agit de la gestion d\u2019une grande entreprise comme l\u2019appareil \u00e9tatique. Il faut des vert\u00e9br\u00e9s tenaces pour g\u00e9rer un vaste Etat comme le\u00a0<a href=\"http:\/\/chantalfaida.blogspot.com\/2013\/07\/congolais-que-chacun-dentre-nous-dise.html\">Congo<\/a>, entour\u00e9 de neuf pays voisins et d\u2019une superficie \u00e9quivalent plus de quatre vingt fois le Royaume de Belgique, 2.345.409 km\u00b2.<\/p>\n<p>Depuis lors, silence radio. On tra\u00eene les pieds. Le temps est s\u2019est arr\u00eat\u00e9. Place \u00e0 des tourn\u00e9es sans programme dans les provinces de la r\u00e9publique tr\u00e8s tr\u00e8s d\u00e9mocratique du centre de l\u2019Afrique.<strong>\u00a0Le temps c\u2019est moi. Dixit le Roi.\u00a0<\/strong><\/p>\n<p>Deux facteurs majeurs peuvent amener \u00e0 conclure que Kinshasa, la capitale, le si\u00e8ge des institutions s\u2019endort sur ses lauriers. C\u2019est pourtant trop t\u00f4t.<\/p>\n<p>Aucun programme en vue pour encadrer les miliciens qui se rendent<\/p>\n<p>Vingt-un jours apr\u00e8s\u00a0<a href=\"http:\/\/afrikarabia2.blogs.courrierinternational.com\/archive\/2013\/11\/06\/rdc-un-nouveau-scenario-s-ecrit-au-kivu-49362.html\">la victoire in\u00e9dite des FARDC sur les M23<\/a>\u00a0, dans la foul\u00e9e, pr\u00e8s de vingt milices locales arm\u00e9es (Mai-mai Nyatura, FDIPC, NDC, APCLS, axe bord du lac, etc) se\u00a0<a href=\"http:\/\/www.jeuneafrique.com\/actu\/20131124T200425Z20131124T200408Z\/rdc-1-500-rebelles-qui-se-sont-rendus-pourront-integrer-l-armee.html\">sont d\u00e9j\u00e0 rendus dans les bases des FARDC ou celles onusiennes et tous,<\/a>\u00a0expriment l\u2019intention d\u2019int\u00e9grer l\u2019arm\u00e9e r\u00e9guli\u00e8re congolaise\u00a0; bien s\u00fbr au cas par cas et apr\u00e8s analyse minutieuse \u00e0 en croire des sources de la Monusco.<\/p>\n<p>En faisant un tour dans un grand centre de regroupement, la base de Bweremana \u00e0 Masisi dans le Nord-Kivu, o\u00f9 sont cantonn\u00e9s les quelques milles cinq cent rendus selon le ministre de l\u2019int\u00e9rieur, Richard Mangez,<strong>\u00a0l\u2019on r\u00e9alise rapidement que rien n\u2019est fait ni planifi\u00e9 pour fixer le sort de ces jeunes gens dans le d\u00e9lai. \u00a0<\/strong><\/p>\n<p>Jean Bosco (nom d\u2019emprunt), leader de l\u2019ancienne milice FDIPC (Force de d\u00e9fense des int\u00e9r\u00eats du peuple Congolais, NDLR) vient de faire deux semaines \u00e0 Kashovu, dans les collines surplombant la cit\u00e9 de Bweremana au bord du merveilleux Lac Kivu.<\/p>\n<p>A la question de savoir, pourquoi vous, dans ce centre\u00a0? Il r\u00e9pond\u00a0:<\/p>\n<p><strong><i>\u00ab\u00a0Je suis congolais de souche. J\u2019ai pris les armes pour d\u00e9fendre Rutshuru, mon territoire d\u2019origine contre l\u2019agression rwandaise par M23 interpos\u00e9. Les militaires loyalistes \u00e9taient absents dans mon village. Je suis un ancien combattant et j\u2019ai imagin\u00e9 des strat\u00e9gies pour avoir des armes pour prot\u00e9ger les miens. Je tendais des embuscades la nuit aux rebelles du M23 et \u00e7a marchait tr\u00e8s bien. Nombreux d\u2019entre eux ont p\u00e9ri comme \u00e7a. Et j\u2019ai accumul\u00e9 beaucoup d\u2019armes comme \u00e7a. Depuis que l\u2019autorit\u00e9 de l\u2019Etat est r\u00e9tablie chez nous, mes hommes de troupes (200 nous a fait savoir, le colonel FARDC, Banza qui enregistre les rendus au centre de regroupement de Bwemremana) et moi avions pris l\u2019initiative de nous rendre \u00e0 l\u2019arm\u00e9e r\u00e9guli\u00e8re pour faire \u0153uvre utile partout au pays. La d\u00e9fense et l\u2019int\u00e9grit\u00e9 du territoire en RDC.<\/i><\/strong><\/p>\n<p>Es ce par manque d\u2019emploi ou simple patriotisme. Et comment vous vivez ici dans ce camp\u00a0?<\/p>\n<p><i><strong>\u00ab\u00a0Le FDIPC n\u2019est pas un groupe arm\u00e9 mais une milice d\u2019autod\u00e9fense, il y a une nuance entre les deux termes. Nous sommes de patriotes et nous avons le souci de ce pays. Le prot\u00e9ger contre toute agression ext\u00e9rieure. Nous sommes des patriotes. Nous voulons juste servir sous le drapeau. Mais il revient \u00e0 la haute hi\u00e9rarchie de nous le confirmer.\u00a0Un militaire ne se plaint jamais de conditions de vie lui impos\u00e9es. Cela fait partie de la formation. La discipline c\u2019est notre devise ch\u00e8re. Mais nous mangeons, vivons en parfaite collaboration avec les membres d\u2019autres milices qui sont venues de Masisi. \u00bb<\/strong>\u00a0\u00a0<\/i>Hors-micro, il nous informe que les soins de sant\u00e9 sont quasi inexistants et tr\u00e8s pr\u00e9caires\u00a0; que les besoins alimentaires sont couverts \u00e0 moiti\u00e9.<\/p>\n<p>A quand l\u2019Int\u00e9gration ou la d\u00e9mobilisation des rendus\u00a0?<\/p>\n<p>La journ\u00e9e, dans la cour, tous les rendus suivent des formations et entra\u00eenements militaires les livr\u00e9s par les instructeurs des FARDC.<\/p>\n<p>Aucune grande salle bien am\u00e9nag\u00e9e pour les cours, pas de chaise, pas de table, pas d\u2019installations hygi\u00e9niques propres, pas de motivation pour les formateurs, bref des conditions de travail qui laissent \u00e0 d\u00e9sirer.<strong>\u00a0Un vrai sacerdoce et pour les enseignants et pour les enseign\u00e9s.<\/strong>\u00a0Du coup, les cultures des paysans en paient les frais.\u00a0<strong>Ils (paysans) sont tr\u00e8s nombreux, \u00e0 d\u00e9crier le pillage de leurs r\u00e9coltes (Haricots, mais, manioc) par des nouveaux arrivants et leurs d\u00e9pendants.<\/strong><\/p>\n<p>Et comme il fallait s\u2019y attendre, la population d\u00e9nonce cette nouvelle forme de tracasserie leur impos\u00e9e et demande leur transf\u00e8rement dans d\u2019autres milieux.<\/p>\n<p><strong><em>Seront-ils tous r\u00e9int\u00e9gr\u00e9s, d\u00e9mobilis\u00e9s pour revenir \u00e0 la vie civile pour \u00eatre recruter normalement dans l\u2019arm\u00e9e congolaise\u00a0? Si oui quand\u00a0? Si non qu\u2019en ce qu\u2019on en fait\u00a0? Visiblement, il faut \u00eatre dans le secret de Dieu pour le savoir. Et l\u2019opposition, et la majorit\u00e9, et les forces vives de la nation conservent le fran\u00e7ais dans leurs poches. C\u2019est une question taboue et\/ou sensible. C\u2019est d\u00e9plorable. Mais on esp\u00e8re encore. Car tant qu\u2019on vit, gardons espoir pour un avenir radieux, disent les sages.<\/em><\/strong><\/p>\n<p>Que d\u2019atermoiements sur la suite de Kampala<\/p>\n<p>Pr\u00e8s d\u2019une ann\u00e9e d\u00e9j\u00e0, \u00c7a pi\u00e9tine. Le dialogue, pourparlers, assises, concertations ou r\u00e9unions bipartite, c\u2019est selon.<\/p>\n<p>A en croire le gouvernement congolais\u00a0:\u00a0<i><strong>rien ne sera sign\u00e9 \u00e0 Kampala<\/strong>. Nous avons le contr\u00f4le de notre espace jadis usurp\u00e9. Pourquoi signer<\/i>\u00a0? La r\u00e9bellion du M23 n\u2019est que l\u2019ombre d\u2019elle-m\u00eame.\u00a0<strong>Une fiction de rien du tout. Une histoire enterr\u00e9e<\/strong>. Bravo, dit l\u2019opinion publique congolaise. Mais n\u2019oublions pas tr\u00e8s vite que leurs troupes sont cantonn\u00e9es dans les r\u00e9publiques voisines\u00a0: le Rwanda et l\u2019Ouganda.<strong>\u00a0Les enfants prodigues on en a fait quoi\u00a0? L\u00e0 c\u2019est le silence radio.<\/strong>\u00a0<a href=\"http:\/\/www.ingeta.com\/comment-la-guerre-de-predation-et-dagression-au-congo-se-poursuit-en-changeant-de-forme\/\">Le Congo navigue \u00e0 vue.<\/a>\u00a0\u00a0Pas de pr\u00e9paration.\u00a0<strong>Aucun plan en vue<\/strong>, j\u2019imagine en soliloque ce que nos autorit\u00e9s pensent\u00a0<i>: attendons voir ce que pense ou pr\u00e9voit la Monsuco (Mission de l\u2019Onu pour la stabilisation du Congo<\/i>). Non de Dieu, d\u00e9cid\u00e9ment qui g\u00e8re le Congo\u00a0? Dites-le nous ouvertement chers Messieurs, excellences, r\u00e9v\u00e9rends, v\u00e9n\u00e9rables, etc. dignitaires congolais.\u00a0<strong>Ch\u00e8re Monusco, je vous en supplie, attendez voir ce que pense notre gouvernement \u00ab\u00a0l\u00e9gitime\u00a0\u00bb avant de travailler \u00e0 leur place. Vous en avez d\u00e9j\u00e0 fait trop pour ce pays.<\/strong>\u00a0J\u2019ai dit.<\/p>\n<p><em>Chantal Faida Mulenga-Byuma<\/em>\t\t<\/p>\n","protected":false},"excerpt":{"rendered":"<p>Par Chantal Faida L\u2019euphorie est \u00e0 son apoth\u00e9ose au Congo. Louange, gloire, honneur au ma\u00eetre des temps et de circonstances. Dieu tout puissant. Il a exauc\u00e9 nos pri\u00e8res. Les ennemis de la R\u00e9publique sont partis. Finie l\u2019humiliation, Bravo l\u2019arm\u00e9e. Nous avons gagn\u00e9. Vive l\u2019arm\u00e9e congolaise. Vive le grand Congo.\u00a005 novembre 2013, date fatidique et m\u00e9morable [&hellip;]<\/p>\n","protected":false},"author":1,"featured_media":6146,"comment_status":"open","ping_status":"open","sticky":false,"template":"","format":"standard","meta":{"_acf_changed":false,"content-type":"","footnotes":""},"categories":[160,124,162],"tags":[],"class_list":["post-6142","post","type-post","status-publish","format-standard","has-post-thumbnail","hentry","category-nouvelles-front-est","category-politique-societe","category-rd-congo"],"acf":[],"_links":{"self":[{"href":"https:\/\/congolobilelo.com\/IN\/wp-json\/wp\/v2\/posts\/6142","targetHints":{"allow":["GET"]}}],"collection":[{"href":"https:\/\/congolobilelo.com\/IN\/wp-json\/wp\/v2\/posts"}],"about":[{"href":"https:\/\/congolobilelo.com\/IN\/wp-json\/wp\/v2\/types\/post"}],"author":[{"embeddable":true,"href":"https:\/\/congolobilelo.com\/IN\/wp-json\/wp\/v2\/users\/1"}],"replies":[{"embeddable":true,"href":"https:\/\/congolobilelo.com\/IN\/wp-json\/wp\/v2\/comments?post=6142"}],"version-history":[{"count":0,"href":"https:\/\/congolobilelo.com\/IN\/wp-json\/wp\/v2\/posts\/6142\/revisions"}],"wp:featuredmedia":[{"embeddable":true,"href":"https:\/\/congolobilelo.com\/IN\/wp-json\/"}],"wp:attachment":[{"href":"https:\/\/congolobilelo.com\/IN\/wp-json\/wp\/v2\/media?parent=6142"}],"wp:term":[{"taxonomy":"category","embeddable":true,"href":"https:\/\/congolobilelo.com\/IN\/wp-json\/wp\/v2\/categories?post=6142"},{"taxonomy":"post_tag","embeddable":true,"href":"https:\/\/congolobilelo.com\/IN\/wp-json\/wp\/v2\/tags?post=6142"}],"curies":[{"name":"wp","href":"https:\/\/api.w.org\/{rel}","templated":true}]}}