{"id":6134,"date":"2013-11-25T20:33:27","date_gmt":"2013-11-25T20:33:27","guid":{"rendered":"http:\/\/www.ingeta.com\/?p=6134"},"modified":"2013-11-25T20:33:27","modified_gmt":"2013-11-25T20:33:27","slug":"comment-la-guerre-de-predation-et-dagression-au-congo-se-poursuit-en-changeant-de-forme","status":"publish","type":"post","link":"https:\/\/congolobilelo.com\/IN\/comment-la-guerre-de-predation-et-dagression-au-congo-se-poursuit-en-changeant-de-forme\/","title":{"rendered":"Comment la guerre de pr\u00e9dation et d\u2019agression au Congo se poursuit en changeant de forme"},"content":{"rendered":"<p>\t\t\t\tL\u2019analyste politique Jean-Pierre Mbelu expose les v\u00e9ritables enjeux de la guerre au Congo, d\u00e9crit comment l\u2019avalisation par Kinshasa d\u2019une initiative publique-priv\u00e9e prise par les initiateurs de cette guerre de pr\u00e9dation a conduit ces derniers \u00e0 la cession du recours \u00e0 la puissance forte, souligne les raisons du vide politique au Congo depuis la fin des concertations nationales, et explique pourquoi, non seulement Kabila n\u2019a pas l\u2019effectivit\u00e9 du pouvoir au Congo mais surtout ce dernier est fini politiquement.<\/p>\n<p><iframe loading=\"lazy\" src=\"\/\/www.youtube.com\/embed\/F_16znKqMvg\" height=\"315\" width=\"560\" allowfullscreen=\"\" frameborder=\"0\"><\/iframe><\/p>\n<p><strong>Sur l\u2019appel par le conseil de s\u00e9curit\u00e9 des Nations-Unies au d\u00e9sarmement et \u00e0 la d\u00e9mobilisation imm\u00e9diate et permanente du M23<\/strong><\/p>\n<blockquote><p>Ce qui vient de se passer en Afrique centrale est un coup de th\u00e9\u00e2tre, orchestr\u00e9 par les acteurs majeurs de la guerre de pr\u00e9dation et d\u2019agression impos\u00e9e \u00e0 notre pays. Ils viennent de passer de l\u2019usage de la puissance forte \u00e0 la puissance douce. Cette fameuse guerre de pr\u00e9dation et d\u2019agression va se poursuivre mais elle est en train de changer de forme.<br \/>\nCeux sont les initiateurs de cette guerre qui ont pris la d\u00e9cision d\u2019en changer la forme.<\/p><\/blockquote>\n<p><strong>Sur l\u2019avalisation de l\u2019initiative publique-priv\u00e9e et la fin de la guerre<\/strong><\/p>\n<blockquote><p>En lisant le livre de Raf Custer, \u00ab Chasseurs de mati\u00e8res premi\u00e8res \u00bb, vous allez vous rendre compte qu\u2019il y a d\u00e9j\u00e0 une initiative publique-priv\u00e9e qui a \u00e9t\u00e9 prise par les initiateurs de cette guerre de pr\u00e9dation et qui a \u00e9t\u00e9 avalis\u00e9e par le gouvernement fant\u00f4che de Kinshasa. C\u2019est l\u2019avalisation de cette initiative publique-priv\u00e9e qui a conduit \u00e0 la cessation du recours \u00e0 la puissance forte.<br \/>\nC&#8217;est-\u00e0-dire que rien n\u2019a chang\u00e9 sur le fond. Ceux qui veulent avoir les Kivus, l\u2019Ituri et le Katanga comme leurs espaces d\u2019exploitation des ressources naturelles vont continuer \u00e0 mener leur guerre mais doucement, pour qu\u2019effectivement cet espace g\u00e9ographique du Congo leur appartienne.<br \/>\nIls ont demand\u00e9 aux milices qu\u2019ils avaient cr\u00e9\u00e9es de pouvoir se retirer sur tous les fronts. C\u2019est ce que ces milices ont fait. Et si le gouvernement fant\u00f4che de Kinshasa n\u2019est pas arriv\u00e9 \u00e0 apposer sa signature sur le texte de l\u2019accord avec la milice ougando-rwandaise du M23, c\u2019est parce que ce gouvernement a d\u00e9j\u00e0 accept\u00e9 que cet espace g\u00e9ographique appartienne aux acteurs majeurs de la guerre de basse intensit\u00e9.<br \/>\nSigner ou ne pas signer cet accord de Kampala importe peu. L\u2019essentiel est que l\u2019espace que ces gens l\u00e0 voulaient avoir leur a \u00e9t\u00e9 octroy\u00e9, \u00e0 partir de la signature de cette initiative publique-priv\u00e9e.<br \/>\nNous devrions nous rendre compte que la th\u00e9\u00e2tralisation de la guerre en Afrique centrale sert la cause de la conqu\u00eate de cet espace par les acteurs majeurs et les multinationales.<br \/>\nPendant qu\u2019ils nous distraient avec la guerre de basse intensit\u00e9, avec l\u2019usage de la puissance forte, ils font signer des documents, des accords, des initiatives au gouvernement fant\u00f4che de Kinshasa dont cette initiative publique-priv\u00e9e qui va bient\u00f4t conna\u00eetre sa mise en pratique dans les Kivus, l\u2019Ituri et le Katanga.<\/p><\/blockquote>\n<p><strong>Sur l\u2019inutilit\u00e9 de l\u2019accord de Kampala<\/strong><\/p>\n<blockquote><p>Ce que les acteurs majeurs de la guerre et les multinationales cherchaient \u00e9taient la balkanisation de notre pays, ils peuvent \u00eatre s\u00fbrs qu\u2019ils peuvent avoir l\u2019espace qu\u2019ils enviaient sans passer par la signature de l\u2019accord de Kampala.<br \/>\nLe d\u00e9bat sur l\u2019accord de Kampala n\u2019a plus lieu d\u2019\u00eatre. Sur l\u2019accord de Kampala, le d\u00e9bat \u00e9tait ceci : Ils signent l\u2019accord, et la milice ougando-rwandaise infiltre les institutions congolaises. Ces infiltrations servaient \u00e0 l\u2019affaiblissement des institutions congolaises pour que la balkanisation et l\u2019implosion du pays soient consomm\u00e9es. Mais maintenant que cette balkanisation et cette implosion peuvent \u00eatre obtenues \u00e0 partir des accords sign\u00e9s avec le gouvernement fant\u00f4che de Kinshasa, l\u2019accord \u00e0 signer avec le M23 ne sert plus rien.<\/p><\/blockquote>\n<p><strong>Sur l\u2019enjeu majeur au Congo<\/strong><\/p>\n<blockquote><p>Affaiblir les institutions pour la balkanisation et l\u2019implosion du Congo. Voil\u00e0 l\u2019enjeu. Si cela peut \u00eatre obtenu par d\u2019autres moyens que la signature de l\u2019accord de Kampala, par la signature d\u2019autres documents, on peut signer ou ne pas signer cet accord.<br \/>\nNous n\u2019arrivons pas \u00e0 percer les enjeux de la guerre de basse intensit\u00e9 et de pr\u00e9dation. Nous n\u2019arrivons pas toujours \u00e0 en identifier les acteurs majeurs et leurs modes op\u00e9ratoires, c\u2019est ainsi que nous sommes d\u00e9sax\u00e9s chaque fois que ce mode op\u00e9ratoire change. Nous continuons \u00e0 d\u00e9battre sur un sujet (accord de Kampala) qui n\u2019est plus d\u2019actualit\u00e9 pour les acteurs majeurs et les multinationales.<br \/>\nCe que les multinationales et les acteurs majeurs de la guerre de pr\u00e9dation men\u00e9e contre le Congo voulaient atteindre est en train d\u2019\u00eatre atteint. On n\u2019a pas besoin de Lambert Mende et Raymonde Tshibanda pour pouvoir atteindre ces objectifs l\u00e0. Et c\u2019est depuis 2012, que cette initiative publique-priv\u00e9e a \u00e9t\u00e9 prise et sa mise en pratique est en train d\u2019\u00eatre rendue effective.<\/p><\/blockquote>\n<p><strong>Sur la th\u00e9\u00e2tralisation de la victoire des FARDC et le manque de leadership au Congo<\/strong><\/p>\n<blockquote><p>Notre pays ne dispose pas d\u2019un leadership visionnaire. Comment voulez-vous qu\u2019au m\u00eame moment o\u00f9 l\u2019on nous affirme que le Congo conna\u00eet une croissance \u00e9conomique de 8%, il soit incapable de payer les militaires au front ?<br \/>\nTout cela pour dire que, ce qu\u2019il y a eu au front n\u2019\u00e9tait que du th\u00e9\u00e2tre. Aujourd\u2019hui, nous savons que le gouvernement fant\u00f4che de Kinshasa a \u00e9t\u00e9 surpris par les d\u00e9cisions prises par les acteurs majeurs de la guerre de basse intensit\u00e9. Il y a au moins 100 g\u00e9n\u00e9raux qui n\u2019ont pas plus touch\u00e9 leurs salaires depuis 3 mois, et tous les militaires n\u2019ont pas \u00e9t\u00e9 pay\u00e9s depuis plus de 3 mois. Et il n\u2019y a pas que les militaires qui ne sont pas pay\u00e9s. Il n\u2019y a que les d\u00e9put\u00e9s qui peuvent encore toucher leurs salaires, avec certains membres du cercle de nouveaux pr\u00e9dateurs op\u00e9rant dans notre pays.<br \/>\nLa th\u00e9\u00e2tralisation de la victoire des FARDC n\u2019a pas arrang\u00e9 ceux qui de l\u2019int\u00e9rieur de pays participaient de cette guerre de la destructuration, de la d\u00e9stabilisation et de la mort du Congo.<br \/>\nMaintenant on dirait qu\u2019ils sont en train de punir certains g\u00e9n\u00e9raux qui ont \u00e9t\u00e9 engag\u00e9s aux c\u00f4t\u00e9s de l\u2019ONU et de sa brigade d\u2019intervention.<br \/>\nPour le moment, le fait que les militaires ne puissent pas \u00eatre pay\u00e9s, que les d\u00e9put\u00e9s ne puissent pas demander au gouvernement de se justifier sur cette question l\u00e0, cela prouve que le Congo n\u2019est pas dirig\u00e9. Le Congo navigue \u00e0 vue.<br \/>\nCe dont le Congo souffre, c\u2019est de ne pas avoir des hommes et des femmes capables de pouvoir assurer un travail qui guide ce pays \u00e0 jouir de sa souverainet\u00e9 politique, \u00e9conomique, culturelle, sociale, spirituelle. Le jour o\u00f9 le Congo a ses dignes filles et fils qui ont une vision qui puisse aider le pays \u00e0 r\u00eaver, les choses vont changer de fond en comble.<br \/>\nCeux qui sont aux affaires aujourd\u2019hui sont des capita m\u00e9daill\u00e9s des acteurs majeurs et des multinationales. Comment voulez-vous que ces gens se mettent \u00e0 payer les militaires qui ont \u00e9t\u00e9 au front et qui malgr\u00e9 les interventions ext\u00e9rieures, ont essay\u00e9 de particip\u00e9 \u00e0 ce qui a constitu\u00e9 une victoire des FARDC.<br \/>\nSi nos forces arm\u00e9es avaient remport\u00e9 la victoire, leurs paiements et leurs soutiens du c\u00f4t\u00e9 du gouvernement seraient automatiques. Mais comme ce n\u2019est pas automatique, c\u2019est signe qu\u2019effectivement ceux qui font office de gouvernants du Congo ont \u00e9t\u00e9 surpris par les \u00e9v\u00e8nements et les discours de certains militaires.<br \/>\nCe qui \u00e9tait poursuivi dans l\u2019organisation de la guerre men\u00e9e par les milices ougando-rwandaises a \u00e9t\u00e9 obtenu par la signature de l\u2019initiative publique-priv\u00e9e.<\/p><\/blockquote>\n<p><strong>Sur la cr\u00e9ation du comit\u00e9 de suivi des recommandations des concertations nationales<\/strong><\/p>\n<blockquote><p>Ceux qui sont inform\u00e9s sur les enjeux r\u00e9els de la RD Congo savent pourquoi il y a ce vide politique depuis la cl\u00f4ture des concertations nationales. C\u2019est un vide qui va perdurer. Pourquoi ? Parce que ce ne sont pas ceux qui pr\u00e9tendent gouverner \u00e0 Kinshasa qui m\u00e8nent le Congo. Eux-m\u00eames, ils sont soumis \u00e0 une \u00e9quation difficile de la part de leurs parrains. Nous avons, r\u00e9cemment appris que l\u2019un des congolais ou ayant usurp\u00e9 la nationalit\u00e9 congolaise, qui \u00e9tait en vue comme premier ministre, a d\u00e9clin\u00e9. Il a simplement dit \u00e0 ses parrains que son \u00e9tat de sant\u00e9 ne lui permet pas de pouvoir assumer cette charge l\u00e0. Ces gens \u00e0 Kinshasa ne d\u00e9cident rien, ils avalisent les d\u00e9cisions communiqu\u00e9es par les v\u00e9ritables ma\u00eetres du Congo du moment.<\/p><\/blockquote>\n<p><strong>La fin programm\u00e9e du r\u00e8gne de Kabila<\/strong><\/p>\n<blockquote><p>Kabila n\u2019est pas le pr\u00e9sident du Congo. Kabila ex\u00e9cute les ordres qui lui sont donn\u00e9s par les v\u00e9ritables ma\u00eetres du Congo.<br \/>\nKabila fait d\u00e9j\u00e0 partie des cr\u00e9atures de l\u2019histoire. S\u2019il ne comprend pas cela. Il va finir comme son mod\u00e8le, Mobutu, il va finir mal. Si Mobutu avait compris en 1990 que c\u2019\u00e9tait fini et qu\u2019il pouvait passer la main, il aurait encore v\u00e9cu pendant quelques temps encore \u00e0 son aise. Si pas au pays, mais ailleurs, il aurait bien termin\u00e9 son parcours politique. Mais il n\u2019a pas compris. Quand, il a prononc\u00e9 son discours du 24 avril 1990, il n\u2019a pas compris juste apr\u00e8s que c\u2019\u00e9tait fini. C\u2019est ce qui est en train de se r\u00e9aliser maintenant. Il y a tout un groupe d\u2019acteurs politiques ou pseudo-politiques congolais qui ne comprennent pas que c\u2019est fini.<\/p><\/blockquote>\n<p><strong>Sur l\u2019affaire Bemba<\/strong><\/p>\n<blockquote><p>Plusieurs d\u2019entre nous n\u2019avons pas encore compris que la guerre de basse intensit\u00e9 men\u00e9e contre notre pays est aussi la guerre de la justice internationale. Il n\u2019y a pas de gouvernement congolais, il y a un r\u00e9seau transnational de pr\u00e9dation, travaillant avec les \u00e9lites compradores, qui se retrouvent dans ce qui est consid\u00e9r\u00e9 aujourd\u2019hui comme institutions congolaises. Si, nous parlons de gouvernement congolais, c\u2019est par abus de langage.<br \/>\nTant que ceux que vous consid\u00e9rez \u00eatre des acteurs politiques n\u2019auront pas compris que la guerre contre notre pays, qui date de tr\u00e8s longtemps, est aussi une guerre de la justice internationale, ils ne pourront pas se tirer d\u2019affaire.<br \/>\nQuand Carla Del Ponte a essay\u00e9 de demander que certains acteurs mineurs impliqu\u00e9s dans la guerre en Afrique centrale, puissent \u00eatre jug\u00e9s, elle a \u00e9t\u00e9 purement et simplement d\u00e9f\u00e9nestr\u00e9e du tribunal penale internationale pour le Rwanda.<\/p><\/blockquote>\n<p><\/br>\t\t<\/p>\n","protected":false},"excerpt":{"rendered":"<p>L\u2019analyste politique Jean-Pierre Mbelu expose les v\u00e9ritables enjeux de la guerre au Congo, d\u00e9crit comment l\u2019avalisation par Kinshasa d\u2019une initiative publique-priv\u00e9e prise par les initiateurs de cette guerre de pr\u00e9dation a conduit ces derniers \u00e0 la cession du recours \u00e0 la puissance forte, souligne les raisons du vide politique au Congo depuis la fin des [&hellip;]<\/p>\n","protected":false},"author":1,"featured_media":6135,"comment_status":"open","ping_status":"open","sticky":false,"template":"","format":"standard","meta":{"_acf_changed":false,"content-type":"","footnotes":""},"categories":[107,144,124],"tags":[],"class_list":["post-6134","post","type-post","status-publish","format-standard","has-post-thumbnail","hentry","category-analyses-commentaires","category-comprendre-la-guerre","category-politique-societe"],"acf":[],"_links":{"self":[{"href":"https:\/\/congolobilelo.com\/IN\/wp-json\/wp\/v2\/posts\/6134","targetHints":{"allow":["GET"]}}],"collection":[{"href":"https:\/\/congolobilelo.com\/IN\/wp-json\/wp\/v2\/posts"}],"about":[{"href":"https:\/\/congolobilelo.com\/IN\/wp-json\/wp\/v2\/types\/post"}],"author":[{"embeddable":true,"href":"https:\/\/congolobilelo.com\/IN\/wp-json\/wp\/v2\/users\/1"}],"replies":[{"embeddable":true,"href":"https:\/\/congolobilelo.com\/IN\/wp-json\/wp\/v2\/comments?post=6134"}],"version-history":[{"count":0,"href":"https:\/\/congolobilelo.com\/IN\/wp-json\/wp\/v2\/posts\/6134\/revisions"}],"wp:featuredmedia":[{"embeddable":true,"href":"https:\/\/congolobilelo.com\/IN\/wp-json\/"}],"wp:attachment":[{"href":"https:\/\/congolobilelo.com\/IN\/wp-json\/wp\/v2\/media?parent=6134"}],"wp:term":[{"taxonomy":"category","embeddable":true,"href":"https:\/\/congolobilelo.com\/IN\/wp-json\/wp\/v2\/categories?post=6134"},{"taxonomy":"post_tag","embeddable":true,"href":"https:\/\/congolobilelo.com\/IN\/wp-json\/wp\/v2\/tags?post=6134"}],"curies":[{"name":"wp","href":"https:\/\/api.w.org\/{rel}","templated":true}]}}