{"id":6114,"date":"2013-11-18T13:15:24","date_gmt":"2013-11-18T13:15:24","guid":{"rendered":"http:\/\/www.ingeta.com\/?p=6114"},"modified":"2013-11-18T13:15:24","modified_gmt":"2013-11-18T13:15:24","slug":"cine-debat-lest-du-congo-le-fond-du-probleme-le-4-decembre-2013-a-bruxelles","status":"publish","type":"post","link":"https:\/\/congolobilelo.com\/IN\/cine-debat-lest-du-congo-le-fond-du-probleme-le-4-decembre-2013-a-bruxelles\/","title":{"rendered":"Cin\u00e9 &#8211; D\u00e9bat: &#8220;L\u2019Est du Congo, le fond du probl\u00e8me&#8221;. Le 4 d\u00e9cembre 2013 \u00e0 Bruxelles"},"content":{"rendered":"<p>\t\t\t\t<em><strong>Le mercredi 4 d\u00e9cembre 2013, Broederlijk Delen et <a href=\"http:\/\/www.paxchristi.be\/\">Pax Christi Vlaanderen<\/a> organisent la projection du documentaire \u2018L\u2019Est du Congo, le fond du probl\u00e8me\u2019. Il s\u2019en suivra un d\u00e9bat avec la participation de Peter Verlinden, journaliste \u00e0 la VRT, et Chrispin Mvano, journaliste ind\u00e9pendant au Nord-Kivu.<\/strong><\/em><\/p>\n<p>Depuis bient\u00f4t 20 ans, l\u2019Est du Congo est en proie \u00e0 une guerre ignoble. Pourquoi ces violences interminables? Qui sont les acteurs de ces conflits et pourquoi prennent ils les armes? Quelle est la cons\u00e9quence de la d\u00e9faite militaire du M23 dans le processus de paix?<\/p>\n<p>Peter Verlinden vient de r\u00e9aliser un reportage dans le territoire du Masisi, au Nord-Kivu, o\u00f9 il s\u2019est rendu r\u00e9cemment. Dans son documentaire il donne la parole aux acteurs du terrain : un chef rebelle, un colonel de l\u2019arm\u00e9e gouvernementale, un r\u00e9fugi\u00e9, un travailleur dans les mines et un m\u00e9decin.<\/p>\n<p>L\u2019entr\u00e9e est gratuite. Inscription est obligatoire aupr\u00e8s de nadia.nsayi[a]paxchristi.be ou +32479\/51.68.98.<\/p>\n<p><strong>Informations pratiques<\/strong><\/p>\n<p><strong>Heure : de 19h30 \u00e0 21h30<\/strong><br \/>\n<strong> Lieu : Maison Flamande Africaine KUUMBA, Rue de la Paix 35, 1050 Bruxelles (m\u00e9tro Porte de Namur)<\/strong><br \/>\n<strong> Langue : N\u00e9erlandais et Fran\u00e7ais<\/strong><br \/>\n<\/br>\t\t<\/p>\n","protected":false},"excerpt":{"rendered":"<p>Le mercredi 4 d\u00e9cembre 2013, Broederlijk Delen et Pax Christi Vlaanderen organisent la projection du documentaire \u2018L\u2019Est du Congo, le fond du probl\u00e8me\u2019. Il s\u2019en suivra un d\u00e9bat avec la participation de Peter Verlinden, journaliste \u00e0 la VRT, et Chrispin Mvano, journaliste ind\u00e9pendant au Nord-Kivu. Depuis bient\u00f4t 20 ans, l\u2019Est du Congo est en proie [&hellip;]<\/p>\n","protected":false},"author":1,"featured_media":6115,"comment_status":"open","ping_status":"open","sticky":false,"template":"","format":"standard","meta":{"_acf_changed":false,"content-type":"","footnotes":""},"categories":[167,124,127],"tags":[],"class_list":["post-6114","post","type-post","status-publish","format-standard","has-post-thumbnail","hentry","category-belgique","category-politique-societe","category-rencontresdebats"],"acf":[],"_links":{"self":[{"href":"https:\/\/congolobilelo.com\/IN\/wp-json\/wp\/v2\/posts\/6114","targetHints":{"allow":["GET"]}}],"collection":[{"href":"https:\/\/congolobilelo.com\/IN\/wp-json\/wp\/v2\/posts"}],"about":[{"href":"https:\/\/congolobilelo.com\/IN\/wp-json\/wp\/v2\/types\/post"}],"author":[{"embeddable":true,"href":"https:\/\/congolobilelo.com\/IN\/wp-json\/wp\/v2\/users\/1"}],"replies":[{"embeddable":true,"href":"https:\/\/congolobilelo.com\/IN\/wp-json\/wp\/v2\/comments?post=6114"}],"version-history":[{"count":0,"href":"https:\/\/congolobilelo.com\/IN\/wp-json\/wp\/v2\/posts\/6114\/revisions"}],"wp:featuredmedia":[{"embeddable":true,"href":"https:\/\/congolobilelo.com\/IN\/wp-json\/"}],"wp:attachment":[{"href":"https:\/\/congolobilelo.com\/IN\/wp-json\/wp\/v2\/media?parent=6114"}],"wp:term":[{"taxonomy":"category","embeddable":true,"href":"https:\/\/congolobilelo.com\/IN\/wp-json\/wp\/v2\/categories?post=6114"},{"taxonomy":"post_tag","embeddable":true,"href":"https:\/\/congolobilelo.com\/IN\/wp-json\/wp\/v2\/tags?post=6114"}],"curies":[{"name":"wp","href":"https:\/\/api.w.org\/{rel}","templated":true}]}}