{"id":6108,"date":"2013-11-17T12:28:50","date_gmt":"2013-11-17T12:28:50","guid":{"rendered":"http:\/\/www.ingeta.com\/?p=6108"},"modified":"2013-11-17T12:28:50","modified_gmt":"2013-11-17T12:28:50","slug":"conference-debat-que-reste-t-il-de-nos-heros-le-19-novembre-2013-a-bruxelles","status":"publish","type":"post","link":"https:\/\/congolobilelo.com\/IN\/conference-debat-que-reste-t-il-de-nos-heros-le-19-novembre-2013-a-bruxelles\/","title":{"rendered":"Conf\u00e9rence-D\u00e9bat : Que reste-t-il de nos h\u00e9ros?  &#8211; Le 19 novembre 2013 \u00e0 Bruxelles"},"content":{"rendered":"<p>\t\t\t\tConf\u00e9rence-D\u00e9bat : Que reste-t-il de nos h\u00e9ros? D\u00e9bat transg\u00e9n\u00e9rationel autour de la Place Patrice E. Lumumba \u00e0 Bruxelles.<\/p>\n<p>Il a \u00e9t\u00e9 soulev\u00e9 il y a quelques semaines sous l&#8217;\u00e9gide d&#8217;une action citoyenne \u00e0 Bruxelles, la question de la reconnaissance d&#8217;une Place Patrice E. Lumumba dans le quartier de Matonge \u00e0 Bruxelles.<\/p>\n<p>Cette question qui a \u00e9t\u00e9 pr\u00e9sent\u00e9e au Conseil Communal d&#8217;Ixelles est le point de d\u00e9part de la r\u00e9flexion que nous entendons mener avec Elikia M&#8217;Bokolo, Ludo De Witte, Monique Mbeka Phoba, Gia Abrassart, Kalvin Soiresse, Philip Buyck,&#8230;<\/p>\n<p>Mod\u00e9ration par Michel Lutumbue<\/p>\n<p>Cet \u00e9v\u00e9nement est le fruit de la collaboration entre plusieurs associations bruxelloises: Roots Events, Sous l&#8217;arbre \u00e0 palabre (Radio Campus), l&#8217;\u00e9mission Africana (Radio Campus), M\u00e9moires Coloniale et Lutte contre les Discriminations.<\/p>\n<p>Avec le soutien de l&#8217;IHECS.<\/p>\n<p><strong>Date et heures : Mardi 19 novembre 2013 \u00e0 partir de 19h<br \/>\nAdresse : IHECS, Auditoire BV3, rue de l&#8217;Etuve 50 &#8211; 60 \u00e0 1000 Bruxelles<\/strong><\/p>\n","protected":false},"excerpt":{"rendered":"<p>Conf\u00e9rence-D\u00e9bat : Que reste-t-il de nos h\u00e9ros? D\u00e9bat transg\u00e9n\u00e9rationel autour de la Place Patrice E. Lumumba \u00e0 Bruxelles. Il a \u00e9t\u00e9 soulev\u00e9 il y a quelques semaines sous l&#8217;\u00e9gide d&#8217;une action citoyenne \u00e0 Bruxelles, la question de la reconnaissance d&#8217;une Place Patrice E. Lumumba dans le quartier de Matonge \u00e0 Bruxelles. Cette question qui a [&hellip;]<\/p>\n","protected":false},"author":1,"featured_media":6109,"comment_status":"open","ping_status":"open","sticky":false,"template":"","format":"standard","meta":{"_acf_changed":false,"content-type":"","footnotes":""},"categories":[145,124,127],"tags":[],"class_list":["post-6108","post","type-post","status-publish","format-standard","has-post-thumbnail","hentry","category-conferences-salons","category-politique-societe","category-rencontresdebats"],"acf":[],"_links":{"self":[{"href":"https:\/\/congolobilelo.com\/IN\/wp-json\/wp\/v2\/posts\/6108","targetHints":{"allow":["GET"]}}],"collection":[{"href":"https:\/\/congolobilelo.com\/IN\/wp-json\/wp\/v2\/posts"}],"about":[{"href":"https:\/\/congolobilelo.com\/IN\/wp-json\/wp\/v2\/types\/post"}],"author":[{"embeddable":true,"href":"https:\/\/congolobilelo.com\/IN\/wp-json\/wp\/v2\/users\/1"}],"replies":[{"embeddable":true,"href":"https:\/\/congolobilelo.com\/IN\/wp-json\/wp\/v2\/comments?post=6108"}],"version-history":[{"count":0,"href":"https:\/\/congolobilelo.com\/IN\/wp-json\/wp\/v2\/posts\/6108\/revisions"}],"wp:featuredmedia":[{"embeddable":true,"href":"https:\/\/congolobilelo.com\/IN\/wp-json\/"}],"wp:attachment":[{"href":"https:\/\/congolobilelo.com\/IN\/wp-json\/wp\/v2\/media?parent=6108"}],"wp:term":[{"taxonomy":"category","embeddable":true,"href":"https:\/\/congolobilelo.com\/IN\/wp-json\/wp\/v2\/categories?post=6108"},{"taxonomy":"post_tag","embeddable":true,"href":"https:\/\/congolobilelo.com\/IN\/wp-json\/wp\/v2\/tags?post=6108"}],"curies":[{"name":"wp","href":"https:\/\/api.w.org\/{rel}","templated":true}]}}