{"id":6088,"date":"2013-11-11T09:11:29","date_gmt":"2013-11-11T09:11:29","guid":{"rendered":"http:\/\/www.ingeta.com\/?p=6088"},"modified":"2013-11-11T09:11:29","modified_gmt":"2013-11-11T09:11:29","slug":"commemoration-pour-la-reconnaissance-du-genocide-au-congo-26-novembre-2013-a-bruxelles","status":"publish","type":"post","link":"https:\/\/congolobilelo.com\/IN\/commemoration-pour-la-reconnaissance-du-genocide-au-congo-26-novembre-2013-a-bruxelles\/","title":{"rendered":"Comm\u00e9moration pour la Reconnaissance du G\u00e9nocide au Congo &#8211; 26 novembre 2013 \u00e0 Bruxelles"},"content":{"rendered":"<p>\t\t\t\t<em>Les structures Change in Congo et Congo Lobbying vous invitent la comm\u00e9moration du g\u00e9nocide au Congo.<\/em><\/p>\n<p>&nbsp;<\/p>\n<p><strong>MARDI 26 novembre* 2013<\/strong><\/p>\n<p>10h : Messe Notre Dame de Lourdes, av Charles Woeste, 1090 Jette M\u00e9tro Belgica, Tram 51.<\/p>\n<p>14h : Comm\u00e9moration pour la Reconnaissance du G\u00e9nocide au Congo.<br \/>\nLieu : Palais de Justice, Place Poelaert 1, 1000 Bruxelles, Belgique.<br \/>\nTenue de ville exig\u00e9e !! Couleurs noire et rouge.<\/p>\n<p>Les Organisateurs : Congo Lobbying et <a href=\"http:\/\/changeincongo.com\/\">Change in Congo<\/a>.<\/p>\n<p>Envoyez vos suggestions sur le site <a href=\"http:\/\/changeincongo.com\/index.php?option=com_contact&amp;view=contact&amp;id=1&amp;Itemid=110\">changeincongo.com<\/a>.<\/p>\n<p>&nbsp;<\/p>\n<p><iframe loading=\"lazy\" src=\"\/\/www.youtube.com\/embed\/WlhkohzSiUk\" height=\"360\" width=\"640\" allowfullscreen=\"\" frameborder=\"0\"><\/iframe><\/p>\n<p><em>&#8220;Nous vous invitons tr\u00e8s chers compatriotes congolais \u00e0 vous emparer de votre histoire: Le 26 novembre devient une date historique pour nous les congolais, o\u00f9 chaque ann\u00e9e nous allons comm\u00e9morer la reconnaissance du g\u00e9nocide congolais. Nous allons enseigner cette date \u00e0 nos enfants et aux g\u00e9n\u00e9rations futures afin que tous ensemble nous puissions dire &#8216;plus jamais \u00e7a&#8217;. Et \u00e9tant ma\u00eetres de notre histoire, il est \u00e0 gager que nous serons tr\u00e8s alertes pour ne pas avoir \u00e0 revivre cela.&#8221;<\/em>\u00a0&#8211;\u00a0Joseph Mbeka<\/p>\n<p>&#8212;&#8212;&#8212;&#8212;&#8212;&#8212;&#8212;&#8212;&#8212;&#8212;&#8212;&#8212;<\/p>\n<p>*Le 26 novembre 1884 se d\u00e9cidait \u00e0 Berlin le sort de l&#8217;Afrique et le Congo tomba dans l&#8217;escarcelle de L\u00e9opold II, d\u00e9j\u00e0 soutenu dans sa d\u00e9marche par les USA.<\/p>\n<p>&nbsp;\t\t<\/p>\n","protected":false},"excerpt":{"rendered":"<p>Les structures Change in Congo et Congo Lobbying vous invitent la comm\u00e9moration du g\u00e9nocide au Congo. &nbsp; MARDI 26 novembre* 2013 10h : Messe Notre Dame de Lourdes, av Charles Woeste, 1090 Jette M\u00e9tro Belgica, Tram 51. 14h : Comm\u00e9moration pour la Reconnaissance du G\u00e9nocide au Congo. Lieu : Palais de Justice, Place Poelaert 1, [&hellip;]<\/p>\n","protected":false},"author":1,"featured_media":6089,"comment_status":"open","ping_status":"open","sticky":false,"template":"","format":"standard","meta":{"_acf_changed":false,"content-type":"","footnotes":""},"categories":[139,167,124],"tags":[],"class_list":["post-6088","post","type-post","status-publish","format-standard","has-post-thumbnail","hentry","category-anniversaires-celebrations","category-belgique","category-politique-societe"],"acf":[],"_links":{"self":[{"href":"https:\/\/congolobilelo.com\/IN\/wp-json\/wp\/v2\/posts\/6088","targetHints":{"allow":["GET"]}}],"collection":[{"href":"https:\/\/congolobilelo.com\/IN\/wp-json\/wp\/v2\/posts"}],"about":[{"href":"https:\/\/congolobilelo.com\/IN\/wp-json\/wp\/v2\/types\/post"}],"author":[{"embeddable":true,"href":"https:\/\/congolobilelo.com\/IN\/wp-json\/wp\/v2\/users\/1"}],"replies":[{"embeddable":true,"href":"https:\/\/congolobilelo.com\/IN\/wp-json\/wp\/v2\/comments?post=6088"}],"version-history":[{"count":0,"href":"https:\/\/congolobilelo.com\/IN\/wp-json\/wp\/v2\/posts\/6088\/revisions"}],"wp:featuredmedia":[{"embeddable":true,"href":"https:\/\/congolobilelo.com\/IN\/wp-json\/"}],"wp:attachment":[{"href":"https:\/\/congolobilelo.com\/IN\/wp-json\/wp\/v2\/media?parent=6088"}],"wp:term":[{"taxonomy":"category","embeddable":true,"href":"https:\/\/congolobilelo.com\/IN\/wp-json\/wp\/v2\/categories?post=6088"},{"taxonomy":"post_tag","embeddable":true,"href":"https:\/\/congolobilelo.com\/IN\/wp-json\/wp\/v2\/tags?post=6088"}],"curies":[{"name":"wp","href":"https:\/\/api.w.org\/{rel}","templated":true}]}}