{"id":6072,"date":"2013-11-06T22:06:14","date_gmt":"2013-11-06T22:06:14","guid":{"rendered":"http:\/\/www.ingeta.com\/?p=6072"},"modified":"2013-11-06T22:06:14","modified_gmt":"2013-11-06T22:06:14","slug":"patrick-mbeko-guerres-imperiales-en-afrique-centrale-le-role-du-canada-de-lonu-et-des-medias","status":"publish","type":"post","link":"https:\/\/congolobilelo.com\/IN\/patrick-mbeko-guerres-imperiales-en-afrique-centrale-le-role-du-canada-de-lonu-et-des-medias\/","title":{"rendered":"Patrick Mbeko &#8211; &#8220;Guerres imp\u00e9riales en Afrique centrale: Le r\u00f4le du Canada, de l&#8217;ONU et des m\u00e9dias&#8221;"},"content":{"rendered":"<p>\t\t\t\tPatrick Mbeko est l&#8217;auteur du livre \u00ab Le Canada dans les guerres en Afrique centrale &#8211; G\u00e9nocides et pillages des ressources mini\u00e8res du Congo par le Rwanda interpos\u00e9 \u00bb. Il nous parle du r\u00f4le insoup\u00e7onn\u00e9 du Canada dans les guerres de ressources en Afrique, de la couverture biais\u00e9e de ces guerres dans les m\u00e9dias occidentaux et des v\u00e9ritables enjeux auxquels fait face aujourd&#8217;hui le continent africain.<\/p>\n<p>\u00ab Le Canada dans les guerres en Afrique centrale \u00bb est disponible aujourd&#8217;hui sur http:\/\/kiyikaat.com\/ et le sera bient\u00f4t sur http:\/\/patrickmbeko.com\/<\/p>\n<p>Entrevue r\u00e9alis\u00e9e par Julie L\u00e9vesque pour <a href=\"http:\/\/www.mondialisation.ca\">Mondialisation.ca<\/a>, le 13 septembre 2013.<\/p>\n<p><iframe loading=\"lazy\" width=\"560\" height=\"360\" src=\"\/\/www.youtube.com\/embed\/IBuElAcVdd0\" frameborder=\"0\" allowfullscreen><\/iframe>\t\t<\/p>\n","protected":false},"excerpt":{"rendered":"<p>Patrick Mbeko est l&#8217;auteur du livre \u00ab Le Canada dans les guerres en Afrique centrale &#8211; G\u00e9nocides et pillages des ressources mini\u00e8res du Congo par le Rwanda interpos\u00e9 \u00bb. Il nous parle du r\u00f4le insoup\u00e7onn\u00e9 du Canada dans les guerres de ressources en Afrique, de la couverture biais\u00e9e de ces guerres dans les m\u00e9dias occidentaux [&hellip;]<\/p>\n","protected":false},"author":1,"featured_media":6073,"comment_status":"open","ping_status":"open","sticky":false,"template":"","format":"video","meta":{"_acf_changed":false,"content-type":"","footnotes":""},"categories":[148,120,124,133],"tags":[],"class_list":["post-6072","post","type-post","status-publish","format-video","has-post-thumbnail","hentry","category-documents-presse","category-mondialisation","category-politique-societe","category-videos","post_format-post-format-video"],"acf":[],"_links":{"self":[{"href":"https:\/\/congolobilelo.com\/IN\/wp-json\/wp\/v2\/posts\/6072","targetHints":{"allow":["GET"]}}],"collection":[{"href":"https:\/\/congolobilelo.com\/IN\/wp-json\/wp\/v2\/posts"}],"about":[{"href":"https:\/\/congolobilelo.com\/IN\/wp-json\/wp\/v2\/types\/post"}],"author":[{"embeddable":true,"href":"https:\/\/congolobilelo.com\/IN\/wp-json\/wp\/v2\/users\/1"}],"replies":[{"embeddable":true,"href":"https:\/\/congolobilelo.com\/IN\/wp-json\/wp\/v2\/comments?post=6072"}],"version-history":[{"count":0,"href":"https:\/\/congolobilelo.com\/IN\/wp-json\/wp\/v2\/posts\/6072\/revisions"}],"wp:featuredmedia":[{"embeddable":true,"href":"https:\/\/congolobilelo.com\/IN\/wp-json\/"}],"wp:attachment":[{"href":"https:\/\/congolobilelo.com\/IN\/wp-json\/wp\/v2\/media?parent=6072"}],"wp:term":[{"taxonomy":"category","embeddable":true,"href":"https:\/\/congolobilelo.com\/IN\/wp-json\/wp\/v2\/categories?post=6072"},{"taxonomy":"post_tag","embeddable":true,"href":"https:\/\/congolobilelo.com\/IN\/wp-json\/wp\/v2\/tags?post=6072"}],"curies":[{"name":"wp","href":"https:\/\/api.w.org\/{rel}","templated":true}]}}