{"id":6045,"date":"2013-10-28T21:36:30","date_gmt":"2013-10-28T21:36:30","guid":{"rendered":"http:\/\/www.ingeta.com\/?p=6045"},"modified":"2013-10-28T21:36:30","modified_gmt":"2013-10-28T21:36:30","slug":"discours-decisions-concertations-pourquoi-joseph-kabila-a-tout-faux","status":"publish","type":"post","link":"https:\/\/congolobilelo.com\/IN\/discours-decisions-concertations-pourquoi-joseph-kabila-a-tout-faux\/","title":{"rendered":"Discours, d\u00e9cisions, concertations : Pourquoi Joseph Kabila a tout faux !"},"content":{"rendered":"<p>\t\t\t\tL\u2019analyste politique Jean-Pierre Mbelu expose les (manques de)fondements historique, politique et \u00e9conomique du discours de Kabila devant le congr\u00e8s congolais, rappelle pourquoi en 1960, comme aujourd\u2019hui, l\u2019avenir de l\u2019Afrique se joue au Congo.<\/p>\n<p><iframe loading=\"lazy\" src=\"\/\/www.youtube.com\/embed\/mb9hvDaVDJo\" height=\"360\" width=\"560\" allowfullscreen=\"\" frameborder=\"0\"><\/iframe><\/p>\n<p><strong>Sur la position de Kabila, en tant qu\u2019acteur politique, devant le congr\u00e8s<\/strong><\/p>\n<blockquote><p>Si vous lisez attentivement ce discours, vous vous rendrez compte qu\u2019il se situe en marge de l\u2019histoire. Ce discours est prononc\u00e9 apr\u00e8s tant d\u2019autres\u2026 Il aurait \u00e9t\u00e9 souhaitable que Joseph Kabila commence par rendre compte des \u0153uvres qu\u2019il a pos\u00e9es et r\u00e9alis\u00e9es depuis qu\u2019il a usurp\u00e9e le pouvoir en 2001. Mais au lieu de proc\u00e9der \u00e0 cet exercice l\u00e0, on le voit passer d\u2019un discours \u00e0 un autre, et presque tous ces discours contiennent des promesses et des belles intentions qui ne sont jamais suivies d\u2019\u00e9valuation.<br \/>\nJoseph Kabila a usurp\u00e9 le pouvoir en 2001. Il a \u00e9t\u00e9 impos\u00e9 \u00e0 la t\u00eate du Congo, par les chasseurs des mati\u00e8res premi\u00e8res, en 2006. Il a fraud\u00e9 aux \u00e9lections en 2011 : Joseph Kabila a tout faux. Il ne m\u00e9rite m\u00eame pas d\u2019\u00eatre pris au s\u00e9rieux comme acteur politique.<\/p><\/blockquote>\n<p><strong>Sur le fondement historico-politique du discours de Kabila<\/strong><\/p>\n<blockquote><p>Si nous le repla\u00e7ons comme acteur apparent de notre histoire tel quelle est en train de se faire depuis la guerre de l\u2019AFDL, Joseph Kabila est venu dans les malles d\u2019une guerre foment\u00e9e par le Rwanda et l\u2019Ouganda, soutenus par leurs parrains ext\u00e9rieurs, anglo-saxons principalement. Ils ont fait croire qu\u2019ils venaient lib\u00e9rer les Congolais et les Congolaises pendant qu\u2019ils menaient une guerre d\u2019agression et de pr\u00e9dation.<br \/>\nComment peut-on pr\u00e9tendre, apr\u00e8s avoir men\u00e9 une guerre d\u2019agression et de pr\u00e9dation, lib\u00e9rer un peuple ? Ils nous ont menti et on ne peut pas fonder un discours politique sur un mensonge.<br \/>\nEnsuite, les commanditaires de cette guerre d\u2019agression ont \u00e9t\u00e9 mis \u00e0 nu. Il y a eu des rapports qui ont prouv\u00e9 noir sur blanc que leurs proxis, Kagam\u00e9 et Museveni, ont servi comme les nouveaux leaders de la renaissance africaine telle qu\u2019elle a \u00e9t\u00e9 con\u00e7ue par Washington. Aujourd\u2019hui, nous avons m\u00eame des preuves \u00e9crites que c\u2019est Kagam\u00e9 qui a mont\u00e9 les forces n\u00e9gatives qu\u2019il est cens\u00e9 combattre au Congo.<br \/>\nDu point de vue historique, Kabila n\u2019a pas de fondements \u00e0 donner \u00e0 ce discours.<\/p><\/blockquote>\n<p><strong>Sur l\u2019absence de fondement \u00e9conomique du discours de Kabila<\/strong><\/p>\n<blockquote><p>Du point de vue \u00e9conomique, Kabila n\u2019a pas de fondements \u00e0 donner \u00e0 son discours. Il s\u2019est engag\u00e9 dans une guerre de pr\u00e9dation. C\u2019est donc le capitalisme pr\u00e9dateur qui sert de matrice organisationnelle \u00e0 la guerre Joseph Kabila et les membres de l\u2019AFDL ont particip\u00e9. On ne peut pas, \u00e0 partir d\u2019un fondement de pr\u00e9dation, tenir un discours qui annonce combattre la corruption, ou encore s\u2019en prendre \u00e0 ceux qui se sont enrichis illicitement. Parce que le capitalisme pr\u00e9dateur ou le n\u00e9olib\u00e9ralisme est fondamentalement un syst\u00e8me \u00e9conomique corrompu, de pr\u00e9dation, de violence et ce syst\u00e8me ne peut fonctionner qu\u2019avec l\u2019appui des \u00e9lites compradores, \u00e9lites auxquelles appartient Joseph Kabila et beaucoup de membres de la Kabilie.<\/p><\/blockquote>\n<p><strong>Sur l\u2019audience vis\u00e9e par le discours de Kabila<\/strong><\/p>\n<blockquote><p>Le discours que Kabila a pr\u00e9sent\u00e9 est un discours sans fondement historique, politique et \u00e9conomique solide. C\u2019est un discours servi aux amn\u00e9siques d\u2019entre nous. Cela d\u2019autant plus que, avec l\u2019appui du capitalisme pr\u00e9dateur, il a usurp\u00e9 le pouvoir en 2001 apr\u00e8s l\u2019assassinat de Laurent d\u00e9sir\u00e9 kabila. Et quand il a \u00e9t\u00e9 confirm\u00e9 en 2006, c\u2019\u00e9tait avec le soutien des chasseurs de mati\u00e8res premi\u00e8res. Il vient de tricher aux \u00e9lections de 2011.<br \/>\nDepuis la guerre de l\u2019AFDL, le pouvoir qui pr\u00e9tend g\u00e9rer le Congo aujourd\u2019hui ne jouit d\u2019aucune l\u00e9gitimit\u00e9 politique. Comment pouvons-nous nous engager sur un discours d\u2019un acteur apparent qui ne jouit d\u2019aucune l\u00e9gitimit\u00e9 politique, un monsieur qui tient un discours dont les fondements politiques et \u00e9conomiques sont bidons.<br \/>\nDiscuter sur le discours de Kabila devant le congr\u00e8s, c\u2019est faire le jeu de ceux qui voudraient prendre les congolais pour des amn\u00e9siques. Ceux qui ont applaudi, son discours des deux mains, sont les politiciens du ventre.<\/p><\/blockquote>\n<p><strong>Sur Kabila et le s\u00e9nat mobutiste congolais<\/strong><\/p>\n<blockquote><p>Le s\u00e9nat n\u2019a pas \u00e9t\u00e9 renouvel\u00e9 apr\u00e8s les \u00e9lections bidons de 2011. Chercher \u00e0 travailler avec les mobutistes qui sont au s\u00e9nat, c\u2019est affirmer, 16 ans apr\u00e8s la guerre de l\u2019AFDL que la question n\u2019\u00e9tait pas de chasser les mobutistes du pouvoir. Comment voulez-vous, apr\u00e8s nous avoir convaincu que l\u2019AFDL avait pris les armes pour chasser les mobutistes du pouvoir, on puisse aujourd\u2019hui travailler avec un s\u00e9nat g\u00e9r\u00e9 par un mobutiste pur et dur et beaucoup d\u2019autres de ses amis. Et on nous fait croire que le s\u00e9nat, et le parlement, vont assurer le suivi des d\u00e9cisions qui auraient \u00e9t\u00e9 prises aux concertations nationales. Non, c\u2019est une fa\u00e7on de se moquer des congolais et des congolaises.<\/p><\/blockquote>\n<p><strong>Sur les discours de coh\u00e9sion, leur suivi et la guerre d\u2019usure<\/strong><\/p>\n<blockquote><p>Il n\u2019y a pas de coh\u00e9sion au Congo. La guerre s\u00e9vit toujours entre le M23 et les FARDC soutenus par la brigade d\u2019intervention de la MONUSCO. Tous les discours, toutes les d\u00e9cisions de ces concertations nationales participent de la guerre d\u2019usure. N\u2019oublions jamais que la guerre dans laquelle notre pays est engag\u00e9, est aussi une guerre d\u2019usure. Elle dure, elle d\u00e9structure les esprits et les c\u0153urs, elle d\u00e9truit les familles, elle chasse les populations de leur terre pour en faire les b\u00e9n\u00e9ficiaires de la charit\u00e9 des ONG internationales et les entreprises multinationales qui sont en train de voler nos mati\u00e8res premi\u00e8res, viennent les prendre comme des biens sans ma\u00eetres. Il ne faut donc pas se laisser berner par ces fameuses d\u00e9cisions qui nous parlent d\u2019un comit\u00e9 de suivi.<\/p><\/blockquote>\n<p><strong>Sur le rapatriement des corps de Mobutu et de Tshomb\u00e9<\/strong><\/p>\n<blockquote><p>En quoi le rapatriement de cadavres va \u0153uvrer pour la coh\u00e9sion nationale, pendant que la justice sociale n\u2019est pas assur\u00e9e, pendant que le pluralisme politique n\u2019est pas promu, pendant que les terres congolaises sont vendues chaque jour comme carr\u00e9 minier, pendant que l\u2019enrichissement illicite et sans cause se poursuit.<br \/>\nCe sont des mesures prises pour \u00e9largir la majorit\u00e9 pr\u00e9datrice. C\u2019est une mani\u00e8re pour les partisans de la Kabilie de dire qu\u2019ils ne sont pas venus au Congo pour chasser les mobutistes. Ils venaient pour reproduire et m\u00eame aller au-del\u00e0 de ce que ce syst\u00e8me avait pu faire pendant 32 ans.<\/p><\/blockquote>\n<p><strong>Sur le MLC et les concertations nationales<\/strong><\/p>\n<blockquote><p>Il ne faut pas oublier que le MLC est un mouvement cr\u00e9\u00e9 par l\u2019Ouganda, comme l\u2019AFDL, comme le RCD, comme le CNDP, comme le M23 ont \u00e9t\u00e9 cr\u00e9\u00e9s par le Rwanda. Il s\u2019agit de milices cr\u00e9\u00e9es par les marionnettes instrumentalis\u00e9es par les oligarchies d\u2019argent qui nous m\u00e8nent la guerre.<br \/>\nQu\u2019il y ait une r\u00e9conciliation entre le MLC et l\u2019AFDL et affili\u00e9s (PPRD, CNDP, M23), il n\u2019y a rien \u00e0 redire. Et cela ne devrait pas nous \u00e9tonner. Mais, m\u00eame s\u2019ils appliquaient la justice internationale, n\u2019oubliez pas que les guerres qui sont men\u00e9es chez nous sont aussi les guerres de la politique et de la justice internationales. Ce sont des arrangements qu\u2019ils peuvent trouver avec leurs parrains. M\u00eame les chefs d\u2019Etat impliqu\u00e9s dans les crimes en Afrique commencent \u00e0 en avoir marre de la cour p\u00e9nale internationale.<\/p><\/blockquote>\n<p><strong>Sur l\u2019implication de la communaut\u00e9 internationale aux concertations<\/strong><\/p>\n<blockquote><p>Sassou est revenu au pouvoir par un coup d\u2019Etat. Il ne peut qu\u2019avaliser les m\u00e9thodes d\u2019autres pr\u00e9sidents africains qui reviennent au pouvoir par un coup d\u2019Etat.<br \/>\nSur Mme Zuma? Il ne faut pas oublier les accointances entre Kabila et le pr\u00e9sident de l\u2019Afrique du Sud.<br \/>\nEt n\u2019oublions que l\u2019Union Africaine est financ\u00e9e pour une grande part par l\u2019union europ\u00e9enne, qui a particip\u00e9 aux crimes commis au Congo apr\u00e8s les \u00e9lections de 2006, comme des documents publi\u00e9s dans le livre de Charles Onana l\u2019attestent.<\/p><\/blockquote>\n<p><strong>Sur le r\u00f4le de l\u2019ONU au Congo<\/strong><\/p>\n<blockquote><p>En 1960, l\u2019ONU \u00e9tait au Congo sous le commandement des grandes puissances qui voulaient d\u00e9j\u00e0 \u00e0 ce moment l\u00e0, balkaniser le Congo, parce qu\u2019elles se disaient, si le Congo prend son envol, c\u2019est toute l\u2019Afrique qui prend son envol. L\u2019avenir de l\u2019Afrique se joue au Congo, hier comme aujourd\u2019hui. Beaucoup de congolais ont \u00e9t\u00e9 utilis\u00e9s comme marionnettes par les grandes puissances du monde qui avaient instrumentalis\u00e9es l\u2019ONU. Et, c\u2019est ce qui joue encore une fois aujourd\u2019hui.<br \/>\nParce que ces grandes puissances sur le d\u00e9clin se rendent compte que nous ne faisons aucune allusion \u00e0 notre histoire. Nous naviguons \u00e0 vue, sans boussole historique. C\u2019est ainsi que Tshibanda, en tant que ministre des affaires \u00e9trang\u00e8res, participe \u00e0 la mort lente de notre pays et fait l\u2019\u00e9loge de l\u2019ONU, en oubliant qu\u2019il y a au Congo, depuis plus de 10 ans, au moins 17000 casques bleus qui n\u2019arrivent pas \u00e0 en finir avec ceux qu\u2019ils appellent les forces n\u00e9gatives et forcent le Congo \u00e0 aller n\u00e9gocier \u00e0 Kampala, tout en sachant que l\u2019homme de Kampala, comme celui de Kigali, sont les instigateurs, leurs marionnettes dans la mise en coupe r\u00e9gl\u00e9e du Congo. Les pays qui se respectent ne font plus appel \u00e0 l\u2019ONU.<\/p><\/blockquote>\n<p><\/br>\t\t<\/p>\n","protected":false},"excerpt":{"rendered":"<p>L\u2019analyste politique Jean-Pierre Mbelu expose les (manques de)fondements historique, politique et \u00e9conomique du discours de Kabila devant le congr\u00e8s congolais, rappelle pourquoi en 1960, comme aujourd\u2019hui, l\u2019avenir de l\u2019Afrique se joue au Congo. Sur la position de Kabila, en tant qu\u2019acteur politique, devant le congr\u00e8s Si vous lisez attentivement ce discours, vous vous rendrez compte [&hellip;]<\/p>\n","protected":false},"author":1,"featured_media":6046,"comment_status":"open","ping_status":"open","sticky":false,"template":"","format":"standard","meta":{"_acf_changed":false,"content-type":"","footnotes":""},"categories":[107,124],"tags":[],"class_list":["post-6045","post","type-post","status-publish","format-standard","has-post-thumbnail","hentry","category-analyses-commentaires","category-politique-societe"],"acf":[],"_links":{"self":[{"href":"https:\/\/congolobilelo.com\/IN\/wp-json\/wp\/v2\/posts\/6045","targetHints":{"allow":["GET"]}}],"collection":[{"href":"https:\/\/congolobilelo.com\/IN\/wp-json\/wp\/v2\/posts"}],"about":[{"href":"https:\/\/congolobilelo.com\/IN\/wp-json\/wp\/v2\/types\/post"}],"author":[{"embeddable":true,"href":"https:\/\/congolobilelo.com\/IN\/wp-json\/wp\/v2\/users\/1"}],"replies":[{"embeddable":true,"href":"https:\/\/congolobilelo.com\/IN\/wp-json\/wp\/v2\/comments?post=6045"}],"version-history":[{"count":0,"href":"https:\/\/congolobilelo.com\/IN\/wp-json\/wp\/v2\/posts\/6045\/revisions"}],"wp:featuredmedia":[{"embeddable":true,"href":"https:\/\/congolobilelo.com\/IN\/wp-json\/"}],"wp:attachment":[{"href":"https:\/\/congolobilelo.com\/IN\/wp-json\/wp\/v2\/media?parent=6045"}],"wp:term":[{"taxonomy":"category","embeddable":true,"href":"https:\/\/congolobilelo.com\/IN\/wp-json\/wp\/v2\/categories?post=6045"},{"taxonomy":"post_tag","embeddable":true,"href":"https:\/\/congolobilelo.com\/IN\/wp-json\/wp\/v2\/tags?post=6045"}],"curies":[{"name":"wp","href":"https:\/\/api.w.org\/{rel}","templated":true}]}}